{"id":21283,"date":"2017-11-08T16:15:37","date_gmt":"2017-11-08T19:15:37","guid":{"rendered":"http:\/\/anprotec.org.br\/site\/?p=21283"},"modified":"2017-11-08T17:01:47","modified_gmt":"2017-11-08T20:01:47","slug":"vice-presidente-da-anprotec-participa-de-conferencia-de-mentoria-de-negocios","status":"publish","type":"post","link":"https:\/\/anprotec.org.br\/site\/2017\/11\/vice-presidente-da-anprotec-participa-de-conferencia-de-mentoria-de-negocios\/","title":{"rendered":"[:pt]Vice-presidente da Anprotec participa de confer\u00eancia sobre mentoria de neg\u00f3cios [:]"},"content":{"rendered":"<p>[:pt]<\/p>\n<p style=\"text-align: justify\"><span style=\"font-weight: 400\"><img decoding=\"async\" loading=\"lazy\" class=\"alignleft size-thumbnail wp-image-21285\" src=\"https:\/\/anprotec.org.br\/site\/wp-content\/uploads\/2017\/11\/CAMNE-Site-270x160.jpg\" alt=\"CAMNE Site\" width=\"270\" height=\"160\" srcset=\"https:\/\/anprotec.org.br\/site\/wp-content\/uploads\/2017\/11\/CAMNE-Site-270x160.jpg 270w, https:\/\/anprotec.org.br\/site\/wp-content\/uploads\/2017\/11\/CAMNE-Site-300x178.jpg 300w, https:\/\/anprotec.org.br\/site\/wp-content\/uploads\/2017\/11\/CAMNE-Site-768x455.jpg 768w, https:\/\/anprotec.org.br\/site\/wp-content\/uploads\/2017\/11\/CAMNE-Site-1024x607.jpg 1024w, https:\/\/anprotec.org.br\/site\/wp-content\/uploads\/2017\/11\/CAMNE-Site.jpg 1477w\" sizes=\"(max-width: 270px) 100vw, 270px\" \/>Com a participa\u00e7\u00e3o de Jos\u00e9 Aranha, vice-presidente da Anprotec, durante os dias 18 e 19 de novembro, no Rio de Janeiro (RJ), acontece a CAMNE, primeira confer\u00eancia nacional de mentoria de neg\u00f3cios do pa\u00eds. Realizado pela ABMEN (Associa\u00e7\u00e3o Brasileira dos Mentores de Neg\u00f3cios), o evento reunir\u00e1 grandes nomes do ecossistema de empreendedorismo e inova\u00e7\u00e3o para tratar de temas ligados \u00e0 mentoria e promover muita troca de conhecimento, reflex\u00f5es e networking.<\/span><\/p>\n<p style=\"text-align: justify\"><span style=\"font-weight: 400\">Al\u00e9m de Aranha, tamb\u00e9m confirmaram presen\u00e7a: <\/span><\/p>\n<ul style=\"text-align: justify\">\n<li style=\"font-weight: 400\"><b>Ot\u00e1vio Leite<\/b><span style=\"font-weight: 400\"> &#8211; Deputado Federal pelo Rio de Janeiro<\/span><\/li>\n<li style=\"font-weight: 400\"><b>Robert Janssen<\/b><span style=\"font-weight: 400\"> \u2013 CEO OBr (Outsource Brasil); Vice-presidente da ASSESPRO; Senior Advisor da SOFTEX <\/span><\/li>\n<li style=\"font-weight: 400\"><b>Leandro Lyra<\/b><span style=\"font-weight: 400\"> \u2013 Vereador da cidade do Rio de Janeiro<\/span><\/li>\n<li style=\"font-weight: 400\"><b>Claudio D&#8217;Ipolitto<\/b><span style=\"font-weight: 400\"> &#8211; Mentor do Founder Institute; Doutor em Inova\u00e7\u00e3o pela COPPE\/UFRJ; Diretor de Inova\u00e7\u00e3o da ABMEN<\/span><\/li>\n<li style=\"font-weight: 400\"><b>Alex Jacobs<\/b><span style=\"font-weight: 400\"> &#8211; Diretor da ANPROTEC; s\u00f3cio fundador da OBr (Outsource Brasil)<\/span><\/li>\n<li style=\"font-weight: 400\"><b>Carla Cristina da Costa<\/b><span style=\"font-weight: 400\"> &#8211; CEO da Visionaris; Doutora em Design Estrat\u00e9gico pela PUC-Rio<\/span><\/li>\n<li style=\"font-weight: 400\"><b>Alberto Bastos<\/b><span style=\"font-weight: 400\"> &#8211; Fundador e Diretor de Tecnologia da Modulo Security<\/span><\/li>\n<li style=\"font-weight: 400\"><b>Eduardo Nogueira<\/b><span style=\"font-weight: 400\"> &#8211; Vice-presidente da ABMEN; s\u00f3cios fundador da INNASA<\/span><\/li>\n<li style=\"font-weight: 400\"><b>Caio Ramalho<\/b><span style=\"font-weight: 400\"> &#8211; Professor e pesquisador do GVcepe da FGV<\/span><\/li>\n<li style=\"font-weight: 400\"><b>Karen Cesar<\/b><span style=\"font-weight: 400\"> &#8211; CEO da RedBandana; Global MBA na Berlin School of Creative Leadership<\/span><\/li>\n<\/ul>\n<p style=\"text-align: justify\"><span style=\"font-weight: 400\">A CAMNE \u00e9 um evento da agenda oficial da Semana Global de Empreendedorismo e tem o objetivo de fomentar a discuss\u00e3o sobre mentoria de neg\u00f3cios no ecossistema empreendedor e contribuir para a tra\u00e7\u00e3o deste movimento. O tema deste ano, bastante prop\u00edcio ao contexto atual, ser\u00e1 \u201cA Mentoria de Neg\u00f3cios no Ecossistema Empreendedor em Transforma\u00e7\u00e3o\u201d.<\/span><\/p>\n<p style=\"text-align: justify\"><span style=\"font-weight: 400\">Confira a programa\u00e7\u00e3o: <\/span><\/p>\n<p style=\"text-align: justify\"><strong>Primeiro dia \u2013 sexta 17\/nov<\/strong><\/p>\n<p style=\"text-align: justify\"><span style=\"font-weight: 400\">8h &#8211; Credenciamento <\/span><\/p>\n<p style=\"text-align: justify\"><span style=\"font-weight: 400\">09-12h: Painel &#8211; A import\u00e2ncia da mentoria de neg\u00f3cios e os benef\u00edcios \u00e0s organiza\u00e7\u00f5es<\/span><\/p>\n<p style=\"text-align: justify\"><span style=\"font-weight: 400\">12-14h: Almo\u00e7o livre<\/span><\/p>\n<p style=\"text-align: justify\"><span style=\"font-weight: 400\">14-17h: Painel &#8211; Modelos de mentoria, ferramentas e aplica\u00e7\u00f5es<\/span><\/p>\n<p style=\"text-align: justify\"><span style=\"font-weight: 400\">18-19h: Happy Networking<\/span><\/p>\n<p style=\"text-align: justify\"><strong>Segundo dia \u2013 s\u00e1bado 18\/nov<\/strong><\/p>\n<p style=\"text-align: justify\"><span style=\"font-weight: 400\">09-12h: Painel &#8211; Transforma\u00e7\u00e3o de neg\u00f3cios por meio da mentoria<\/span><\/p>\n<p style=\"text-align: justify\"><span style=\"font-weight: 400\">12-14h: Almo\u00e7o livre <\/span><\/p>\n<p style=\"text-align: justify\"><span style=\"font-weight: 400\">14-17h: Estudos de caso e mentoria na pr\u00e1tica<\/span><\/p>\n<p style=\"text-align: justify\"><span style=\"font-weight: 400\">18-19h: Happy networking<\/span><\/p>\n<p style=\"text-align: justify\"><span style=\"font-weight: 400\"><strong>Mais informa\u00e7\u00f5es em<\/strong>: bit.ly\/camne <\/span><\/p>\n<p>[:]<\/p>\n","protected":false},"excerpt":{"rendered":"<p>[:pt]Realizado pela ABMEN, o evento reunir\u00e1 grandes nomes do ecossistema de empreendedorismo e inova\u00e7\u00e3o para tratar da mentoria no contexto atual. [:]<\/p>\n","protected":false},"author":8,"featured_media":21285,"comment_status":"open","ping_status":"open","sticky":false,"template":"","format":"standard","meta":{"footnotes":"","_links_to":"","_links_to_target":""},"categories":[3],"tags":[],"calendar":[],"_links":{"self":[{"href":"https:\/\/anprotec.org.br\/site\/wp-json\/wp\/v2\/posts\/21283"}],"collection":[{"href":"https:\/\/anprotec.org.br\/site\/wp-json\/wp\/v2\/posts"}],"about":[{"href":"https:\/\/anprotec.org.br\/site\/wp-json\/wp\/v2\/types\/post"}],"author":[{"embeddable":true,"href":"https:\/\/anprotec.org.br\/site\/wp-json\/wp\/v2\/users\/8"}],"replies":[{"embeddable":true,"href":"https:\/\/anprotec.org.br\/site\/wp-json\/wp\/v2\/comments?post=21283"}],"version-history":[{"count":4,"href":"https:\/\/anprotec.org.br\/site\/wp-json\/wp\/v2\/posts\/21283\/revisions"}],"predecessor-version":[{"id":21288,"href":"https:\/\/anprotec.org.br\/site\/wp-json\/wp\/v2\/posts\/21283\/revisions\/21288"}],"wp:featuredmedia":[{"embeddable":true,"href":"https:\/\/anprotec.org.br\/site\/wp-json\/wp\/v2\/media\/21285"}],"wp:attachment":[{"href":"https:\/\/anprotec.org.br\/site\/wp-json\/wp\/v2\/media?parent=21283"}],"wp:term":[{"taxonomy":"category","embeddable":true,"href":"https:\/\/anprotec.org.br\/site\/wp-json\/wp\/v2\/categories?post=21283"},{"taxonomy":"post_tag","embeddable":true,"href":"https:\/\/anprotec.org.br\/site\/wp-json\/wp\/v2\/tags?post=21283"},{"taxonomy":"calendar","embeddable":true,"href":"https:\/\/anprotec.org.br\/site\/wp-json\/wp\/v2\/calendar?post=21283"}],"curies":[{"name":"wp","href":"https:\/\/api.w.org\/{rel}","templated":true}]}}