{"id":21176,"date":"2017-10-30T17:08:11","date_gmt":"2017-10-30T20:08:11","guid":{"rendered":"http:\/\/anprotec.org.br\/site\/?p=21176"},"modified":"2018-09-27T13:27:44","modified_gmt":"2018-09-27T16:27:44","slug":"grande-empresa-empreendedor-e-agencia-do-governo-debatem-inovacao-na-16a-conferencia-anpei-de-inovacao","status":"publish","type":"post","link":"https:\/\/anprotec.org.br\/site\/2017\/10\/grande-empresa-empreendedor-e-agencia-do-governo-debatem-inovacao-na-16a-conferencia-anpei-de-inovacao\/","title":{"rendered":"Empresa, empreendedor e ABDI debatem inova\u00e7\u00e3o na 16\u00aa Confer\u00eancia Anpei"},"content":{"rendered":"<p style=\"text-align: justify\"><img decoding=\"async\" loading=\"lazy\" class=\"alignleft size-thumbnail wp-image-21177\" src=\"https:\/\/anprotec.org.br\/site\/wp-content\/uploads\/2017\/10\/Anpei-Confere\u0302ncia-1-270x160.jpg\" alt=\"Anpei Confere\u0302ncia-1\" width=\"270\" height=\"160\" srcset=\"https:\/\/anprotec.org.br\/site\/wp-content\/uploads\/2017\/10\/Anpei-Confere\u0302ncia-1-270x160.jpg 270w, https:\/\/anprotec.org.br\/site\/wp-content\/uploads\/2017\/10\/Anpei-Confere\u0302ncia-1-300x178.jpg 300w, https:\/\/anprotec.org.br\/site\/wp-content\/uploads\/2017\/10\/Anpei-Confere\u0302ncia-1-768x455.jpg 768w, https:\/\/anprotec.org.br\/site\/wp-content\/uploads\/2017\/10\/Anpei-Confere\u0302ncia-1.jpg 788w\" sizes=\"(max-width: 270px) 100vw, 270px\" \/>Cada dia mais, cresce a busca de empresas por startups para criar novos neg\u00f3cios que impulsionem a inova\u00e7\u00e3o. Essa pr\u00e1tica permite a forma\u00e7\u00e3o de um ecossistema empreendedor, que muda totalmente a forma como as empresas investem em tecnologia e inova\u00e7\u00e3o. Frente \u00e0 essa nova quest\u00e3o, a 16\u00aa Confer\u00eancia Anpei de Inova\u00e7\u00e3o, que acontece nos dias 31 de outubro e 1\u00ba de novembro em Belo Horizonte &#8211; MG, realizar\u00e1 um painel para debater a pr\u00e1tica de corporate venture.<\/p>\n<p style=\"text-align: justify\">O debate ser\u00e1 mediado pelo Gerente de Inova\u00e7\u00e3o da Braskem e Diretor da Anpei, Rafael Navarro, e tem o objetivo de expor o funcionamento da pr\u00e1tica de corporate venture, que cresce de forma exponencial por ser diferente dos modelos de capital de risco tradicionais, nos quais os investidores financiam o crescimento de novos neg\u00f3cios. Neste modelo, \u00e9 investido mais do que capital, ou seja, as empresas oferecem profissionais, conhecimento de mercado, estrutura operacional e canais de distribui\u00e7\u00e3o, que tamb\u00e9m t\u00eam grande valor para as startups.<\/p>\n<p style=\"text-align: justify\">Com a mudan\u00e7a de perspectiva sobre a inova\u00e7\u00e3o, as startups est\u00e3o ganhando espa\u00e7o ao propor solu\u00e7\u00f5es que tamb\u00e9m s\u00e3o de interesse das grandes empresas. Esse \u00e9 o caso da Virturian, que desenvolveu um software, a partir do conceito de Ind\u00fastria 4.0, que analisa e prev\u00ea quando algum motor el\u00e9trico apresentar\u00e1 problemas.<\/p>\n<p style=\"text-align: justify\">\u201cA tecnologia diminui o risco de paradas na produ\u00e7\u00e3o devido \u00e0 quebra de equipamentos, que pode gerar um grande preju\u00edzo para \u00e0 ind\u00fastria\u201d, conta Jo\u00e3o Marinheiro, Diretor de Vendas da Virturian, que se tornou aliada de grandes empresas que utilizam seus produtos.<\/p>\n<p style=\"text-align: justify\">Propor solu\u00e7\u00f5es para empresas de grande porte \u00e9 um dos caminhos para os neg\u00f3cios nascentes. E \u00e9 essa vis\u00e3o do empreendedor que Marinheiro mostrar\u00e1 durante o Painel Inova\u00e7\u00e3o Baseada em Novos Neg\u00f3cios, que acontece no dia 31 de outubro das 14h \u00e0s 15h no palco Meu Primeiro Neg\u00f3cio durante a 16\u00aa Confer\u00eancia Anpei em Belo Horizonte.<\/p>\n<p style=\"text-align: justify\">Para apresentar diferentes perspectivas desse tipo de inova\u00e7\u00e3o, o painel reunir\u00e1 representantes de uma grande empresa, do empreendedorismo e de uma institui\u00e7\u00e3o do governo que fomenta a rela\u00e7\u00e3o entre startups e grandes corpora\u00e7\u00f5es, representada pela Gerente de Inova\u00e7\u00e3o da Ag\u00eancia Brasileira de Desenvolvimento Industrial\u00a0(ABDI), Elisa Carlos, que falar\u00e1 sobre o programa Startup-Ind\u00fastria e a vis\u00e3o do governo na promo\u00e7\u00e3o dessa rela\u00e7\u00e3o.<\/p>\n<p style=\"text-align: justify\">De acordo com pesquisa realizada pela ABDI, com 408 empresas da ind\u00fastria de transforma\u00e7\u00e3o, 21% delas j\u00e1 realizam neg\u00f3cios com startups; 45% ainda n\u00e3o sabem como proceder, mas est\u00e3o se preparando para uma futura conex\u00e3o com empresas novas; e 21% ainda n\u00e3o t\u00eam interesse.<\/p>\n<p style=\"text-align: justify\">Junto de Marinho e Elisa, estar\u00e1 presente tamb\u00e9m o Vice-presidente de Estrat\u00e9gia e Inova\u00e7\u00e3o do Grupo Algar, que contar\u00e1 sobre a experi\u00eancia da empresa em inovar atrav\u00e9s de novos neg\u00f3cios, desde as iniciativas at\u00e9 os aprendizados. Esta \u00e9 uma das poucas empresas brasileiras a criar um fundo de investimento para inova\u00e7\u00e3o.<\/p>\n<p style=\"text-align: justify\"><strong>Confira a programa\u00e7\u00e3o da 16\u00aa Confer\u00eancia Anpei de Inova\u00e7\u00e3o<\/strong><\/p>\n<p style=\"text-align: justify\">Buscando propiciar aos seus participantes uma experi\u00eancia do ecossistema de inova\u00e7\u00e3o, atrav\u00e9s de visitas t\u00e9cnicas especialmente programadas, e com um layout integrador, pain\u00e9is, debates, experimenta\u00e7\u00f5es pr\u00e1ticas, networking e viv\u00eancias acontecer\u00e3o em ambientes integrados.<\/p>\n<p style=\"text-align: justify\">Com o tema central \u201c<strong>Vivendo a inova\u00e7\u00e3o em um mundo em transforma\u00e7\u00e3o<\/strong>\u201d, o evento ir\u00e1 discutir novos caminhos para a inova\u00e7\u00e3o em um mundo em constante e r\u00e1pida transforma\u00e7\u00e3o nas rela\u00e7\u00f5es e nos modelos de neg\u00f3cio usualmente conhecidos.<\/p>\n<p style=\"text-align: justify\">As palestras com especialistas nacionais e internacionais abordar\u00e3o tend\u00eancias e movimentos no Brasil e no mundo que podem auxiliar o pa\u00eds nas pol\u00edticas e pr\u00e1ticas para o setor de P,D&amp;I.<\/p>\n<p style=\"text-align: justify\">Confira a programa\u00e7\u00e3o completa: <a href=\"http:\/\/www.anpei.org.br\/conferencia2017\/programacao\/\">http:\/\/www.anpei.org.br\/conferencia2017\/programacao\/<\/a><\/p>\n<p style=\"text-align: justify\"><strong>Participe<\/strong><\/p>\n<p style=\"text-align: justify\">As inscri\u00e7\u00f5es est\u00e3o abertas. Fa\u00e7a a sua: <a href=\"http:\/\/www.anpei.org.br\/conferencia2017\/inscricoes\/\">http:\/\/www.anpei.org.br\/conferencia2017\/inscricoes\/<\/a><\/p>\n<p style=\"text-align: justify\"><strong>Din\u00e2mica do evento<\/strong><\/p>\n<p style=\"text-align: justify\">Nos dias 31\/10 e 01\/11, palestras, workshops e viv\u00eancias acontecer\u00e3o simultaneamente nas esta\u00e7\u00f5es e salas.<\/p>\n<ul style=\"text-align: justify\">\n<li><strong>Esta\u00e7\u00e3o conhecimento<\/strong>: Apresenta\u00e7\u00f5es simult\u00e2neas em tr\u00eas palcos diferentes. O p\u00fablico estar\u00e1 equipado com r\u00e1dios receptores e fones de ouvido que sintonizar\u00e3o os canais espec\u00edficos de cada palco.<\/li>\n<\/ul>\n<ul style=\"text-align: justify\">\n<li><strong>Esta\u00e7\u00e3o Experi\u00eancia<\/strong>: Composto por cinco palcos, sendo quatro laterais e um central, a \u00c1rea Maker, que contar\u00e1 com workshops pr\u00e1ticos, viv\u00eancias, palestras, etc.<\/li>\n<\/ul>\n<ul style=\"text-align: justify\">\n<li><strong>Salas<\/strong>: Ser\u00e3o utilizadas para a realiza\u00e7\u00e3o de cursos espec\u00edficos, de rodadas de neg\u00f3cios e da Assembleia Ordin\u00e1ria do Associados da Anpei.<\/li>\n<\/ul>\n<ul style=\"text-align: justify\">\n<li><strong>No dia 30\/10 ser\u00e3o realizadas as visitas t\u00e9cnicas<\/strong>: Importantes centros de inova\u00e7\u00e3o, pesquisa e desenvolvimento tecnol\u00f3gico de Minas Gerais poder\u00e3o ser visitados pelos inscritos na 16\u00aa Confer\u00eancia Anpei de Inova\u00e7\u00e3o, como a sede do Google, o Espa\u00e7o Seed, o Museu de Ci\u00eancia e T\u00e9cnica da UFOP, a Funda\u00e7\u00e3o Educativa de R\u00e1dio e Televis\u00e3o Ouro Preto, o Centro de Inova\u00e7\u00e3o e Tecnologia do SENAI, a Universidade Corporativa da Fiat e o Instituto Tecnol\u00f3gico Vale. Trata-se de uma \u00f3tima oportunidade de conhecer um novo ecossistema de inova\u00e7\u00e3o e de fazer networking com l\u00edderes empresariais de diferentes regi\u00f5es do Brasil. Veja os roteiros e fa\u00e7a a sua inscri\u00e7\u00e3o: <a href=\"http:\/\/www.anpei.org.br\/conferencia2017\/programacao\/visitas-tecnicas\/\">http:\/\/www.anpei.org.br\/conferencia2017\/programacao\/visitas-tecnicas\/<\/a><\/li>\n<\/ul>\n<p style=\"text-align: justify\"><strong>Sobre a Confer\u00eancia Anpei de Inova\u00e7\u00e3o <\/strong><\/p>\n<p style=\"text-align: justify\">Realizada desde 2001, a Confer\u00eancia Anpei tem se consolidado como f\u00f3rum privilegiado para o encontro de representantes de empresas, ag\u00eancias do governo e institui\u00e7\u00f5es de C,T&amp;I para discuss\u00e3o e encaminhamentos de pol\u00edticas e pr\u00e1ticas voltadas \u00e0 inova\u00e7\u00e3o nas empresas e no pa\u00eds.<\/p>\n<p style=\"text-align: justify\">Em sua \u00faltima edi\u00e7\u00e3o, ocorrida em agosto de 2015 em Recife &#8211; PE, o tema trabalhado foi \u201cInova\u00e7\u00e3o e competitividade globais\u201d. O evento reuniu 1.175 participantes em tr\u00eas dias. Deste p\u00fablico, 44% vieram de empresas, 27% de institui\u00e7\u00f5es cient\u00edficas e tecnol\u00f3gicas (ICTs), 9% de consultorias e 6% de ag\u00eancias governamentais. Os demais eram empreendedores e representantes de entidades de classe.<\/p>\n<p style=\"text-align: justify\"><strong>Parceria com a FINIT<\/strong><\/p>\n<p style=\"text-align: justify\">Nesse ano, a Confer\u00eancia Anpei de Inova\u00e7\u00e3o ser\u00e1 realizada durante a Feira Internacional de Neg\u00f3cios, Inova\u00e7\u00e3o e Tecnologia (FINIT). Organizada pela Secretaria de Desenvolvimento Econ\u00f4mico, Ci\u00eancia, Tecnologia e Ensino Superior do Estado de Minas Gerais (SEDECTES), a FINIT se destaca como um grande hub, reunindo importantes e consolidados eventos em um s\u00f3 local, tendo como p\u00fablico-alvo startups, grandes empresas, pesquisadores e profissionais das \u00e1reas de tecnologia e inova\u00e7\u00e3o.<\/p>\n<p style=\"text-align: justify\"><strong>A miss\u00e3o da Anpei <\/strong><\/p>\n<p style=\"text-align: justify\">A Anpei atua h\u00e1 mais de 30 anos com o ecossistema de inova\u00e7\u00e3o e possui expertise nesta nova din\u00e2mica mundial de modelos de intera\u00e7\u00e3o entre os principais atores, destacando-se como uma rica fonte de aprendizado, networking e articula\u00e7\u00e3o. Dentre suas a\u00e7\u00f5es, est\u00e3o o est\u00edmulo a debates com a iniciativa privada, o governo e institui\u00e7\u00f5es cient\u00edficas e tecnol\u00f3gicas para tra\u00e7ar melhores pol\u00edticas e pr\u00e1ticas para fomentar a inova\u00e7\u00e3o no pa\u00eds.<\/p>\n<p style=\"text-align: justify\"><strong>Servi\u00e7o 16\u00aa Confer\u00eancia Anpei de Inova\u00e7\u00e3o<\/strong><\/p>\n<p style=\"text-align: justify\">Data: 31 de outubro e 1\u00ba de novembro de 2017<\/p>\n<p style=\"text-align: justify\">Visita T\u00e9cnica: 30 de outubro<\/p>\n<p style=\"text-align: justify\">Cidade: Belo Horizonte, MG<\/p>\n<p style=\"text-align: justify\">Local: Expominas. Av. Amazonas, 6200 \u2013 Gameleira, Belo Horizonte \u2013 MG, 30510-000.<\/p>\n<p style=\"text-align: justify\">Saiba mais: <a href=\"http:\/\/www.conferenciaanpei.org.br\">www.conferenciaanpei.org.br<\/a><\/p>\n","protected":false},"excerpt":{"rendered":"<p>[:pt]A 16\u00aa Confer\u00eancia Anpei acontece nos dias 31\/10 e 1\/11, em Belo Horizonte &#8211; MG, e tem como tema central \u201cVivendo a inova\u00e7\u00e3o em um mundo em transforma\u00e7\u00e3o\u201d. [:]<\/p>\n","protected":false},"author":8,"featured_media":21177,"comment_status":"open","ping_status":"open","sticky":false,"template":"","format":"standard","meta":{"footnotes":"","_links_to":"","_links_to_target":""},"categories":[3],"tags":[],"calendar":[],"_links":{"self":[{"href":"https:\/\/anprotec.org.br\/site\/wp-json\/wp\/v2\/posts\/21176"}],"collection":[{"href":"https:\/\/anprotec.org.br\/site\/wp-json\/wp\/v2\/posts"}],"about":[{"href":"https:\/\/anprotec.org.br\/site\/wp-json\/wp\/v2\/types\/post"}],"author":[{"embeddable":true,"href":"https:\/\/anprotec.org.br\/site\/wp-json\/wp\/v2\/users\/8"}],"replies":[{"embeddable":true,"href":"https:\/\/anprotec.org.br\/site\/wp-json\/wp\/v2\/comments?post=21176"}],"version-history":[{"count":3,"href":"https:\/\/anprotec.org.br\/site\/wp-json\/wp\/v2\/posts\/21176\/revisions"}],"predecessor-version":[{"id":26880,"href":"https:\/\/anprotec.org.br\/site\/wp-json\/wp\/v2\/posts\/21176\/revisions\/26880"}],"wp:featuredmedia":[{"embeddable":true,"href":"https:\/\/anprotec.org.br\/site\/wp-json\/wp\/v2\/media\/21177"}],"wp:attachment":[{"href":"https:\/\/anprotec.org.br\/site\/wp-json\/wp\/v2\/media?parent=21176"}],"wp:term":[{"taxonomy":"category","embeddable":true,"href":"https:\/\/anprotec.org.br\/site\/wp-json\/wp\/v2\/categories?post=21176"},{"taxonomy":"post_tag","embeddable":true,"href":"https:\/\/anprotec.org.br\/site\/wp-json\/wp\/v2\/tags?post=21176"},{"taxonomy":"calendar","embeddable":true,"href":"https:\/\/anprotec.org.br\/site\/wp-json\/wp\/v2\/calendar?post=21176"}],"curies":[{"name":"wp","href":"https:\/\/api.w.org\/{rel}","templated":true}]}}