{"id":21171,"date":"2017-10-30T16:13:58","date_gmt":"2017-10-30T19:13:58","guid":{"rendered":"http:\/\/anprotec.org.br\/site\/?p=21171"},"modified":"2018-09-27T13:27:08","modified_gmt":"2018-09-27T16:27:08","slug":"anprotec-assina-pacto-pela-inovacao-de-santa-catarina","status":"publish","type":"post","link":"https:\/\/anprotec.org.br\/site\/2017\/10\/anprotec-assina-pacto-pela-inovacao-de-santa-catarina\/","title":{"rendered":"Anprotec assina Pacto pela Inova\u00e7\u00e3o do Estado de Santa Catarina"},"content":{"rendered":"<p style=\"text-align: justify\"><img decoding=\"async\" loading=\"lazy\" class=\"alignleft size-thumbnail wp-image-21172\" src=\"https:\/\/anprotec.org.br\/site\/wp-content\/uploads\/2017\/10\/Pacto-pela-Inovac\u0327a\u0303o-de-SC-270x160.jpg\" alt=\"Pacto pela Inovac\u0327a\u0303o de SC\" width=\"270\" height=\"160\" srcset=\"https:\/\/anprotec.org.br\/site\/wp-content\/uploads\/2017\/10\/Pacto-pela-Inovac\u0327a\u0303o-de-SC-270x160.jpg 270w, https:\/\/anprotec.org.br\/site\/wp-content\/uploads\/2017\/10\/Pacto-pela-Inovac\u0327a\u0303o-de-SC-300x178.jpg 300w, https:\/\/anprotec.org.br\/site\/wp-content\/uploads\/2017\/10\/Pacto-pela-Inovac\u0327a\u0303o-de-SC.jpg 499w\" sizes=\"(max-width: 270px) 100vw, 270px\" \/>Na manh\u00e3 desta segunda-feira (30), durante o I Encontro do Ecossistema Catarinense de Inova\u00e7\u00e3o, que acontece entre hoje e amanh\u00e3, no Square Corporate, em Florian\u00f3polis, foi assinado o Pacto pela Inova\u00e7\u00e3o de Santa Catarina.<\/p>\n<p style=\"text-align: justify\">Assinado pela Anprotec e outras entidades empresariais, educacionais e governamentais, o pacto \u00e9 uma iniciativa que visa auxiliar o destravamento de projetos de centros tecnol\u00f3gicos, estimular investimentos e incentivar a oferta de forma\u00e7\u00e3o em cursos nos setores de tecnologia, ci\u00eancias e inova\u00e7\u00e3o.<\/p>\n<div class=\"mceTemp\" style=\"text-align: justify\">O pacto se constitui como um conjunto de a\u00e7\u00f5es estrat\u00e9gicas com objetivo de acelerar o desenvolvimento e solucionar as principais defasagens do ecossistema de empreendedorismo e inova\u00e7\u00e3o catarinense, fazendo com que Santa Catarina se torne um dos estados mais empreendedores e inovadores da Am\u00e9rica Latina at\u00e9 2030.<\/div>\n<div id=\"attachment_21192\" style=\"width: 280px\" class=\"wp-caption alignright\"><img aria-describedby=\"caption-attachment-21192\" decoding=\"async\" loading=\"lazy\" class=\"size-thumbnail wp-image-21192\" src=\"https:\/\/anprotec.org.br\/site\/wp-content\/uploads\/2017\/10\/WhatsApp-Image-2017-10-30-at-18.30.04-270x160.jpeg\" alt=\"Jantar com autoridades do Governo do Estado, da Secretaria de Estado do Desenvolvimento Econ\u00f4mico Sustent\u00e1vel e da Diretoria de Desenvolvimento de Ci\u00eancia, Tecnologia e Inova\u00e7\u00e3o.\" width=\"270\" height=\"160\" \/><p id=\"caption-attachment-21192\" class=\"wp-caption-text\">Jantar com autoridades do Governo do Estado, da Secretaria de Estado do Desenvolvimento Econ\u00f4mico Sustent\u00e1vel e da Diretoria de Desenvolvimento de Ci\u00eancia, Tecnologia e Inova\u00e7\u00e3o.<\/p><\/div>\n<p style=\"text-align: justify\">\u201cNos sentimos honrados em participar e assinarmos este pacto de inova\u00e7\u00e3o de Santa Catarina, que refor\u00e7a o importante papel deste estado no cen\u00e1rio do sistema nacional de inova\u00e7\u00e3o\u201d, afirma Jorge Audy, presidente da Anprotec. \u201c\u00c9 um belo modelo a ser analisado e mostra um caminho a seguir, n\u00e3o somente para SC, mas para os demais estados e territ\u00f3rios de nosso pa\u00eds. \u00c9 por este caminho que vamos superar a crise que vivemos e iniciar um novo ciclo de desenvolvimento no pa\u00eds, tendo a inova\u00e7\u00e3o e o empreendedorismo como fundamentos deste novo per\u00edodo de crescimento\u201d, ressalta Audy.<\/p>\n<p style=\"text-align: justify\">\u201cA inciativa, que envolve a\u00e7\u00f5es de diversos atores relevantes da \u00e1rea de inova\u00e7\u00e3o de Santa Catarina, tem o apoio e est\u00edmulo da Anprotec, em conjunto com a IASP, aqui representada pelo seu presidente, Josep Piqu\u00e9. Esta iniciativa envolveu miss\u00f5es t\u00e9cnicas a Barcelona e participa\u00e7\u00f5es em eventos da Anprotec, no Brasil e no exterior\u201d, completa.<\/p>\n<p style=\"text-align: justify\">O encontro contou com a presen\u00e7a do diretor administrativo financeiro da Anprotec, Tony Chierighini, do presidente da Associa\u00e7\u00e3o Internacional de Parques Cient\u00edficos e Ambientes de Inova\u00e7\u00e3o, Josep Piqu\u00e9, da secret\u00e1ria de Inova\u00e7\u00e3o do Governo da Col\u00f4mbia, Alicia Garavito, entre outros.<\/p>\n<p style=\"text-align: justify\"><img decoding=\"async\" loading=\"lazy\" class=\"alignleft size-thumbnail wp-image-21190\" src=\"https:\/\/anprotec.org.br\/site\/wp-content\/uploads\/2017\/10\/WhatsApp-Image-2017-10-30-at-18.29.40-270x160.jpeg\" alt=\"WhatsApp Image 2017-10-30 at 18.29.40\" width=\"270\" height=\"160\" \/>Al\u00e9m da assinatura do pacto, o presidente da Anprotec, Jorge Audy,\u00a0coordenou\u00a0tamb\u00e9m o painel \u201cEstrat\u00e9gias de Financiamento para Pol\u00edticas e Ambientes de Inova\u00e7\u00e3o\u201d, que contou com a participa\u00e7\u00e3o de\u00a0Guilherme Ary Plonski, Coordenador do N\u00facleo de Pol\u00edtica e Gest\u00e3o Tecnol\u00f3gica (PGT\/USP), e Bruna Boa Sorte, do Instituto Inova de S\u00e3o Carlos (SP).<\/p>\n","protected":false},"excerpt":{"rendered":"<p>[:pt]A Anprotec e outras entidades empresariais, educacionais e governamentais assinaram o pacto durante o I Encontro do Ecossistema Catarinense de Inova\u00e7\u00e3o. [:]<\/p>\n","protected":false},"author":8,"featured_media":21172,"comment_status":"open","ping_status":"open","sticky":false,"template":"","format":"standard","meta":{"footnotes":"","_links_to":"","_links_to_target":""},"categories":[3],"tags":[],"calendar":[],"_links":{"self":[{"href":"https:\/\/anprotec.org.br\/site\/wp-json\/wp\/v2\/posts\/21171"}],"collection":[{"href":"https:\/\/anprotec.org.br\/site\/wp-json\/wp\/v2\/posts"}],"about":[{"href":"https:\/\/anprotec.org.br\/site\/wp-json\/wp\/v2\/types\/post"}],"author":[{"embeddable":true,"href":"https:\/\/anprotec.org.br\/site\/wp-json\/wp\/v2\/users\/8"}],"replies":[{"embeddable":true,"href":"https:\/\/anprotec.org.br\/site\/wp-json\/wp\/v2\/comments?post=21171"}],"version-history":[{"count":2,"href":"https:\/\/anprotec.org.br\/site\/wp-json\/wp\/v2\/posts\/21171\/revisions"}],"predecessor-version":[{"id":26867,"href":"https:\/\/anprotec.org.br\/site\/wp-json\/wp\/v2\/posts\/21171\/revisions\/26867"}],"wp:featuredmedia":[{"embeddable":true,"href":"https:\/\/anprotec.org.br\/site\/wp-json\/wp\/v2\/media\/21172"}],"wp:attachment":[{"href":"https:\/\/anprotec.org.br\/site\/wp-json\/wp\/v2\/media?parent=21171"}],"wp:term":[{"taxonomy":"category","embeddable":true,"href":"https:\/\/anprotec.org.br\/site\/wp-json\/wp\/v2\/categories?post=21171"},{"taxonomy":"post_tag","embeddable":true,"href":"https:\/\/anprotec.org.br\/site\/wp-json\/wp\/v2\/tags?post=21171"},{"taxonomy":"calendar","embeddable":true,"href":"https:\/\/anprotec.org.br\/site\/wp-json\/wp\/v2\/calendar?post=21171"}],"curies":[{"name":"wp","href":"https:\/\/api.w.org\/{rel}","templated":true}]}}