{"id":21156,"date":"2017-10-30T12:06:10","date_gmt":"2017-10-30T15:06:10","guid":{"rendered":"http:\/\/anprotec.org.br\/site\/?p=21156"},"modified":"2018-09-27T13:28:36","modified_gmt":"2018-09-27T16:28:36","slug":"comissao-aprova-permissao-para-que-institutos-de-pesquisa-privados-recebam-fomento-do-governo","status":"publish","type":"post","link":"https:\/\/anprotec.org.br\/site\/2017\/10\/comissao-aprova-permissao-para-que-institutos-de-pesquisa-privados-recebam-fomento-do-governo\/","title":{"rendered":"Institutos de pesquisa privados poder\u00e3o receber fomento do governo"},"content":{"rendered":"<p style=\"text-align: justify\"><img decoding=\"async\" loading=\"lazy\" class=\"alignleft size-thumbnail wp-image-21157\" src=\"https:\/\/anprotec.org.br\/site\/wp-content\/uploads\/2017\/10\/congresso-nacional-270x160.jpg\" alt=\"congresso-nacional\" width=\"270\" height=\"160\" \/>A Comiss\u00e3o de Finan\u00e7as e Tributa\u00e7\u00e3o (CFT), da C\u00e2mara dos Deputados, aprovou o Projeto de Lei 5752\/16, de autoria do deputado Ot\u00e1vio Leite (PSDB-RJ), que permite que institui\u00e7\u00f5es de pesquisa e desenvolvimento privadas participem de programas de est\u00edmulos, fomentos e regimes tribut\u00e1rios especiais.<\/p>\n<p style=\"text-align: justify\">Poder\u00e3o usufruir desses programas os Centros de Pesquisa e de Inova\u00e7\u00e3o de Empresas (CPIEs) &#8211; pessoas jur\u00eddicas de direito privado legalmente constitu\u00eddas sob as leis brasileiras, com sede e foro no Pa\u00eds, que incluam em sua miss\u00e3o institucional, em seu objetivo social ou estatut\u00e1rio, a pesquisa (b\u00e1sica ou aplicada) de car\u00e1ter cient\u00edfico ou tecnol\u00f3gico, bem como promovam o desenvolvimento de novos produtos, servi\u00e7os ou processos.<\/p>\n<p style=\"text-align: justify\">O parecer do relator, deputado Eduardo Cury (PSDB-SP), foi pela n\u00e3o implica\u00e7\u00e3o da mat\u00e9ria em aumento ou diminui\u00e7\u00e3o da receita ou da despesa p\u00fablicas, e, no m\u00e9rito, pela aprova\u00e7\u00e3o do projeto, na forma do substitutivo\u00a0da Comiss\u00e3o de Ci\u00eancia e Tecnologia, Comunica\u00e7\u00e3o e Inform\u00e1tica.<\/p>\n<p style=\"text-align: justify\">\u201cO projeto original e o substitutivo aprovado na Comiss\u00e3o de Ci\u00eancia e Tecnologia n\u00e3o afetam as receitas e despesas do Or\u00e7amento da Uni\u00e3o\u201d, salientou Cury. Segundo ele, a proposta n\u00e3o cria novos est\u00edmulos, nem novos regimes tribut\u00e1rios especiais. \u201cRestringe-se a permitir que os CPIEs possam usufruir das legisla\u00e7\u00f5es j\u00e1 existentes \u2013 portanto, previstas no Or\u00e7amento da Uni\u00e3o \u2013 , que j\u00e1 criaram programas de est\u00edmulos e fomentos, al\u00e9m dos regimes tribut\u00e1rios especiais\u201d, completou.<\/p>\n<p style=\"text-align: justify\">\u201cOs recursos para os programas continuam inalterados; o que ocorrer\u00e1, de fato, ser\u00e1 maior competi\u00e7\u00e3o entre os entes p\u00fablicos e privados pelos mesmos recursos existentes\u201d, acrescentou.<\/p>\n<p style=\"text-align: justify\"><strong>Reconhecimento pelo Executivo<\/strong><br \/>\nNo\u00a0<span class=\"termoGlossario\">substitutivo<\/span>, o relator deixa claro que essas institui\u00e7\u00f5es dever\u00e3o estar sediadas nos Ambientes de Inova\u00e7\u00e3o (Parques e Polos Tecnol\u00f3gicos e Centros de Inova\u00e7\u00e3o) reconhecidos formalmente pelo Poder Executivo, que regulamentar\u00e1 os crit\u00e9rios para esse reconhecimento.\u00a0A proposta tamb\u00e9m autoriza a comercializa\u00e7\u00e3o em mercado dos produtos, processos e servi\u00e7os e do conhecimento em geral concebidos nesses ambientes.<\/p>\n<p><strong>Tramita\u00e7\u00e3o<\/strong><br \/>\nPoder\u00e3o usufruir desses programas os Centros de Pesquisa e de Inova\u00e7\u00e3o de Empresas (CPIEs) &#8211; pessoas jur\u00eddicas de direito privado legalmente constitu\u00eddas sob as leis brasileiras.<\/p>\n<p><em>*Fonte: Ag\u00eancia C\u00e2mara<\/em><\/p>\n","protected":false},"excerpt":{"rendered":"<p>[:pt]A proposta aprovada pela Comiss\u00e3o de Finan\u00e7as, ainda ser\u00e1 analisada, em car\u00e1ter conclusivo, pela Comiss\u00e3o de Constitui\u00e7\u00e3o e Justi\u00e7a e de Cidadania.[:]<\/p>\n","protected":false},"author":8,"featured_media":21157,"comment_status":"open","ping_status":"open","sticky":false,"template":"","format":"standard","meta":{"footnotes":"","_links_to":"","_links_to_target":""},"categories":[3],"tags":[],"calendar":[],"_links":{"self":[{"href":"https:\/\/anprotec.org.br\/site\/wp-json\/wp\/v2\/posts\/21156"}],"collection":[{"href":"https:\/\/anprotec.org.br\/site\/wp-json\/wp\/v2\/posts"}],"about":[{"href":"https:\/\/anprotec.org.br\/site\/wp-json\/wp\/v2\/types\/post"}],"author":[{"embeddable":true,"href":"https:\/\/anprotec.org.br\/site\/wp-json\/wp\/v2\/users\/8"}],"replies":[{"embeddable":true,"href":"https:\/\/anprotec.org.br\/site\/wp-json\/wp\/v2\/comments?post=21156"}],"version-history":[{"count":2,"href":"https:\/\/anprotec.org.br\/site\/wp-json\/wp\/v2\/posts\/21156\/revisions"}],"predecessor-version":[{"id":26872,"href":"https:\/\/anprotec.org.br\/site\/wp-json\/wp\/v2\/posts\/21156\/revisions\/26872"}],"wp:featuredmedia":[{"embeddable":true,"href":"https:\/\/anprotec.org.br\/site\/wp-json\/wp\/v2\/media\/21157"}],"wp:attachment":[{"href":"https:\/\/anprotec.org.br\/site\/wp-json\/wp\/v2\/media?parent=21156"}],"wp:term":[{"taxonomy":"category","embeddable":true,"href":"https:\/\/anprotec.org.br\/site\/wp-json\/wp\/v2\/categories?post=21156"},{"taxonomy":"post_tag","embeddable":true,"href":"https:\/\/anprotec.org.br\/site\/wp-json\/wp\/v2\/tags?post=21156"},{"taxonomy":"calendar","embeddable":true,"href":"https:\/\/anprotec.org.br\/site\/wp-json\/wp\/v2\/calendar?post=21156"}],"curies":[{"name":"wp","href":"https:\/\/api.w.org\/{rel}","templated":true}]}}