{"id":21145,"date":"2017-10-30T11:06:02","date_gmt":"2017-10-30T14:06:02","guid":{"rendered":"http:\/\/anprotec.org.br\/site\/?p=21145"},"modified":"2018-09-27T13:28:36","modified_gmt":"2018-09-27T16:28:36","slug":"chamada-para-conferencia-iasp-de-2018-e-prorrogada-ate-811","status":"publish","type":"post","link":"https:\/\/anprotec.org.br\/site\/2017\/10\/chamada-para-conferencia-iasp-de-2018-e-prorrogada-ate-811\/","title":{"rendered":"Chamada para Confer\u00eancia IASP de 2018 \u00e9 prorrogada at\u00e9 8\/11"},"content":{"rendered":"<p style=\"text-align: justify\"><img decoding=\"async\" loading=\"lazy\" class=\"alignleft size-thumbnail wp-image-21150\" src=\"https:\/\/anprotec.org.br\/site\/wp-content\/uploads\/2017\/10\/IASP-2018-270x160.jpeg\" alt=\"IASP 2018\" width=\"270\" height=\"160\" \/>Est\u00e1 aberta, at\u00e9 o dia 8 de novembro, a chamada para submiss\u00e3o de resumos para a 35\u00aa Confer\u00eancia Mundial da Associa\u00e7\u00e3o Internacional de Parques Tecnol\u00f3gicos e \u00c1reas de Inova\u00e7\u00e3o (IASP). O evento ser\u00e1 realizado de 26 a 29 de setembro de 2018, em Isfahan, no Ir\u00e3, e tem como tema \u201c<em>Towards sustainable cities and communities: fostering innovation ecosystems<\/em>\u201d<\/p>\n<p style=\"text-align: justify\">A Confer\u00eancia est\u00e1 sendo organizada pela Isfahan Science and Technology Town e reunir\u00e1 representantes de parques cient\u00edficos e tecnol\u00f3gicos e outras \u00e1reas de inova\u00e7\u00e3o, incubadoras, universidades, setor p\u00fablico e empresas para discutir e debater, de forma aprofundada, as \u00faltimas tend\u00eancias do setor. Outras organiza\u00e7\u00f5es, como c\u00e2maras de com\u00e9rcio, ag\u00eancias de desenvolvimento e financiamento, associa\u00e7\u00f5es industriais, redes, investidores, tamb\u00e9m est\u00e3o convidadas a submeter suas contribui\u00e7\u00f5es \u00e0 Confer\u00eancia.<\/p>\n<p style=\"text-align: justify\">O programa do evento ser\u00e1 dividido em uma variedade de sess\u00f5es, combinando tanto as tradicionais plen\u00e1rias com as sess\u00f5es paralelas sobre t\u00f3picos espec\u00edficos, assim como formatos mais inovadores que encorajem uma troca din\u00e2mica de conhecimento. Todas as sess\u00f5es est\u00e3o relacionadas ao tema central da Confer\u00eancia.<\/p>\n<p style=\"text-align: justify\">Autores est\u00e3o convidados a enviar propostas relacionadas aos seguintes t\u00f3picos:<\/p>\n<p style=\"text-align: justify\"><strong>Sess\u00f5es Plen\u00e1rias: <\/strong><\/p>\n<ul style=\"text-align: justify\">\n<li>Cidades, PCTs e outras \u00e1reas de inova\u00e7\u00e3o: desafios e estrat\u00e9gias;<\/li>\n<li>Novas ferramentas e fun\u00e7\u00f5es para cidades e \u00e1reas de inova\u00e7\u00e3o;<\/li>\n<li>Desafios comunit\u00e1rios e inova\u00e7\u00e3o social;<\/li>\n<li>Empreendedorismo para crescimento e sustentabilidade em PCTs e \u00e1reas de inova\u00e7\u00e3o.<\/li>\n<\/ul>\n<p style=\"text-align: justify\"><strong>Sess\u00f5es Paralelas: <\/strong><\/p>\n<ul style=\"text-align: justify\">\n<li>Inova\u00e7\u00e3o aberta e os desafios da cidade;<\/li>\n<li>Infraestrutura antiga para a nova economia;<\/li>\n<li>ICT para o desenvolvimento sustent\u00e1vel: o papel dos PCTs e outras \u00e1reas de inova\u00e7\u00e3o;<\/li>\n<li>A cidade produtiva (cidade f\u00e1brica);<\/li>\n<li>Alian\u00e7as Globais para Internacionaliza\u00e7\u00e3o;<\/li>\n<li>Cidades, PCTs e outras \u00e1reas de inova\u00e7\u00e3o: atra\u00e7\u00e3o de talentos;<\/li>\n<li>Empresas que lidam com os Objetivos de Desenvolvimento Sustent\u00e1vel (ODS)<\/li>\n<\/ul>\n<p style=\"text-align: justify\">A submiss\u00e3o pode ser feita pelo site na 35\u00aa Confer\u00eancia da IASP, clicando <a href=\"http:\/\/www.iasp.ws\/page414.aspx?validating=1&amp;orgpageid=420\">neste link<\/a>.<\/p>\n<p style=\"text-align: justify\">Para mais informa\u00e7\u00f5es, acesse a <a href=\"http:\/\/iasp2018isfahan.com\/wp-content\/uploads\/2017\/09\/IASP-2018-Isfahan-Call-for-contribution-32225.pdf\">Chamada (em ingl\u00eas)<\/a>.<\/p>\n<p style=\"text-align: justify\">Visite o <a href=\"http:\/\/iasp2018isfahan.com\/\">site da 35\u00aa Confer\u00eancia da IASP<\/a>.<\/p>\n<p style=\"text-align: justify\">Qualquer d\u00favida em rela\u00e7\u00e3o \u00e0 Chamada pode ser enviada ao e-mail: <a href=\"mailto:papers@iasp.ws\">papers@iasp.ws<\/a>.<\/p>\n","protected":false},"excerpt":{"rendered":"<p>[:pt]O evento acontece de 26 a 29 de setembro de 2018, em Isfahan, no Ir\u00e3, e tem como tema \u201cTowards sustainable cities and communities: fostering innovation ecosystems\u201d[:]<\/p>\n","protected":false},"author":8,"featured_media":21150,"comment_status":"open","ping_status":"open","sticky":false,"template":"","format":"standard","meta":{"footnotes":"","_links_to":"","_links_to_target":""},"categories":[3],"tags":[],"calendar":[],"_links":{"self":[{"href":"https:\/\/anprotec.org.br\/site\/wp-json\/wp\/v2\/posts\/21145"}],"collection":[{"href":"https:\/\/anprotec.org.br\/site\/wp-json\/wp\/v2\/posts"}],"about":[{"href":"https:\/\/anprotec.org.br\/site\/wp-json\/wp\/v2\/types\/post"}],"author":[{"embeddable":true,"href":"https:\/\/anprotec.org.br\/site\/wp-json\/wp\/v2\/users\/8"}],"replies":[{"embeddable":true,"href":"https:\/\/anprotec.org.br\/site\/wp-json\/wp\/v2\/comments?post=21145"}],"version-history":[{"count":2,"href":"https:\/\/anprotec.org.br\/site\/wp-json\/wp\/v2\/posts\/21145\/revisions"}],"predecessor-version":[{"id":26870,"href":"https:\/\/anprotec.org.br\/site\/wp-json\/wp\/v2\/posts\/21145\/revisions\/26870"}],"wp:featuredmedia":[{"embeddable":true,"href":"https:\/\/anprotec.org.br\/site\/wp-json\/wp\/v2\/media\/21150"}],"wp:attachment":[{"href":"https:\/\/anprotec.org.br\/site\/wp-json\/wp\/v2\/media?parent=21145"}],"wp:term":[{"taxonomy":"category","embeddable":true,"href":"https:\/\/anprotec.org.br\/site\/wp-json\/wp\/v2\/categories?post=21145"},{"taxonomy":"post_tag","embeddable":true,"href":"https:\/\/anprotec.org.br\/site\/wp-json\/wp\/v2\/tags?post=21145"},{"taxonomy":"calendar","embeddable":true,"href":"https:\/\/anprotec.org.br\/site\/wp-json\/wp\/v2\/calendar?post=21145"}],"curies":[{"name":"wp","href":"https:\/\/api.w.org\/{rel}","templated":true}]}}