{"id":21128,"date":"2017-10-30T16:12:58","date_gmt":"2017-10-30T19:12:58","guid":{"rendered":"http:\/\/anprotec.org.br\/site\/?p=21128"},"modified":"2018-09-27T13:27:24","modified_gmt":"2018-09-27T16:27:24","slug":"anprotec-participa-da-14a-edicao-da-fetech-em-campina-grande","status":"publish","type":"post","link":"https:\/\/anprotec.org.br\/site\/2017\/10\/anprotec-participa-da-14a-edicao-da-fetech-em-campina-grande\/","title":{"rendered":"Anprotec participa da 14\u00aa edi\u00e7\u00e3o da FETECh, em Campina Grande"},"content":{"rendered":"<p style=\"text-align: justify\"><img decoding=\"async\" loading=\"lazy\" class=\"alignleft size-thumbnail wp-image-21168\" src=\"https:\/\/anprotec.org.br\/site\/wp-content\/uploads\/2017\/10\/Foto-Sheila-FETECh-Tratada_-270x160.jpg\" alt=\"Foto Sheila FETECh Tratada_\" width=\"270\" height=\"160\" srcset=\"https:\/\/anprotec.org.br\/site\/wp-content\/uploads\/2017\/10\/Foto-Sheila-FETECh-Tratada_-270x160.jpg 270w, https:\/\/anprotec.org.br\/site\/wp-content\/uploads\/2017\/10\/Foto-Sheila-FETECh-Tratada_-300x178.jpg 300w, https:\/\/anprotec.org.br\/site\/wp-content\/uploads\/2017\/10\/Foto-Sheila-FETECh-Tratada_-768x455.jpg 768w, https:\/\/anprotec.org.br\/site\/wp-content\/uploads\/2017\/10\/Foto-Sheila-FETECh-Tratada_-1024x607.jpg 1024w, https:\/\/anprotec.org.br\/site\/wp-content\/uploads\/2017\/10\/Foto-Sheila-FETECh-Tratada_.jpg 1296w\" sizes=\"(max-width: 270px) 100vw, 270px\" \/>Na \u00faltima\u00a0sexta-feira (27), a superintendente executiva da Anprotec, Sheila Oliveira Pires, palestrou na 14\u00aa edi\u00e7\u00e3o da Feira de Tecnologia de Campina Grande \u2013 FETECh. Na ocasi\u00e3o, Sheila destacou o Programa de Incuba\u00e7\u00e3o e Acelera\u00e7\u00e3o de Impacto, uma parceria entre a Anprotec, o Instituto de Cidadania Empresarial (ICE) e o Servi\u00e7o Brasileiro de Apoio a Micro e Pequenas Empresas (Sebrae).<\/p>\n<p style=\"text-align: justify\">O objetivo do Programa \u00e9 apoiar o desenvolvimento de neg\u00f3cios de impacto e mobilizar incubadoras e aceleradoras de todo o Brasil para a atra\u00e7\u00e3o, sele\u00e7\u00e3o e acompanhamento de neg\u00f3cios de impacto, na constru\u00e7\u00e3o de uma agenda empreendedora que possibilite mais solu\u00e7\u00f5es para a resolu\u00e7\u00e3o de problemas sociais.<\/p>\n<p style=\"text-align: justify\">\u201cO programa est\u00e1 alinhado a uma vertente cada vez mais comum no mundo, a de neg\u00f3cios com prop\u00f3sitos e causas sociais e ambientais bem definidas. Estamos falando de empreendimentos inovadores com alto potencial de crescimento e de internacionaliza\u00e7\u00e3o, que trazem solu\u00e7\u00f5es ben\u00e9ficas e vantajosas para a vida da popula\u00e7\u00e3o como um todo\u201d, destaca Sheila. \u201cA parceria com o ICE e com o Sebrae \u00e9 fundamental para a realiza\u00e7\u00e3o do programa\u201d, completa.<\/p>\n<p style=\"text-align: justify\">Mais detalhes podem ser obtidos no <a href=\"http:\/\/www.anprotec.org.br\/negociosdeimpacto\/\" target=\"_blank\" rel=\"noopener\">site do Programa<\/a>.<\/p>\n<p style=\"text-align: justify\"><strong>14\u00aa edi\u00e7\u00e3o da Feira de Tecnologia de Campina Grande \u2013 FETECh<\/strong><\/p>\n<p style=\"text-align: justify\">A\u00a014\u00aa edi\u00e7\u00e3o da Feira de Tecnologia de Campina Grande \u2013 FETECh, realizada de 27 a 29 de outubro, foi organizada pela Funda\u00e7\u00e3o Parque Tecnol\u00f3gico da Para\u00edba (Funda\u00e7\u00e3o PaqTcPB) e pela Incubadora Tecnol\u00f3gica de Empreendimentos Criativos e Inovadores de Campina Grande (ITCG). O evento, que acontece desde 1988, tem como foco principal a pesquisa e desenvolvimento, unindo tecnologia a produtos inovadores e investimentos, e\u00a0busca\u00a0a\u00a0promo\u00e7\u00e3o do ecossistema empreendedor na Para\u00edba.<\/p>\n<p style=\"text-align: justify\">A programa\u00e7\u00e3o da Feira\u00a0contou\u00a0com exposi\u00e7\u00f5es, palestras, workshops e focou em temas ligados a \u00e1reas como tecnologia da informa\u00e7\u00e3o e comunica\u00e7\u00e3o, agroind\u00fastria, energias renov\u00e1veis, economia criativa, tecnologias limpas, sa\u00fade, entre outras.<\/p>\n<p style=\"text-align: justify\">Duas novidades\u00a0marcaram a edi\u00e7\u00e3o deste ano. \u201cResgatamos a for\u00e7a do jogo de tabuleiro por meio de uma parceria com a Funda\u00e7\u00e3o Telef\u00f4nica Vivo e do programa Pense Grande, que estimula os jovens a encontrarem solu\u00e7\u00f5es para problemas do dia a dia\u201d, conta Vin\u00edcius Moreira, coordenador geral da FETECh e diretor t\u00e9cnico da Funda\u00e7\u00e3o Parque Tecnol\u00f3gico da Para\u00edba. \u201cTamb\u00e9m\u00a0desenvolvemos\u00a0nosso Primeiro Hackathon, em que 27 pessoas tiveram 48 horas para criar um produto ou servi\u00e7o dentro de uma tem\u00e1tica espec\u00edfica. A equipe vencedora\u00a0foi\u00a0premiada com um processo de incuba\u00e7\u00e3o na Incubadora Tecnol\u00f3gica de Empreendimentos Criativos e Inovadores de Campina Grande (ITCG)\u201d, completa.<\/p>\n<p style=\"text-align: justify\">&#8220;Parcerias importantes, como essa que temos com a Anprotec, s\u00e3o fundamentais para a realiza\u00e7\u00e3o do evento, que \u00e9, sem d\u00favida, a maior vitrine de tecnologia da Para\u00edba\u201d, finaliza Moreira.<\/p>\n","protected":false},"excerpt":{"rendered":"<p>[:pt]Em palestra, Sheila Oliveira Pires destacou o Programa de Incuba\u00e7\u00e3o e Acelera\u00e7\u00e3o de Impacto, uma parceria entre Anprotec, ICE e Sebrae. [:]<\/p>\n","protected":false},"author":8,"featured_media":21168,"comment_status":"open","ping_status":"open","sticky":false,"template":"","format":"standard","meta":{"footnotes":"","_links_to":"","_links_to_target":""},"categories":[3],"tags":[],"calendar":[],"_links":{"self":[{"href":"https:\/\/anprotec.org.br\/site\/wp-json\/wp\/v2\/posts\/21128"}],"collection":[{"href":"https:\/\/anprotec.org.br\/site\/wp-json\/wp\/v2\/posts"}],"about":[{"href":"https:\/\/anprotec.org.br\/site\/wp-json\/wp\/v2\/types\/post"}],"author":[{"embeddable":true,"href":"https:\/\/anprotec.org.br\/site\/wp-json\/wp\/v2\/users\/8"}],"replies":[{"embeddable":true,"href":"https:\/\/anprotec.org.br\/site\/wp-json\/wp\/v2\/comments?post=21128"}],"version-history":[{"count":2,"href":"https:\/\/anprotec.org.br\/site\/wp-json\/wp\/v2\/posts\/21128\/revisions"}],"predecessor-version":[{"id":26868,"href":"https:\/\/anprotec.org.br\/site\/wp-json\/wp\/v2\/posts\/21128\/revisions\/26868"}],"wp:featuredmedia":[{"embeddable":true,"href":"https:\/\/anprotec.org.br\/site\/wp-json\/wp\/v2\/media\/21168"}],"wp:attachment":[{"href":"https:\/\/anprotec.org.br\/site\/wp-json\/wp\/v2\/media?parent=21128"}],"wp:term":[{"taxonomy":"category","embeddable":true,"href":"https:\/\/anprotec.org.br\/site\/wp-json\/wp\/v2\/categories?post=21128"},{"taxonomy":"post_tag","embeddable":true,"href":"https:\/\/anprotec.org.br\/site\/wp-json\/wp\/v2\/tags?post=21128"},{"taxonomy":"calendar","embeddable":true,"href":"https:\/\/anprotec.org.br\/site\/wp-json\/wp\/v2\/calendar?post=21128"}],"curies":[{"name":"wp","href":"https:\/\/api.w.org\/{rel}","templated":true}]}}