{"id":21048,"date":"2017-10-26T17:45:09","date_gmt":"2017-10-26T20:45:09","guid":{"rendered":"http:\/\/anprotec.org.br\/site\/?p=21048"},"modified":"2018-05-28T20:15:30","modified_gmt":"2018-05-28T23:15:30","slug":"conferencia-anprotec-2017-premia-melhores-trabalhos-apresentados","status":"publish","type":"post","link":"https:\/\/anprotec.org.br\/site\/2017\/10\/conferencia-anprotec-2017-premia-melhores-trabalhos-apresentados\/","title":{"rendered":"Confer\u00eancia Anprotec 2017 premia melhores trabalhos apresentados"},"content":{"rendered":"<p style=\"text-align: justify\"><img decoding=\"async\" loading=\"lazy\" class=\"alignleft size-thumbnail wp-image-21073\" src=\"https:\/\/anprotec.org.br\/site\/wp-content\/uploads\/2017\/10\/ConferenciaPremia\u00e7\u00e3o-001-270x160.jpg\" alt=\"ConferenciaPremia\u00e7\u00e3o-001\" width=\"270\" height=\"160\" srcset=\"https:\/\/anprotec.org.br\/site\/wp-content\/uploads\/2017\/10\/ConferenciaPremia\u00e7\u00e3o-001-270x160.jpg 270w, https:\/\/anprotec.org.br\/site\/wp-content\/uploads\/2017\/10\/ConferenciaPremia\u00e7\u00e3o-001-300x178.jpg 300w, https:\/\/anprotec.org.br\/site\/wp-content\/uploads\/2017\/10\/ConferenciaPremia\u00e7\u00e3o-001.jpg 495w\" sizes=\"(max-width: 270px) 100vw, 270px\" \/>No terceiro dia da 27\u00aa Confer\u00eancia Anprotec, foram premiados os melhores trabalhos apresentados nas sess\u00f5es t\u00e9cnicas paralelas e na sess\u00e3o Mem\u00f3rias do Movimento. Josealdo Tonholo, presidente do Comit\u00ea Cient\u00edfico do evento, convidou o presidente da Anprotec, Jorge Audy, e o diretor do Parque Tecnol\u00f3gico da UFRJ, Jos\u00e9 Carlos Pinto para darem in\u00edcio a cerim\u00f4nia de premia\u00e7\u00e3o.<\/p>\n<p style=\"text-align: justify\">O ganhador do pr\u00eamio de melhor artigo completo foi o trabalho &#8220;Inova\u00e7\u00e3o e sustentabilidade no empreendimento criativo &#8211; Arte da Poranga Nativa&#8221;, assessorado pela Incubadora Amazonas Ind\u00edgena Criativa, com autoria de Mayara Viana de Lima. O pr\u00eamio de Boas Pr\u00e1ticas foi para o trabalho &#8220;Monitoramento e desenvolvimento das compet\u00eancias de comportamento empreendedor&#8221;, CCE na Farol Incubadora de Empresas, com autoria de L\u00ed\u00adlian de C\u00e1ssia Oliveira e Am\u00e9rico Pedro de Sousa. J\u00e1 o vencedor na categoria Melhor Mem\u00f3ria do Movimento ficou para &#8220;Mem\u00f3rias do Parque Tecnol\u00f3gico da Para\u00ed\u00adba Funda\u00e7\u00e3o Parque&#8221;, dos autores Mayara Costa, Francilene Proc\u00f3pio Garcia, Anderson Feleciano Faria e Elisonete Amorim.<\/p>\n<p style=\"text-align: justify\">*Fonte: <a href=\"http:\/\/conferenciaanprotec.com.br\/\" target=\"_blank\" rel=\"noopener\">Confer\u00eancia Anprotec<\/a><\/p>\n","protected":false},"excerpt":{"rendered":"<p>[:pt]O ganhador do pr\u00eamio de melhor artigo completo foi o trabalho &#8220;Inova\u00e7\u00e3o e sustentabilidade no empreendimento criativo &#8211; Arte da Poranga Nativa&#8221;.[:]<\/p>\n","protected":false},"author":8,"featured_media":21073,"comment_status":"open","ping_status":"open","sticky":false,"template":"","format":"standard","meta":{"footnotes":"","_links_to":"","_links_to_target":""},"categories":[3],"tags":[],"calendar":[],"_links":{"self":[{"href":"https:\/\/anprotec.org.br\/site\/wp-json\/wp\/v2\/posts\/21048"}],"collection":[{"href":"https:\/\/anprotec.org.br\/site\/wp-json\/wp\/v2\/posts"}],"about":[{"href":"https:\/\/anprotec.org.br\/site\/wp-json\/wp\/v2\/types\/post"}],"author":[{"embeddable":true,"href":"https:\/\/anprotec.org.br\/site\/wp-json\/wp\/v2\/users\/8"}],"replies":[{"embeddable":true,"href":"https:\/\/anprotec.org.br\/site\/wp-json\/wp\/v2\/comments?post=21048"}],"version-history":[{"count":2,"href":"https:\/\/anprotec.org.br\/site\/wp-json\/wp\/v2\/posts\/21048\/revisions"}],"predecessor-version":[{"id":25314,"href":"https:\/\/anprotec.org.br\/site\/wp-json\/wp\/v2\/posts\/21048\/revisions\/25314"}],"wp:featuredmedia":[{"embeddable":true,"href":"https:\/\/anprotec.org.br\/site\/wp-json\/wp\/v2\/media\/21073"}],"wp:attachment":[{"href":"https:\/\/anprotec.org.br\/site\/wp-json\/wp\/v2\/media?parent=21048"}],"wp:term":[{"taxonomy":"category","embeddable":true,"href":"https:\/\/anprotec.org.br\/site\/wp-json\/wp\/v2\/categories?post=21048"},{"taxonomy":"post_tag","embeddable":true,"href":"https:\/\/anprotec.org.br\/site\/wp-json\/wp\/v2\/tags?post=21048"},{"taxonomy":"calendar","embeddable":true,"href":"https:\/\/anprotec.org.br\/site\/wp-json\/wp\/v2\/calendar?post=21048"}],"curies":[{"name":"wp","href":"https:\/\/api.w.org\/{rel}","templated":true}]}}