{"id":20808,"date":"2017-10-23T16:21:38","date_gmt":"2017-10-23T19:21:38","guid":{"rendered":"http:\/\/anprotec.org.br\/site\/?p=20808"},"modified":"2018-09-27T13:25:03","modified_gmt":"2018-09-27T16:25:03","slug":"startups-do-programa-economia-criativa-participam-de-incubacao-cruzada-na-coreia","status":"publish","type":"post","link":"https:\/\/anprotec.org.br\/site\/2017\/10\/startups-do-programa-economia-criativa-participam-de-incubacao-cruzada-na-coreia\/","title":{"rendered":"Startups do Programa Economia Criativa participam de incuba\u00e7\u00e3o cruzada"},"content":{"rendered":"<p>[:pt]<\/p>\n<div id=\"attachment_20814\" style=\"width: 280px\" class=\"wp-caption alignleft\"><img aria-describedby=\"caption-attachment-20814\" decoding=\"async\" loading=\"lazy\" class=\"size-thumbnail wp-image-20814\" src=\"https:\/\/anprotec.org.br\/site\/wp-content\/uploads\/2017\/10\/WhatsApp-Image-2017-10-23-at-15.56.28-270x160.jpeg\" alt=\"Rudinei Gerhart e Esthevan Gasparoto realizando o primeiro Pitch no CCEI de Daegu.\" width=\"270\" height=\"160\" \/><p id=\"caption-attachment-20814\" class=\"wp-caption-text\">Rudinei Gerhart e Esthevan Gasparoto realizando o primeiro pitch no CCEI de Daegu.<\/p><\/div>\n<p style=\"text-align: justify\">Os empreendedores Rudinei Gerhart, CEO da Meu Plano, e Esthevan Gasparoto, CEO e co-fundador da Treevia, est\u00e3o na Coreia do Sul para participar por, duas semanas, do processo de incuba\u00e7\u00e3o cruzada. Nesse per\u00edodo, far\u00e3o visitas t\u00e9cnicas, participar\u00e3o de reuni\u00f5es e ser\u00e3o orientados por renomados mentores coreanos.<\/p>\n<p style=\"text-align: justify\">Organizada pelo Centro de Economia Criativa e Inova\u00e7\u00e3o (CCEI) de Daegu, a incuba\u00e7\u00e3o cruzada \u00e9 parte final da segunda rodada do Programa de Promo\u00e7\u00e3o da Economia Criativa, parceria entre a Samsung e a Anprotec para promover o empreendedorismo inovador. O objetivo \u00e9 facilitar o acesso de empresas brasileiras ao mercado sul-coreano, ampliar a coopera\u00e7\u00e3o entre o CCEI e a Anprotec e transferir conhecimento do programa nacional de mentoria sul-coreana para o Brasil.<\/p>\n<p style=\"text-align: justify\">Nesta segunda-feira (23), Gerhart e Gasparoto estiveram no Samsung Creative Campus e participaram de sess\u00f5es de mentoria com representantes da Samsung e da KOTRA. Nas pr\u00f3ximas duas semanas, os empreendedores passar\u00e3o pelas cidades de Daegu, Busan, Suwon, Pangyo e Seul.<\/p>\n<p style=\"text-align: justify\">A Meu Plano e a Treevia foram escolhidas entre as 12 empresas selecionadas na segunda rodada do Programa, que teve sua cerim\u00f4nia de gradua\u00e7\u00e3o no \u00faltimo dia 18 de agosto. O evento contou com a participa\u00e7\u00e3o de tr\u00eas startups sul-coreanas, que estiveram no Brasil em decorr\u00eancia do mesmo processo de incuba\u00e7\u00e3o cruzada que levou startups brasileiras \u00e0 Coreia.<\/p>\n<p style=\"text-align: justify\"><strong>Sobre a Anprotec<\/strong><\/p>\n<p style=\"text-align: justify\">Criada em 1987, a Associa\u00e7\u00e3o Nacional de Entidades Promotoras de Empreendimentos Inovadores (Anprotec) re\u00fane 345 associados, entre incubadoras de empresas, parques tecnol\u00f3gicos, institui\u00e7\u00f5es de ensino e pesquisa, \u00f3rg\u00e3os p\u00fablicos e outras entidades ligadas ao empreendedorismo e \u00e0 inova\u00e7\u00e3o. L\u00edder do movimento no Brasil, a Associa\u00e7\u00e3o atua por meio da promo\u00e7\u00e3o de atividades de capacita\u00e7\u00e3o, da articula\u00e7\u00e3o de pol\u00edticas p\u00fablicas e da gera\u00e7\u00e3o e dissemina\u00e7\u00e3o de conhecimentos. Atualmente, o Brasil conta com 400 incubadoras de empresas e cerca de 90 iniciativas de parques tecnol\u00f3gicos.<\/p>\n<p style=\"text-align: justify\"><strong>Sobre o Programa de Promo\u00e7\u00e3o da Economia Criativa<\/strong><\/p>\n<p style=\"text-align: justify\">O programa \u00e9 resultado da parceria firmada em 2015 entre Samsung e Anprotec para a promo\u00e7\u00e3o do empreendedorismo e da inova\u00e7\u00e3o. Por meio da parceria, a Associa\u00e7\u00e3o se comprometeu a realizar treinamentos, articular pol\u00edticas p\u00fablicas e propagar conhecimento sobre economia criativa para seus associados e empresas inovadoras. A Samsung, por sua vez, atua como facilitadora da rela\u00e7\u00e3o entre a Anprotec e o CCEI, identificando projetos aptos a participarem do Programa. Em cinco anos, a empresa pretende investir US$ 5 milh\u00f5es no projeto.<\/p>\n<p style=\"text-align: justify\"><strong>Sobre a Samsung<\/strong><\/p>\n<p style=\"text-align: justify\">A Samsung inspira o mundo e cria o futuro com ideias e tecnologias inovadoras. A companhia est\u00e1 redefinindo o mundo de TVs, smartphones, wearables, tablets, eletrodom\u00e9sticos, sistemas de conex\u00e3o e mem\u00f3ria, sistema LSI e solu\u00e7\u00f5es LED. Para saber mais sobre as \u00faltimas not\u00edcias, por favor, visite a Newsroom da Samsung Brasil em <a href=\"http:\/\/news.samsung.com\/br\" target=\"_blank\" rel=\"noopener\">http:\/\/news.samsung.com\/br<\/a>.<\/p>\n","protected":false},"excerpt":{"rendered":"<p>[:pt]Os empreendedores Rudinei Gerhart, da Meu Plano, e Esthevan Gasparoto, da Treevia, est\u00e3o na Coreia do Sul em processo de incuba\u00e7\u00e3o cruzada.[:]<\/p>\n","protected":false},"author":8,"featured_media":20814,"comment_status":"open","ping_status":"open","sticky":false,"template":"","format":"standard","meta":{"footnotes":"","_links_to":"","_links_to_target":""},"categories":[3],"tags":[],"calendar":[],"_links":{"self":[{"href":"https:\/\/anprotec.org.br\/site\/wp-json\/wp\/v2\/posts\/20808"}],"collection":[{"href":"https:\/\/anprotec.org.br\/site\/wp-json\/wp\/v2\/posts"}],"about":[{"href":"https:\/\/anprotec.org.br\/site\/wp-json\/wp\/v2\/types\/post"}],"author":[{"embeddable":true,"href":"https:\/\/anprotec.org.br\/site\/wp-json\/wp\/v2\/users\/8"}],"replies":[{"embeddable":true,"href":"https:\/\/anprotec.org.br\/site\/wp-json\/wp\/v2\/comments?post=20808"}],"version-history":[{"count":2,"href":"https:\/\/anprotec.org.br\/site\/wp-json\/wp\/v2\/posts\/20808\/revisions"}],"predecessor-version":[{"id":26862,"href":"https:\/\/anprotec.org.br\/site\/wp-json\/wp\/v2\/posts\/20808\/revisions\/26862"}],"wp:featuredmedia":[{"embeddable":true,"href":"https:\/\/anprotec.org.br\/site\/wp-json\/wp\/v2\/media\/20814"}],"wp:attachment":[{"href":"https:\/\/anprotec.org.br\/site\/wp-json\/wp\/v2\/media?parent=20808"}],"wp:term":[{"taxonomy":"category","embeddable":true,"href":"https:\/\/anprotec.org.br\/site\/wp-json\/wp\/v2\/categories?post=20808"},{"taxonomy":"post_tag","embeddable":true,"href":"https:\/\/anprotec.org.br\/site\/wp-json\/wp\/v2\/tags?post=20808"},{"taxonomy":"calendar","embeddable":true,"href":"https:\/\/anprotec.org.br\/site\/wp-json\/wp\/v2\/calendar?post=20808"}],"curies":[{"name":"wp","href":"https:\/\/api.w.org\/{rel}","templated":true}]}}