{"id":20776,"date":"2017-10-20T18:09:19","date_gmt":"2017-10-20T21:09:19","guid":{"rendered":"http:\/\/anprotec.org.br\/site\/?p=20776"},"modified":"2017-10-20T18:10:44","modified_gmt":"2017-10-20T21:10:44","slug":"credenciamento-de-participantes-na-conferencia-comeca-na-segunda-23","status":"publish","type":"post","link":"https:\/\/anprotec.org.br\/site\/2017\/10\/credenciamento-de-participantes-na-conferencia-comeca-na-segunda-23\/","title":{"rendered":"[:pt]Credenciamento de participantes na Confer\u00eancia come\u00e7a na segunda[:]"},"content":{"rendered":"<p>[:pt]<\/p>\n<div class=\"entry-content\">\n<p style=\"text-align: justify\"><img decoding=\"async\" loading=\"lazy\" class=\"alignleft size-thumbnail wp-image-20428\" src=\"https:\/\/anprotec.org.br\/site\/wp-content\/uploads\/2017\/10\/2-ANPROTEC-plenaria-A-evolucao-dos-ecossistemas-de-inovacao_V1_150dpi2Confere\u0302ncia-Anprotec-2017-Destaque-270x160.jpg\" alt=\"2 - ANPROTEC - plenaria-A evolucao dos ecossistemas de inovacao_V1_150dpi2Confere\u0302ncia Anprotec 2017 - Destaque\" width=\"270\" height=\"160\" srcset=\"https:\/\/anprotec.org.br\/site\/wp-content\/uploads\/2017\/10\/2-ANPROTEC-plenaria-A-evolucao-dos-ecossistemas-de-inovacao_V1_150dpi2Confere\u0302ncia-Anprotec-2017-Destaque-270x160.jpg 270w, https:\/\/anprotec.org.br\/site\/wp-content\/uploads\/2017\/10\/2-ANPROTEC-plenaria-A-evolucao-dos-ecossistemas-de-inovacao_V1_150dpi2Confere\u0302ncia-Anprotec-2017-Destaque-300x178.jpg 300w, https:\/\/anprotec.org.br\/site\/wp-content\/uploads\/2017\/10\/2-ANPROTEC-plenaria-A-evolucao-dos-ecossistemas-de-inovacao_V1_150dpi2Confere\u0302ncia-Anprotec-2017-Destaque.jpg 422w\" sizes=\"(max-width: 270px) 100vw, 270px\" \/>Os participantes da 27\u00aa Confer\u00eancia Anprotec poder\u00e3o fazer seu credenciamento a partir das 7h30 de segunda-feira, dia 23 de outubro, no pr\u00f3prio local do evento. Neste ano, a Confer\u00eancia acontece entre os dias 23 e 26 de outubro, no Centro de Conven\u00e7\u00f5es SulAm\u00e9rica, na cidade do Rio de Janeiro.<br \/>\nInteressados em participar da Confer\u00eancia que tenham perdido o prazo para inscri\u00e7\u00f5es online, que se encerrou no \u00faltimo domingo, dia 15, poder\u00e3o se inscrever no pr\u00f3prio local do evento, inclusive durante as atividades dos dias 23 a 25.<\/p>\n<p style=\"text-align: justify\"><strong>Sobre a 27\u00aa Confer\u00eancia Anprotec<\/strong><\/p>\n<p style=\"text-align: justify\">A Confer\u00eancia Anprotec chega a sua 27\u00aa edi\u00e7\u00e3o e ser\u00e1 realizado de 23 a 26 de outubro, no Centro de Conven\u00e7\u00f5es SulAm\u00e9rica na cidade do Rio de Janeiro. Realizada pela Anprotec e pelo Sebrae, com organiza\u00e7\u00e3o local do Parque Tecnol\u00f3gico da UFRJ a confer\u00eancia desse ano tem como tema central \u201cInova\u00e7\u00e3o e empreendedorismo transformando cidades\u201d e comemora os 30 anos da Anprotec e o movimento empreendedor no pa\u00eds.<\/p>\n<p style=\"text-align: justify\">Fonte: <a href=\"http:\/\/conferenciaanprotec.com.br\/credenciamento-de-participantes-na-conferencia-anprotec-comeca-na-segunda-23\/\" target=\"_blank\">Confer\u00eancia Anprotec<\/a><\/p>\n<\/div>\n<p>[:]<\/p>\n","protected":false},"excerpt":{"rendered":"<p>[:pt]Os participantes da 27\u00aa Confer\u00eancia Anprotec poder\u00e3o fazer seu credenciamento a partir das 7h30 de segunda-feira, no pr\u00f3prio local do evento.[:]<\/p>\n","protected":false},"author":8,"featured_media":20428,"comment_status":"open","ping_status":"open","sticky":false,"template":"","format":"standard","meta":{"footnotes":"","_links_to":"","_links_to_target":""},"categories":[3],"tags":[],"calendar":[],"_links":{"self":[{"href":"https:\/\/anprotec.org.br\/site\/wp-json\/wp\/v2\/posts\/20776"}],"collection":[{"href":"https:\/\/anprotec.org.br\/site\/wp-json\/wp\/v2\/posts"}],"about":[{"href":"https:\/\/anprotec.org.br\/site\/wp-json\/wp\/v2\/types\/post"}],"author":[{"embeddable":true,"href":"https:\/\/anprotec.org.br\/site\/wp-json\/wp\/v2\/users\/8"}],"replies":[{"embeddable":true,"href":"https:\/\/anprotec.org.br\/site\/wp-json\/wp\/v2\/comments?post=20776"}],"version-history":[{"count":3,"href":"https:\/\/anprotec.org.br\/site\/wp-json\/wp\/v2\/posts\/20776\/revisions"}],"predecessor-version":[{"id":20779,"href":"https:\/\/anprotec.org.br\/site\/wp-json\/wp\/v2\/posts\/20776\/revisions\/20779"}],"wp:featuredmedia":[{"embeddable":true,"href":"https:\/\/anprotec.org.br\/site\/wp-json\/wp\/v2\/media\/20428"}],"wp:attachment":[{"href":"https:\/\/anprotec.org.br\/site\/wp-json\/wp\/v2\/media?parent=20776"}],"wp:term":[{"taxonomy":"category","embeddable":true,"href":"https:\/\/anprotec.org.br\/site\/wp-json\/wp\/v2\/categories?post=20776"},{"taxonomy":"post_tag","embeddable":true,"href":"https:\/\/anprotec.org.br\/site\/wp-json\/wp\/v2\/tags?post=20776"},{"taxonomy":"calendar","embeddable":true,"href":"https:\/\/anprotec.org.br\/site\/wp-json\/wp\/v2\/calendar?post=20776"}],"curies":[{"name":"wp","href":"https:\/\/api.w.org\/{rel}","templated":true}]}}