{"id":20770,"date":"2017-10-20T18:01:54","date_gmt":"2017-10-20T21:01:54","guid":{"rendered":"http:\/\/anprotec.org.br\/site\/?p=20770"},"modified":"2017-10-20T18:17:20","modified_gmt":"2017-10-20T21:17:20","slug":"27a-conferencia-anprotec-comeca-na-proxima-semana","status":"publish","type":"post","link":"https:\/\/anprotec.org.br\/site\/2017\/10\/27a-conferencia-anprotec-comeca-na-proxima-semana\/","title":{"rendered":"[:pt]27\u00aa Confer\u00eancia Anprotec come\u00e7a na pr\u00f3xima semana no Rio de Janeiro[:]"},"content":{"rendered":"<p>[:pt]<\/p>\n<p style=\"text-align: justify\"><img decoding=\"async\" loading=\"lazy\" class=\"alignleft size-thumbnail wp-image-20428\" src=\"https:\/\/anprotec.org.br\/site\/wp-content\/uploads\/2017\/10\/2-ANPROTEC-plenaria-A-evolucao-dos-ecossistemas-de-inovacao_V1_150dpi2Confere\u0302ncia-Anprotec-2017-Destaque-270x160.jpg\" alt=\"2 - ANPROTEC - plenaria-A evolucao dos ecossistemas de inovacao_V1_150dpi2Confere\u0302ncia Anprotec 2017 - Destaque\" width=\"270\" height=\"160\" srcset=\"https:\/\/anprotec.org.br\/site\/wp-content\/uploads\/2017\/10\/2-ANPROTEC-plenaria-A-evolucao-dos-ecossistemas-de-inovacao_V1_150dpi2Confere\u0302ncia-Anprotec-2017-Destaque-270x160.jpg 270w, https:\/\/anprotec.org.br\/site\/wp-content\/uploads\/2017\/10\/2-ANPROTEC-plenaria-A-evolucao-dos-ecossistemas-de-inovacao_V1_150dpi2Confere\u0302ncia-Anprotec-2017-Destaque-300x178.jpg 300w, https:\/\/anprotec.org.br\/site\/wp-content\/uploads\/2017\/10\/2-ANPROTEC-plenaria-A-evolucao-dos-ecossistemas-de-inovacao_V1_150dpi2Confere\u0302ncia-Anprotec-2017-Destaque.jpg 422w\" sizes=\"(max-width: 270px) 100vw, 270px\" \/>A 27\u00aa Confer\u00eancia Anprotec come\u00e7a nesta segunda-feira (23),\u00a0no Rio de Janeiro. As atividades\u00a0ter\u00e3o in\u00edcio \u00e0s\u00a09h30 com os minicursos \u201cSustentabilidade, inova\u00e7\u00e3o e lideran\u00e7a empresarial\u201d e \u201cDo real estate ao place branding\u201d. Os participantes poder\u00e3o escolher, de acordo com seu perfil e necessidade, qual curso pretendem fazer. As aulas v\u00e3o at\u00e9 \u00e0s 13h.<\/p>\n<p style=\"text-align: justify\">Das\u00a010h \u00e0s 14h30 acontecer\u00e1\u00a0o Workshop Anprotec com o tema \u201cGovernan\u00e7a de Parques Tecnol\u00f3gicos\u201d. Tamb\u00e9m no dia 23, ser\u00e1 realizado o F\u00f3rum Sebrae de Inova\u00e7\u00e3o com o tema \u201cSimbiose entre pequenas e grandes empresas. Protagonismo dos ambientes de inova\u00e7\u00e3o na agenda de corporate venture\u201d. O f\u00f3rum ser\u00e1 das\u00a014h30 \u00e0s 18h30.<\/p>\n<p style=\"text-align: justify\">O segundo dia da confer\u00eancia, ter\u00e7a\u00a0(24),\u00a0marcar\u00e1\u00a0o in\u00edcio das sess\u00f5es plen\u00e1rias, que ser\u00e3o realizadas nos dias 24 e 25 de outubro. A primeira plen\u00e1ria ter\u00e1 como foco o tema central da confer\u00eancia, \u201cInova\u00e7\u00e3o e empreendedorismo transformando cidades\u201d, e ser\u00e1 realizada das 10h \u00e0s 11h15. J\u00e1 a segunda sess\u00e3o plen\u00e1ria abordar\u00e1 \u201cA evolu\u00e7\u00e3o dos ecossistemas de inova\u00e7\u00e3o\u201d e acontecer\u00e1 das 11h25 \u00e0s 13h.\u00a0 Haver\u00e1 tamb\u00e9m sess\u00f5es t\u00e9cnicas paralelas em diferentes salas, com apresenta\u00e7\u00e3o dos artigos aprovados na Chamada de Trabalhos da Confer\u00eancia, com foco no resultado de estudos e pesquisas que tenham rela\u00e7\u00e3o com o tema do evento, al\u00e9m do relato de boas pr\u00e1ticas. Tamb\u00e9m no segundo dia, ser\u00e1 realizado o 1\u00ba Encontro Brasileiro dos Ambientes de Acelera\u00e7\u00e3o, que reunir\u00e1 representantes e convidados de aceleradoras. A sess\u00e3o \u201cMem\u00f3rias do Movimento\u201d anteceder\u00e1 a Assembleia Geral da Anprotec e apresentar\u00e1 registros hist\u00f3ricos dos associados em comemora\u00e7\u00e3o aos 30 anos da associa\u00e7\u00e3o.<\/p>\n<p style=\"text-align: justify\">Dando continuidade \u00e0s atividades do dia 24, entre \u00e0s 11h15 e 11h25,\u00a0ser\u00e1 anunciada a lista das startups selecionadas na terceira rodada do Programa de Promo\u00e7\u00e3o da Economia Criativa. Resultado da colabora\u00e7\u00e3o entre Samsung, Anprotec e Centro Sul-Coreano de Economia Criativa e Inova\u00e7\u00e3o (CCEI), esta rodada do Programa recebeu 400 propostas de neg\u00f3cios inovadores de base tecnol\u00f3gica, um novo recorde para o projeto. Outro momento de grande import\u00e2ncia neste dia, ser\u00e1 o an\u00fancio da 3\u00aa chamada do Programa de Incuba\u00e7\u00e3o de Acelera\u00e7\u00e3o de Impacto, que ser\u00e1 apresentada pela Anprotec, ICE e Sebrae, entre \u00e0s 13h e 13h15.<\/p>\n<p style=\"text-align: justify\">No terceiro dia (25), al\u00e9m das sess\u00f5es plen\u00e1rias \u201cO Brasil e a nova geopol\u00edtica global\u201d e \u201cA evolu\u00e7\u00e3o do macroambiente para o empreendedorismo inovador no Brasil\u201d, ser\u00e1 realizada a premia\u00e7\u00e3o dos melhores artigos apresentados nas Sess\u00f5es T\u00e9cnicas Paralelas. O dia tamb\u00e9m contar\u00e1 com a sess\u00e3o especial \u201cDescontruir \u00e9 o segredo\u201d, apresentada pelo carnavalesco Paulo Barros. Ap\u00f3s a sess\u00e3o de encerramento, os convidados poder\u00e3o participar da festa de encerramento, que ser\u00e1 realizada no Museu do Amanh\u00e3.<\/p>\n<p style=\"text-align: justify\">O \u00faltimo dia da\u00a0Confer\u00eancia (26) ser\u00e1 reservado para as visitas t\u00e9cnicas. Os participantes ter\u00e3o a oportunidade de conhecer ambientes de inova\u00e7\u00e3o locais.<\/p>\n<p style=\"text-align: justify\">Fonte: <a href=\"http:\/\/conferenciaanprotec.com.br\/maior-evento-de-empreendedorismo-da-america-latina-comeca-na-proxima-semana\/\" target=\"_blank\">Confer\u00eancia Anprotec<\/a><\/p>\n<p>[:]<\/p>\n","protected":false},"excerpt":{"rendered":"<p>[:pt]A 27\u00aa Confer\u00eancia Anprotec come\u00e7a nesta segunda-feira (23), no Rio de Janeiro, no Centro de Conven\u00e7\u00f5es SulAm\u00e9rica. [:]<\/p>\n","protected":false},"author":8,"featured_media":20428,"comment_status":"open","ping_status":"open","sticky":false,"template":"","format":"standard","meta":{"footnotes":"","_links_to":"","_links_to_target":""},"categories":[3],"tags":[],"calendar":[],"_links":{"self":[{"href":"https:\/\/anprotec.org.br\/site\/wp-json\/wp\/v2\/posts\/20770"}],"collection":[{"href":"https:\/\/anprotec.org.br\/site\/wp-json\/wp\/v2\/posts"}],"about":[{"href":"https:\/\/anprotec.org.br\/site\/wp-json\/wp\/v2\/types\/post"}],"author":[{"embeddable":true,"href":"https:\/\/anprotec.org.br\/site\/wp-json\/wp\/v2\/users\/8"}],"replies":[{"embeddable":true,"href":"https:\/\/anprotec.org.br\/site\/wp-json\/wp\/v2\/comments?post=20770"}],"version-history":[{"count":6,"href":"https:\/\/anprotec.org.br\/site\/wp-json\/wp\/v2\/posts\/20770\/revisions"}],"predecessor-version":[{"id":20781,"href":"https:\/\/anprotec.org.br\/site\/wp-json\/wp\/v2\/posts\/20770\/revisions\/20781"}],"wp:featuredmedia":[{"embeddable":true,"href":"https:\/\/anprotec.org.br\/site\/wp-json\/wp\/v2\/media\/20428"}],"wp:attachment":[{"href":"https:\/\/anprotec.org.br\/site\/wp-json\/wp\/v2\/media?parent=20770"}],"wp:term":[{"taxonomy":"category","embeddable":true,"href":"https:\/\/anprotec.org.br\/site\/wp-json\/wp\/v2\/categories?post=20770"},{"taxonomy":"post_tag","embeddable":true,"href":"https:\/\/anprotec.org.br\/site\/wp-json\/wp\/v2\/tags?post=20770"},{"taxonomy":"calendar","embeddable":true,"href":"https:\/\/anprotec.org.br\/site\/wp-json\/wp\/v2\/calendar?post=20770"}],"curies":[{"name":"wp","href":"https:\/\/api.w.org\/{rel}","templated":true}]}}