{"id":20732,"date":"2017-10-18T17:07:09","date_gmt":"2017-10-18T20:07:09","guid":{"rendered":"http:\/\/anprotec.org.br\/site\/?p=20732"},"modified":"2017-10-18T17:51:42","modified_gmt":"2017-10-18T20:51:42","slug":"conferencia-anprotec-recebe-carnavalesco-em-sessao-especial","status":"publish","type":"post","link":"https:\/\/anprotec.org.br\/site\/2017\/10\/conferencia-anprotec-recebe-carnavalesco-em-sessao-especial\/","title":{"rendered":"[:pt]Confer\u00eancia Anprotec recebe carnavalesco em sess\u00e3o especial[:]"},"content":{"rendered":"<p>[:pt]<\/p>\n<p style=\"text-align: justify\"><img decoding=\"async\" loading=\"lazy\" class=\"alignleft size-thumbnail wp-image-20428\" src=\"https:\/\/anprotec.org.br\/site\/wp-content\/uploads\/2017\/10\/2-ANPROTEC-plenaria-A-evolucao-dos-ecossistemas-de-inovacao_V1_150dpi2Confere\u0302ncia-Anprotec-2017-Destaque-270x160.jpg\" alt=\"2 - ANPROTEC - plenaria-A evolucao dos ecossistemas de inovacao_V1_150dpi2Confere\u0302ncia Anprotec 2017 - Destaque\" width=\"270\" height=\"160\" srcset=\"https:\/\/anprotec.org.br\/site\/wp-content\/uploads\/2017\/10\/2-ANPROTEC-plenaria-A-evolucao-dos-ecossistemas-de-inovacao_V1_150dpi2Confere\u0302ncia-Anprotec-2017-Destaque-270x160.jpg 270w, https:\/\/anprotec.org.br\/site\/wp-content\/uploads\/2017\/10\/2-ANPROTEC-plenaria-A-evolucao-dos-ecossistemas-de-inovacao_V1_150dpi2Confere\u0302ncia-Anprotec-2017-Destaque-300x178.jpg 300w, https:\/\/anprotec.org.br\/site\/wp-content\/uploads\/2017\/10\/2-ANPROTEC-plenaria-A-evolucao-dos-ecossistemas-de-inovacao_V1_150dpi2Confere\u0302ncia-Anprotec-2017-Destaque.jpg 422w\" sizes=\"(max-width: 270px) 100vw, 270px\" \/>Na pr\u00f3xima quarta-feira, 25 de outubro, durante a 27\u00aa Confer\u00eancia Anprotec, maior evento de empreendedorismo da Am\u00e9rica Latina, acontece a \u201cSess\u00e3o Especial Anprotec \u2013 Desconstruir \u00e9 o Segredo\u201d, com o famoso carnavalesco Paulo Barros, que inovou o carnaval com desfiles diferenciados.<\/p>\n<p style=\"text-align: justify\">Na sess\u00e3o, que acontece das 16h \u00e0s 17h, o carnavalesco apresentar\u00e1 seu estilo de carnaval pol\u00eamico, ousado e inovador, por meio da combina\u00e7\u00e3o de sua hist\u00f3ria e do carnaval, e de imagens e filmes que mostram a import\u00e2ncia da inova\u00e7\u00e3o nos desfiles. Com base nos padr\u00f5es do carnaval, Barros mostrar\u00e1 como superou crit\u00e9rios subjetivos de avalia\u00e7\u00e3o em 2004 e, com uso de t\u00e9cnica e capacidade, desconstruiu o carnaval e obteve o t\u00edtulo de vencedor de 2010 pela Unidos da Tijuca.<\/p>\n<p style=\"text-align: justify\">O carnavalesco teve quatro vit\u00f3rias na divis\u00e3o especial do carnaval carioca. Em 2010, venceu pela Unidos da Tijuca, com o samba-enredo \u201c\u00c9 Segredo\u201d; em 2012, pela Unidos da Tijuca, \u201cO dia em que toda a realeza desembarcou na avenida para coroar o Rei Luiz do Sert\u00e3o\u201d; em 2014, novamente pela Unidos da Tijuca, com o samba-enredo \u201cAcelera, Tijuca!\u201d, e, em 2017, pela Portela, com o samba-enredo \u201cQuem nunca sentiu o corpo arrepiar ao ver esse rio passar?\u201d.<\/p>\n<p style=\"text-align: justify\">A Confer\u00eancia acontece entre os dias 23 e 26 de outubro, no Centro de Conven\u00e7\u00f5es SulAm\u00e9rica, na cidade do Rio de Janeiro. Para mais informa\u00e7\u00f5es, acesse o site: <a href=\"http:\/\/www.conferenciaanprotec.com.br\">www.conferenciaanprotec.com.br<\/a>.<\/p>\n<p style=\"text-align: justify\"><strong>27\u00aa Confer\u00eancia Anprotec<\/strong><\/p>\n<p style=\"text-align: justify\">A Confer\u00eancia Anprotec chega a sua 27\u00aa edi\u00e7\u00e3o e ser\u00e1 realizado de 23 a 26 de outubro, no Centro de Conven\u00e7\u00f5es SulAm\u00e9rica na cidade do Rio de Janeiro. Realizada pela Anprotec e pelo Sebrae, com organiza\u00e7\u00e3o local do Parque Tecnol\u00f3gico da UFRJ a confer\u00eancia desse ano tem como tema central \u201cInova\u00e7\u00e3o e empreendedorismo transformando cidades\u201d e comemora os 30 anos da Anprotec e o movimento empreendedor no pa\u00eds.<\/p>\n<p style=\"text-align: justify\"><img decoding=\"async\" loading=\"lazy\" class=\"alignleft size-full wp-image-20733\" src=\"https:\/\/anprotec.org.br\/site\/wp-content\/uploads\/2017\/10\/Paulo-Barros_Site.jpg\" alt=\"Paulo Barros_Site\" width=\"580\" height=\"1509\" srcset=\"https:\/\/anprotec.org.br\/site\/wp-content\/uploads\/2017\/10\/Paulo-Barros_Site.jpg 580w, https:\/\/anprotec.org.br\/site\/wp-content\/uploads\/2017\/10\/Paulo-Barros_Site-115x300.jpg 115w, https:\/\/anprotec.org.br\/site\/wp-content\/uploads\/2017\/10\/Paulo-Barros_Site-394x1024.jpg 394w\" sizes=\"(max-width: 580px) 100vw, 580px\" \/><\/p>\n<p>[:]<\/p>\n","protected":false},"excerpt":{"rendered":"<p>[:pt]Na sess\u00e3o, que acontece no dia 25 de outubro, das 16h \u00e0s 17h, o carnavalesco apresentar\u00e1 seu estilo de carnaval pol\u00eamico, ousado e inovador. [:]<\/p>\n","protected":false},"author":8,"featured_media":20428,"comment_status":"open","ping_status":"open","sticky":false,"template":"","format":"standard","meta":{"footnotes":"","_links_to":"","_links_to_target":""},"categories":[3],"tags":[],"calendar":[],"_links":{"self":[{"href":"https:\/\/anprotec.org.br\/site\/wp-json\/wp\/v2\/posts\/20732"}],"collection":[{"href":"https:\/\/anprotec.org.br\/site\/wp-json\/wp\/v2\/posts"}],"about":[{"href":"https:\/\/anprotec.org.br\/site\/wp-json\/wp\/v2\/types\/post"}],"author":[{"embeddable":true,"href":"https:\/\/anprotec.org.br\/site\/wp-json\/wp\/v2\/users\/8"}],"replies":[{"embeddable":true,"href":"https:\/\/anprotec.org.br\/site\/wp-json\/wp\/v2\/comments?post=20732"}],"version-history":[{"count":3,"href":"https:\/\/anprotec.org.br\/site\/wp-json\/wp\/v2\/posts\/20732\/revisions"}],"predecessor-version":[{"id":20736,"href":"https:\/\/anprotec.org.br\/site\/wp-json\/wp\/v2\/posts\/20732\/revisions\/20736"}],"wp:featuredmedia":[{"embeddable":true,"href":"https:\/\/anprotec.org.br\/site\/wp-json\/wp\/v2\/media\/20428"}],"wp:attachment":[{"href":"https:\/\/anprotec.org.br\/site\/wp-json\/wp\/v2\/media?parent=20732"}],"wp:term":[{"taxonomy":"category","embeddable":true,"href":"https:\/\/anprotec.org.br\/site\/wp-json\/wp\/v2\/categories?post=20732"},{"taxonomy":"post_tag","embeddable":true,"href":"https:\/\/anprotec.org.br\/site\/wp-json\/wp\/v2\/tags?post=20732"},{"taxonomy":"calendar","embeddable":true,"href":"https:\/\/anprotec.org.br\/site\/wp-json\/wp\/v2\/calendar?post=20732"}],"curies":[{"name":"wp","href":"https:\/\/api.w.org\/{rel}","templated":true}]}}