{"id":20681,"date":"2017-10-17T19:39:10","date_gmt":"2017-10-17T22:39:10","guid":{"rendered":"http:\/\/anprotec.org.br\/site\/?p=20681"},"modified":"2017-10-18T08:55:14","modified_gmt":"2017-10-18T11:55:14","slug":"presidente-da-anprotec-vai-ao-mctic-apoio-ambientes-de-inovacao","status":"publish","type":"post","link":"https:\/\/anprotec.org.br\/site\/2017\/10\/presidente-da-anprotec-vai-ao-mctic-apoio-ambientes-de-inovacao\/","title":{"rendered":"[:pt]Presidente da Anprotec busca apoio para ambientes de inova\u00e7\u00e3o junto ao MCTIC[:]"},"content":{"rendered":"<p>[:pt]<\/p>\n<p style=\"text-align: justify\"><img decoding=\"async\" loading=\"lazy\" class=\"alignleft size-thumbnail wp-image-20683\" src=\"https:\/\/anprotec.org.br\/site\/wp-content\/uploads\/2017\/10\/37043893704_dc92b6ed82_z-270x160.jpg\" alt=\"37043893704_dc92b6ed82_z\" width=\"270\" height=\"160\" \/>O presidente\u00a0 da Associa\u00e7\u00e3o Nacional de Entidades Promotoras de Empreendimentos Inovadores (Anprotec), Jorge Audy, em reuni\u00e3o com o secret\u00e1rio de Desenvolvimento Tecnol\u00f3gico e Inova\u00e7\u00e3o, Alvaro Prata, do Minist\u00e9rio da Ci\u00eancia, Tecnologia, Inova\u00e7\u00f5es e Comunica\u00e7\u00f5es (MCTIC), alertou nesta ter\u00e7a-feira (17) sobre a necessidade de editais e recursos para os parques tecnol\u00f3gicos. Jorge Audy lembrou que o \u00faltimo edital voltado para o setor foi lan\u00e7ado pela Finep em 2013.<\/p>\n<p style=\"text-align: justify\">\u201cMas nem todos os recursos desse edital foi pago. A Finep est\u00e1 tentando normalizar isso. Precisamos lan\u00e7ar outros editais para contemplar, sobretudo, o crescimento desses ambientes de inova\u00e7\u00e3o, que abrigam hoje um n\u00famero grande de empresas. Os parques tecnol\u00f3gicos dependem muito dos recursos da Finep\u201d, afirmou.<\/p>\n<p style=\"text-align: justify\">Segundo o presidente da Anprotec, os parques tecnol\u00f3gicos est\u00e3o em expans\u00e3o e s\u00e3o respons\u00e1veis por 50 mil empregos. \u201c\u00c9 um bra\u00e7o forte da inova\u00e7\u00e3o tecnol\u00f3gica do Brasil, que estimula o desenvolvimento econ\u00f4mico\u201d, avaliou.<\/p>\n<p style=\"text-align: justify\">Para o secret\u00e1rio Alvaro Prata, a preocupa\u00e7\u00e3o \u00e9 com o futuro. \u201cO ministro Gilberto Kassab vem se esfor\u00e7ando para garantir recursos. Al\u00e9m disso, o MCTIC busca estimular as empresas a investir tamb\u00e9m\u201d, disse.<\/p>\n<p style=\"text-align: justify\">Al\u00e9m de Jorge, participaram da reuni\u00e3o Sheila Oliveira Pires, Superintendente Executiva da Anprotec; Jorge Campagnolo, Diretor de Pol\u00edticas e Programas de Apoio \u00e0 Inova\u00e7\u00e3o (SETEC\/MCTIC); Silv\u00e9rio Pereira, Coordenador de Ambientes Inovadores (MCTI); Ronaldo Pena, diretor-presidente do Parque Tecnol\u00f3gico de Belo Horizonte (BH-TEC); Luiz Fernando, do Parque Tecnol\u00f3gico\u00a0 de S\u00e3o Jos\u00e9 dos Campos; e Luiz Felipe Maldaner, CEO do Parque Tecnol\u00f3gico S\u00e3o Leopoldo (Tecnosinos).<\/p>\n<p style=\"text-align: justify\">*Com informa\u00e7\u00f5es da ASCOM\/MCTIC<br \/>\n<em>*Foto: ASCOM\/MCTIC<\/em><\/p>\n<p>[:]<\/p>\n","protected":false},"excerpt":{"rendered":"<p>[:pt]Segundo Jorge Audy, os parques tecnol\u00f3gicos est\u00e3o em expans\u00e3o e s\u00e3o respons\u00e1veis por 50 mil empregos, estimulando o desenvolvimento econ\u00f4mico no Pa\u00eds.[:]<\/p>\n","protected":false},"author":8,"featured_media":20683,"comment_status":"open","ping_status":"open","sticky":false,"template":"","format":"standard","meta":{"footnotes":"","_links_to":"","_links_to_target":""},"categories":[3],"tags":[],"calendar":[],"_links":{"self":[{"href":"https:\/\/anprotec.org.br\/site\/wp-json\/wp\/v2\/posts\/20681"}],"collection":[{"href":"https:\/\/anprotec.org.br\/site\/wp-json\/wp\/v2\/posts"}],"about":[{"href":"https:\/\/anprotec.org.br\/site\/wp-json\/wp\/v2\/types\/post"}],"author":[{"embeddable":true,"href":"https:\/\/anprotec.org.br\/site\/wp-json\/wp\/v2\/users\/8"}],"replies":[{"embeddable":true,"href":"https:\/\/anprotec.org.br\/site\/wp-json\/wp\/v2\/comments?post=20681"}],"version-history":[{"count":11,"href":"https:\/\/anprotec.org.br\/site\/wp-json\/wp\/v2\/posts\/20681\/revisions"}],"predecessor-version":[{"id":20697,"href":"https:\/\/anprotec.org.br\/site\/wp-json\/wp\/v2\/posts\/20681\/revisions\/20697"}],"wp:featuredmedia":[{"embeddable":true,"href":"https:\/\/anprotec.org.br\/site\/wp-json\/wp\/v2\/media\/20683"}],"wp:attachment":[{"href":"https:\/\/anprotec.org.br\/site\/wp-json\/wp\/v2\/media?parent=20681"}],"wp:term":[{"taxonomy":"category","embeddable":true,"href":"https:\/\/anprotec.org.br\/site\/wp-json\/wp\/v2\/categories?post=20681"},{"taxonomy":"post_tag","embeddable":true,"href":"https:\/\/anprotec.org.br\/site\/wp-json\/wp\/v2\/tags?post=20681"},{"taxonomy":"calendar","embeddable":true,"href":"https:\/\/anprotec.org.br\/site\/wp-json\/wp\/v2\/calendar?post=20681"}],"curies":[{"name":"wp","href":"https:\/\/api.w.org\/{rel}","templated":true}]}}