{"id":20661,"date":"2017-10-17T16:09:59","date_gmt":"2017-10-17T19:09:59","guid":{"rendered":"http:\/\/anprotec.org.br\/site\/?p=20661"},"modified":"2017-10-17T16:10:43","modified_gmt":"2017-10-17T19:10:43","slug":"supera-parque-recebe-terceira-edicao-do-movimento-pela-inovacao-2","status":"publish","type":"post","link":"https:\/\/anprotec.org.br\/site\/2017\/10\/supera-parque-recebe-terceira-edicao-do-movimento-pela-inovacao-2\/","title":{"rendered":"[:pt]Supera Parque recebe terceira edi\u00e7\u00e3o do Movimento pela Inova\u00e7\u00e3o[:]"},"content":{"rendered":"<p>[:pt]<\/p>\n<h1><img decoding=\"async\" loading=\"lazy\" class=\"alignleft wp-image-20675 size-thumbnail\" src=\"https:\/\/anprotec.org.br\/site\/wp-content\/uploads\/2017\/10\/Captura-de-Tela-2017-10-17-a\u0300s-17.03.33SUPERA-270x160.jpg\" alt=\"\" width=\"270\" height=\"160\" srcset=\"https:\/\/anprotec.org.br\/site\/wp-content\/uploads\/2017\/10\/Captura-de-Tela-2017-10-17-a\u0300s-17.03.33SUPERA-270x160.jpg 270w, https:\/\/anprotec.org.br\/site\/wp-content\/uploads\/2017\/10\/Captura-de-Tela-2017-10-17-a\u0300s-17.03.33SUPERA-300x178.jpg 300w, https:\/\/anprotec.org.br\/site\/wp-content\/uploads\/2017\/10\/Captura-de-Tela-2017-10-17-a\u0300s-17.03.33SUPERA.jpg 506w\" sizes=\"(max-width: 270px) 100vw, 270px\" \/><\/h1>\n<p style=\"text-align: justify\">O Supera Parque de Inova\u00e7\u00e3o e Tecnologia recebe, nos dias 18 e 19 de outubro, a terceira edi\u00e7\u00e3o do Movimento pela Inova\u00e7\u00e3o, promovido pela Desenvolve SP \u2013 Ag\u00eancia de Desenvolvimento Paulista. O evento tem como objetivo incentivar os investimentos em inova\u00e7\u00e3o, oferecendo atendimento especializado para empres\u00e1rios e pesquisadores que desejam receber informa\u00e7\u00f5es e incentivos que contribuam para transformar uma ideia em neg\u00f3cio.<\/p>\n<p style=\"text-align: justify\">O evento contar\u00e1 com palestras de importantes institui\u00e7\u00f5es de apoio \u00e0 inova\u00e7\u00e3o e um debate que abordar\u00e1 o acesso \u00e0s garantias e elabora\u00e7\u00e3o de projetos., \u201cRibeir\u00e3o Preto tem se destacado como um polo inovador muito forte. \u00c9 importante que os pesquisadores e empreendedores da regi\u00e3o saibam como podem ter acesso \u00e0s linhas de fomento dispon\u00edveis para esse fim\u201d, explica Eduardo Cicconi, gerente do Supera Parque. A terceira edi\u00e7\u00e3o do Movimento pela Inova\u00e7\u00e3o contar\u00e1 com a participa\u00e7\u00e3o de entidades como FAPESP, SENAI e FINEP.<\/p>\n<p style=\"text-align: justify\">A equipe da Desenvolve SP far\u00e1 atendimentos individuais aos participantes, para conhecer os projetos e dar o encaminhamento correto. \u201cNossos consultores est\u00e3o preparados para orientar os empres\u00e1rios para obten\u00e7\u00e3o do recurso mais adequado para a fase da empresa, ou at\u00e9 mesmo dizer que este n\u00e3o \u00e9 o momento mais apropriado de investir, \u201d destaca Milton Luiz de Melo Santos, presidente da Desenvolve SP.<\/p>\n<p style=\"text-align: justify\">Ap\u00f3s as palestras, que come\u00e7am \u00e0s 9h do dia 18\/10, a Desenvolve SP far\u00e1 atendimentos individuais, no per\u00edodo da tarde, e durante todo o dia 19\/10. Os agendamentos podem ser feitos pelo site: <a href=\"https:\/\/goo.gl\/forms\/aKSyFci8ljejdnWl1\">https:\/\/goo.gl\/forms\/aKSyFci8ljejdnWl1<\/a>. O evento \u00e9 gratuito e ocorre no Supera Parque de Inova\u00e7\u00e3o e Tecnologia de Ribeir\u00e3o Preto, localizado na Av. Dra. Nadir Aguiar, n\u00ba 1.805 &#8211; Jardim Paulo Gomes Romeu.<\/p>\n<p><strong>Incentivo<\/strong><br \/>\nDesde 2009, a Desenvolve SP j\u00e1 financiou mais de R$ 2,6 bilh\u00f5es em todo o Estado. Na regi\u00e3o de Ribeir\u00e3o Preto s\u00e3o mais de R$ 142 milh\u00f5es, para 67 empresas e prefeituras. Ap\u00f3s a realiza\u00e7\u00e3o do Movimento pela Inova\u00e7\u00e3o, quatro projetos inovadores foram aprovados, que totalizam mais de R$ 10 milh\u00f5es.<\/p>\n<p style=\"text-align: justify\">A Al Sukkar, startup ligada ao Supera Parque de Inova\u00e7\u00e3o e Tecnologia, \u00e9 uma das empresas incentivadas. Respons\u00e1vel por apresentar ao mercado um sistema inovador para o diagn\u00f3stico e controle das bact\u00e9rias no processo de produ\u00e7\u00e3o do etanol, a empresa participou do Movimento pela Inova\u00e7\u00e3o em 2015 e, ap\u00f3s atendimento, obteve financiamento para desenvolver seus produtos. \u201cQueremos transformar conhecimento em produto. N\u00e3o basta ter uma ideia, tem de coloc\u00e1-la no mercado\u201d, diz Eloisa Kronka, s\u00f3cia-diretora da Al Sukkar.<\/p>\n<p><strong>Servi\u00e7o:<br \/>\n<\/strong> <strong>Movimento pela Inova\u00e7\u00e3o em Ribeir\u00e3o Preto<\/strong><br \/>\nData: Abertura: 18\/10, \u00e0s 9h;<br \/>\nAtendimentos: 18 e 19\/10, das 9h \u00e0s 17h.<br \/>\nLocal: SUPERA Parque de Inova\u00e7\u00e3o e Tecnologia de Ribeir\u00e3o Preto<br \/>\nEndere\u00e7o: Av. Dra. Nadir Aguiar, n\u00ba 1.805 &#8211; Jd. Paulo Gomes Romeu &#8211; Ribeir\u00e3o Preto<br \/>\nInscri\u00e7\u00f5es: <a href=\"https:\/\/goo.gl\/forms\/aKSyFci8ljejdnWl1\">https:\/\/goo.gl\/forms\/aKSyFci8ljejdnWl1<\/a><br \/>\nInforma\u00e7\u00f5es: (16) 3315-0735<\/p>\n<p style=\"text-align: justify\"><strong>Supera Parque<\/strong><br \/>\nO Supera Parque de Inova\u00e7\u00e3o e Tecnologia de Ribeir\u00e3o Preto \u00e9 resultado de uma parceria entre a Fipase, a Universidade de S\u00e3o Paulo (USP), Prefeitura Municipal de Ribeir\u00e3o Preto e Secretaria de Desenvolvimento do Estado de S\u00e3o Paulo. Instalado no Campus da USP local, o Parque abriga a Supera Incubadora de Empresas, o Supera Centro de Tecnologia, a associa\u00e7\u00e3o do Arranjo Produtivo Local (APL) da Sa\u00fade, o Polo Industrial de Software (PISO), al\u00e9m do Supera Centro de Neg\u00f3cios.<\/p>\n<p style=\"text-align: justify\">Ao todo, s\u00e3o 63 empresas instaladas no Parque, sendo: 43 delas na Supera Incubadora de Empresas de Base Tecnol\u00f3gica; 15 empreendimentos no Centro de Neg\u00f3cios e 5 na aceleradora SEVNA Seed.<\/p>\n<p><strong>Informa\u00e7\u00f5es para a Imprensa<\/strong><br \/>\nMedialink Comunica\u00e7\u00e3o \u2013 (11) 3817-2131<br \/>\nRaul Fagundes \u2013 <a href=\"mailto:raul.fagundes@medialink.com.br\">raul.fagundes@medialink.com.br<\/a><br \/>\nAna Cunha \u2013 <a href=\"mailto:ana.cunha@medialink.com.br\">ana.cunha@medialink.com.br<\/a> | (16) 98152-0398[:]<\/p>\n","protected":false},"excerpt":{"rendered":"<p>[:pt]Nos dias 18 e 19 de outubro, o Supera Parque de Inova\u00e7\u00e3o e Tecnologia recebe a terceira edi\u00e7\u00e3o do Movimento pela Inova\u00e7\u00e3o, promovido pela Desenvolve SP. [:]<\/p>\n","protected":false},"author":8,"featured_media":20675,"comment_status":"open","ping_status":"open","sticky":false,"template":"","format":"standard","meta":{"footnotes":"","_links_to":"","_links_to_target":""},"categories":[3],"tags":[],"calendar":[],"_links":{"self":[{"href":"https:\/\/anprotec.org.br\/site\/wp-json\/wp\/v2\/posts\/20661"}],"collection":[{"href":"https:\/\/anprotec.org.br\/site\/wp-json\/wp\/v2\/posts"}],"about":[{"href":"https:\/\/anprotec.org.br\/site\/wp-json\/wp\/v2\/types\/post"}],"author":[{"embeddable":true,"href":"https:\/\/anprotec.org.br\/site\/wp-json\/wp\/v2\/users\/8"}],"replies":[{"embeddable":true,"href":"https:\/\/anprotec.org.br\/site\/wp-json\/wp\/v2\/comments?post=20661"}],"version-history":[{"count":9,"href":"https:\/\/anprotec.org.br\/site\/wp-json\/wp\/v2\/posts\/20661\/revisions"}],"predecessor-version":[{"id":20677,"href":"https:\/\/anprotec.org.br\/site\/wp-json\/wp\/v2\/posts\/20661\/revisions\/20677"}],"wp:featuredmedia":[{"embeddable":true,"href":"https:\/\/anprotec.org.br\/site\/wp-json\/wp\/v2\/media\/20675"}],"wp:attachment":[{"href":"https:\/\/anprotec.org.br\/site\/wp-json\/wp\/v2\/media?parent=20661"}],"wp:term":[{"taxonomy":"category","embeddable":true,"href":"https:\/\/anprotec.org.br\/site\/wp-json\/wp\/v2\/categories?post=20661"},{"taxonomy":"post_tag","embeddable":true,"href":"https:\/\/anprotec.org.br\/site\/wp-json\/wp\/v2\/tags?post=20661"},{"taxonomy":"calendar","embeddable":true,"href":"https:\/\/anprotec.org.br\/site\/wp-json\/wp\/v2\/calendar?post=20661"}],"curies":[{"name":"wp","href":"https:\/\/api.w.org\/{rel}","templated":true}]}}