{"id":20648,"date":"2017-10-17T09:53:33","date_gmt":"2017-10-17T12:53:33","guid":{"rendered":"http:\/\/anprotec.org.br\/site\/?p=20648"},"modified":"2017-10-17T10:04:05","modified_gmt":"2017-10-17T13:04:05","slug":"artigos-selecionados-pelo-comite-cientifico-serao-apresentados-nas-sessoes-paralelas","status":"publish","type":"post","link":"https:\/\/anprotec.org.br\/site\/2017\/10\/artigos-selecionados-pelo-comite-cientifico-serao-apresentados-nas-sessoes-paralelas\/","title":{"rendered":"[:pt]Artigos selecionados ser\u00e3o apresentados nas sess\u00f5es paralelas[:]"},"content":{"rendered":"<p>[:pt]<\/p>\n<p style=\"text-align: justify\"><img decoding=\"async\" loading=\"lazy\" class=\"alignleft size-thumbnail wp-image-20649\" src=\"https:\/\/anprotec.org.br\/site\/wp-content\/uploads\/2017\/10\/papel-640x423-270x160.jpg\" alt=\"papel-640x423\" width=\"270\" height=\"160\" \/>Os artigos aprovados pelo Comit\u00ea Cient\u00edfico das Chamadas de Trabalhos ser\u00e3o apresentados oralmente, durante as sess\u00f5es t\u00e9cnicas paralelas, que ocorrer\u00e3o no dia 24 de outubro, a partir das 14h30, na 27\u00aa Confer\u00eancia Anprotec. Ao todo, foram escolhidos 21 artigos completos e 12 boas pr\u00e1ticas.<\/p>\n<p style=\"text-align: justify\">As apresenta\u00e7\u00f5es acontecer\u00e3o simultaneamente nas salas 01, 02, 03 e 04. Cada uma delas ter\u00e1 um tema e um moderador, que coordenar\u00e1 as apresenta\u00e7\u00f5es.\u00a0<strong>Ghissia Hauser<\/strong>, da Funda\u00e7\u00e3o Estadual de Planejamento Metropolitano e Regional (Metroplan),\u00a0coordena a sala 01, que tem como tema os \u201cAmbientes de inova\u00e7\u00e3o e a transforma\u00e7\u00e3o das cidades\u201d.\u00a0Na sala 02, cuja tem\u00e1tica s\u00e3o os \u201cInvestimento em empresas e ambientes de inova\u00e7\u00e3o\u201d, a modera\u00e7\u00e3o ser\u00e1 feitapelo presidente da Rede de Agentes Promotores de Empreendimentos Inovadores (Reinc), Fl\u00e1vio Toledo.<\/p>\n<p style=\"text-align: justify\">Na sala 03, com o tema \u201cMarcos legais e a promo\u00e7\u00e3o da inova\u00e7\u00e3o\u201d, a Sess\u00e3o ser\u00e1 coordenada pelo professor Thiago Renault da Universidade Federal Rural do Rio de Janeiro (UFRRJ).\u00a0J\u00e1 na sala\u00a004, ser\u00e1 realizado o\u00a0\u201cF\u00f3rum Interativo: Apresenta\u00e7\u00e3o de Boas Pr\u00e1ticas\u201d, com a moderadora Regina de F\u00e1tima Faria da\u00a0Coppe\/UFRJ\u00a0e o moderador Jo\u00e3o Geraldo de Oliveira Lima da Universidade Federal de Alagoas (UFAL).<\/p>\n<p style=\"text-align: justify\">Adicionalmente, em virtude da celebra\u00e7\u00e3o dos 30 anos da Anprotec, esta edi\u00e7\u00e3o da Confer\u00eancia ser\u00e1 marcada pela apresenta\u00e7\u00e3o de registros hist\u00f3ricos de nossos associados. Por meio da Sess\u00e3o Mem\u00f3rias do Movimento, os trabalhos ser\u00e3o apresentados em sess\u00f5es especiais nas salas 01 \u00e0 04 a partir das 17h10.<\/p>\n<p>Conhe\u00e7a a lista dos artigos que ser\u00e3o apresentados:<\/p>\n<p><strong>Sala 01 \u2013 Sess\u00e3o T\u00e9cnica Paralela 01<\/strong>: Ambientes de inova\u00e7\u00e3o e a transforma\u00e7\u00e3o das cidades<br \/>\nConfira\u00a0<a href=\"http:\/\/conferenciaanprotec.com.br\/conferencia2017\/wp-content\/uploads\/2017\/05\/STP_01.pdf\" target=\"_blank\" rel=\"noopener noreferrer\">aqui<\/a>\u00a0a lista de trabalhos.<br \/>\n<strong><br \/>\nSala 02 \u2013 Sess\u00e3o T\u00e9cnica Paralela 02:<\/strong>\u00a0Investimento em empresas e ambientes de inova\u00e7\u00e3o<br \/>\nConfira\u00a0<a href=\"http:\/\/conferenciaanprotec.com.br\/conferencia2017\/wp-content\/uploads\/2017\/05\/STP_02.pdf\" target=\"_blank\" rel=\"noopener noreferrer\">aqui<\/a>\u00a0a lista dos trabalhos.<br \/>\n<strong><br \/>\nSala 03 \u2013 Sess\u00e3o T\u00e9cnica Paralela 03:<\/strong>\u00a0Marcos legais e a promo\u00e7\u00e3o da inova\u00e7\u00e3o<br \/>\nConfira\u00a0<a href=\"http:\/\/conferenciaanprotec.com.br\/conferencia2017\/wp-content\/uploads\/2017\/05\/STP_03.pdf\" target=\"_blank\" rel=\"noopener noreferrer\">aqui<\/a>\u00a0a lista dos trabalhos.<\/p>\n<p><strong>Sala 04 \u2013 F\u00f3rum Interativo Apresenta\u00e7\u00e3o de Boas Pr\u00e1ticas<br \/>\n<\/strong>Confira\u00a0<a href=\"http:\/\/conferenciaanprotec.com.br\/conferencia2017\/wp-content\/uploads\/2017\/05\/Boas-Pr%C3%A1ticas.pdf\" target=\"_blank\" rel=\"noopener noreferrer\">aqui<\/a>\u00a0a lista dos trabalhos.<br \/>\n<strong><br \/>\nSalas 01, 02, 03 e 04 \u2013 Sess\u00e3o Mem\u00f3rias do Movimento<br \/>\n<\/strong>Confira\u00a0<a href=\"http:\/\/conferenciaanprotec.com.br\/conferencia2017\/wp-content\/uploads\/2017\/10\/memorias.pdf\" target=\"_blank\" rel=\"noopener noreferrer\">aqui<\/a>\u00a0a lista de trabalhos[:]<\/p>\n","protected":false},"excerpt":{"rendered":"<p>[:pt]Selecionados pelo Comit\u00ea Cient\u00edfico, os artigos ser\u00e3o apresentados oralmente, no dia 24 de outubro, a partir das 14h30, na 27\u00aa Confer\u00eancia Anprotec.[:]<\/p>\n","protected":false},"author":8,"featured_media":20649,"comment_status":"open","ping_status":"open","sticky":false,"template":"","format":"standard","meta":{"footnotes":"","_links_to":"","_links_to_target":""},"categories":[3],"tags":[],"calendar":[],"_links":{"self":[{"href":"https:\/\/anprotec.org.br\/site\/wp-json\/wp\/v2\/posts\/20648"}],"collection":[{"href":"https:\/\/anprotec.org.br\/site\/wp-json\/wp\/v2\/posts"}],"about":[{"href":"https:\/\/anprotec.org.br\/site\/wp-json\/wp\/v2\/types\/post"}],"author":[{"embeddable":true,"href":"https:\/\/anprotec.org.br\/site\/wp-json\/wp\/v2\/users\/8"}],"replies":[{"embeddable":true,"href":"https:\/\/anprotec.org.br\/site\/wp-json\/wp\/v2\/comments?post=20648"}],"version-history":[{"count":9,"href":"https:\/\/anprotec.org.br\/site\/wp-json\/wp\/v2\/posts\/20648\/revisions"}],"predecessor-version":[{"id":20658,"href":"https:\/\/anprotec.org.br\/site\/wp-json\/wp\/v2\/posts\/20648\/revisions\/20658"}],"wp:featuredmedia":[{"embeddable":true,"href":"https:\/\/anprotec.org.br\/site\/wp-json\/wp\/v2\/media\/20649"}],"wp:attachment":[{"href":"https:\/\/anprotec.org.br\/site\/wp-json\/wp\/v2\/media?parent=20648"}],"wp:term":[{"taxonomy":"category","embeddable":true,"href":"https:\/\/anprotec.org.br\/site\/wp-json\/wp\/v2\/categories?post=20648"},{"taxonomy":"post_tag","embeddable":true,"href":"https:\/\/anprotec.org.br\/site\/wp-json\/wp\/v2\/tags?post=20648"},{"taxonomy":"calendar","embeddable":true,"href":"https:\/\/anprotec.org.br\/site\/wp-json\/wp\/v2\/calendar?post=20648"}],"curies":[{"name":"wp","href":"https:\/\/api.w.org\/{rel}","templated":true}]}}