{"id":20100,"date":"2017-10-27T08:00:12","date_gmt":"2017-10-27T11:00:12","guid":{"rendered":"http:\/\/anprotec.org.br\/site\/?p=20100"},"modified":"2018-09-27T13:28:36","modified_gmt":"2018-09-27T16:28:36","slug":"aberta-nova-chamada-para-o-innovation-day-3m-anprotec-consecti","status":"publish","type":"post","link":"https:\/\/anprotec.org.br\/site\/2017\/10\/aberta-nova-chamada-para-o-innovation-day-3m-anprotec-consecti\/","title":{"rendered":"Prorrogada chamada para o \u201cInnovation Day 3M, Anprotec &amp; Consecti\u201d"},"content":{"rendered":"<p style=\"text-align: justify\"><img decoding=\"async\" loading=\"lazy\" class=\"alignleft size-thumbnail wp-image-21165\" src=\"https:\/\/anprotec.org.br\/site\/wp-content\/uploads\/2017\/10\/Innovation-Day_Logo-novo-270x160.jpg\" alt=\"Innovation Day_Logo novo\" width=\"270\" height=\"160\" srcset=\"https:\/\/anprotec.org.br\/site\/wp-content\/uploads\/2017\/10\/Innovation-Day_Logo-novo-270x160.jpg 270w, https:\/\/anprotec.org.br\/site\/wp-content\/uploads\/2017\/10\/Innovation-Day_Logo-novo-300x178.jpg 300w, https:\/\/anprotec.org.br\/site\/wp-content\/uploads\/2017\/10\/Innovation-Day_Logo-novo.jpg 476w\" sizes=\"(max-width: 270px) 100vw, 270px\" \/>Foram prorrogadas at\u00e9 1\u00ba de novembro as inscri\u00e7\u00f5es para o \u201cInnovation Day 3M, Anprotec &amp; Consecti\u201d, que d\u00e1 a oportunidade para que empresas vinculadas a parques cient\u00edficos e tecnol\u00f3gicos e incubadoras associadas \u00e0 Anprotec divulguem seus projetos, processos e produtos inovadores para a 3M. Ao final do programa, a empresa poder\u00e1 identificar iniciativas pass\u00edveis de apoio.<\/p>\n<p style=\"text-align: justify\">Esta j\u00e1 \u00e9 a terceira chamada do programa. Neste ano, o foco \u00e9 na \u00e1rea de log\u00edstica urbana e seguran\u00e7a no tr\u00e2nsito, com \u00eanfase na busca de solu\u00e7\u00f5es que contribuam para um transporte mais seguro e menos custoso. As propostas devem responder \u00e0 pergunta: <strong>qual \u00e9 a SUA solu\u00e7\u00e3o t\u00e9cnica para salvar vidas, melhorando a seguran\u00e7a nas vias urbanas e rodovi\u00e1rias? <\/strong><\/p>\n<p style=\"text-align: justify\">O \u201cInnovation Day 3M, Anprotec &amp; Consecti&#8221; est\u00e1 inserido no contexto da parceria estabelecida entre a Associa\u00e7\u00e3o Nacional de Entidades Promotoras de Empreendimentos Inovadores (Anprotec), o Conselho Nacional de Secret\u00e1rios para Assuntos de Ci\u00eancia, Tecnologia e Inova\u00e7\u00e3o (Consecti) e a 3M do Brasil, que tem como prop\u00f3sito conduzir a\u00e7\u00f5es conjuntas em prol do empreendedorismo inovador.<\/p>\n<p style=\"text-align: justify\"><strong>Como participar<\/strong><strong>\u00a0<\/strong><\/p>\n<p style=\"text-align: justify;margin: 0cm 0cm 6.0pt 0cm\">Podem participar empresas de parques e incubadoras associadas \u00e0 Anprotec que tenham interesse em apresentar seus projetos \u00e0 grandes empresas, influenciadores e decisores que atuam no setor de transporte, mobilidade urbana e seguran\u00e7a vi\u00e1ria e veicular.<\/p>\n<p style=\"text-align: justify\">As empresas devem apresentar forte prote\u00e7\u00e3o de propriedade intelectual como, por exemplo, patentes depositadas, e possuir prot\u00f3tipos (conclu\u00eddo ou em andamento) do projeto a ser apresentado.<\/p>\n<p style=\"text-align: justify\">As inscri\u00e7\u00f5es estar\u00e3o abertas at\u00e9 1\u00ba de novembro e dever\u00e3o ser feitas por meio deste <a href=\"https:\/\/anprotec.org.br\/site\/wp-content\/uploads\/2017\/10\/Formulario-de-Inscricao_Innovation-Day_20171030.docx\" target=\"_blank\" rel=\"noopener\">formul\u00e1rio<\/a>, que dever\u00e1 ser enviado para o e-mail\u00a0<a href=\"mailto:junior@anprotec.org.br\">atendimento@anprotec.org.br<\/a>.<\/p>\n<p style=\"text-align: justify\">Ser\u00e3o selecionados representantes de at\u00e9 oito empresas para participa\u00e7\u00e3o no \u201cInnovation Day 3M, Anprotec &amp; Consecti\u201d.<\/p>\n<p style=\"text-align: justify\">Acesse o <a href=\"https:\/\/anprotec.org.br\/site\/wp-content\/uploads\/2017\/10\/Formulario-de-Inscricao_Innovation-Day_20171030.docx\" target=\"_blank\" rel=\"noopener\">formul\u00e1rio de inscri\u00e7\u00e3o<\/a>. Confira a <a href=\"https:\/\/anprotec.org.br\/site\/wp-content\/uploads\/2017\/10\/Chamada-3-Innovation-Day_20171030.pdf\" target=\"_blank\" rel=\"noopener\">chamada.<\/a><\/p>\n","protected":false},"excerpt":{"rendered":"<p>[:pt]Neste ano, o foco \u00e9 em log\u00edstica urbana e seguran\u00e7a no tr\u00e2nsito, com \u00eanfase em solu\u00e7\u00f5es que contribuam para um transporte mais seguro e menos custoso.[:]<\/p>\n","protected":false},"author":8,"featured_media":21165,"comment_status":"open","ping_status":"open","sticky":false,"template":"","format":"standard","meta":{"footnotes":"","_links_to":"","_links_to_target":""},"categories":[3],"tags":[],"calendar":[],"_links":{"self":[{"href":"https:\/\/anprotec.org.br\/site\/wp-json\/wp\/v2\/posts\/20100"}],"collection":[{"href":"https:\/\/anprotec.org.br\/site\/wp-json\/wp\/v2\/posts"}],"about":[{"href":"https:\/\/anprotec.org.br\/site\/wp-json\/wp\/v2\/types\/post"}],"author":[{"embeddable":true,"href":"https:\/\/anprotec.org.br\/site\/wp-json\/wp\/v2\/users\/8"}],"replies":[{"embeddable":true,"href":"https:\/\/anprotec.org.br\/site\/wp-json\/wp\/v2\/comments?post=20100"}],"version-history":[{"count":3,"href":"https:\/\/anprotec.org.br\/site\/wp-json\/wp\/v2\/posts\/20100\/revisions"}],"predecessor-version":[{"id":26871,"href":"https:\/\/anprotec.org.br\/site\/wp-json\/wp\/v2\/posts\/20100\/revisions\/26871"}],"wp:featuredmedia":[{"embeddable":true,"href":"https:\/\/anprotec.org.br\/site\/wp-json\/wp\/v2\/media\/21165"}],"wp:attachment":[{"href":"https:\/\/anprotec.org.br\/site\/wp-json\/wp\/v2\/media?parent=20100"}],"wp:term":[{"taxonomy":"category","embeddable":true,"href":"https:\/\/anprotec.org.br\/site\/wp-json\/wp\/v2\/categories?post=20100"},{"taxonomy":"post_tag","embeddable":true,"href":"https:\/\/anprotec.org.br\/site\/wp-json\/wp\/v2\/tags?post=20100"},{"taxonomy":"calendar","embeddable":true,"href":"https:\/\/anprotec.org.br\/site\/wp-json\/wp\/v2\/calendar?post=20100"}],"curies":[{"name":"wp","href":"https:\/\/api.w.org\/{rel}","templated":true}]}}