{"id":19936,"date":"2017-09-08T17:31:06","date_gmt":"2017-09-08T20:31:06","guid":{"rendered":"http:\/\/anprotec.org.br\/site\/?p=19936"},"modified":"2017-09-12T19:07:13","modified_gmt":"2017-09-12T22:07:13","slug":"supera-incubadora-busca-projetos-inovadores-que-atendam-demandas-da-sociedade","status":"publish","type":"post","link":"https:\/\/anprotec.org.br\/site\/2017\/09\/supera-incubadora-busca-projetos-inovadores-que-atendam-demandas-da-sociedade\/","title":{"rendered":"[:pt]Supera Incubadora abre inscri\u00e7\u00f5es para projetos inovadores [:]"},"content":{"rendered":"<p>[:pt]<\/p>\n<p style=\"text-align: justify\"><img decoding=\"async\" loading=\"lazy\" class=\"alignleft size-thumbnail wp-image-19381\" src=\"https:\/\/anprotec.org.br\/site\/wp-content\/uploads\/2017\/08\/5-270x160.jpg\" alt=\"5\" width=\"270\" height=\"160\" \/>A Supera Incubadora de Empresas de Base Tecnol\u00f3gica busca novos projetos inovadores, capazes de atender demandas da sociedade. Com 14 anos de experi\u00eancia apoiando a cria\u00e7\u00e3o de novos neg\u00f3cios, a Incubadora se destaca nas \u00e1reas de tecnologia da informa\u00e7\u00e3o, biotecnologia, equipamentos m\u00e9dico-hospitalar-odontol\u00f3gicos, bioenergia, f\u00e1rmacos e cosm\u00e9ticos, e est\u00e3o entre as melhores institui\u00e7\u00f5es do Brasil em sua categoria.<\/p>\n<p style=\"text-align: justify\">Atualmente a incubadora conta com 43 empresas que recebem infraestrutura b\u00e1sica para o empreendimento, assessoria, capacita\u00e7\u00e3o e networking. &#8220;A Supera Incubadora de Empresas busca empreendimentos que tragam uma solu\u00e7\u00e3o inovadora para um gargalo existente na sociedade. O resultado \u00e9 visto no desenvolvimento socioecon\u00f4mico de Ribeir\u00e3o Preto e regi\u00e3o, atrav\u00e9s da cria\u00e7\u00e3o de novas oportunidades de trabalho, na expans\u00e3o das \u00e1reas tecnol\u00f3gicas e na acelera\u00e7\u00e3o de startups&#8221;\u009d, explica Saulo Rodrigues, gerente da Incubadora.<\/p>\n<p style=\"text-align: justify\">&#8220;S\u00e3o dois processos seletivos realizados todos os anos, um em cada semestre. No primeiro semestre de 2017, foram seis novas startups selecionadas e para o segundo semestre, o processo est\u00e1 com inscri\u00e7\u00f5es abertas at\u00e9 o dia 20 de setembro&#8221;\u009d, enfatiza. As inscri\u00e7\u00f5es custam R$ 240 e devem ser feitas, exclusivamente pelo site <a href=\"https:\/\/gust.com\/programs\/processo-seletivo-de-projetos-002-2017\">https:\/\/gust.com\/programs\/processo-seletivo-de-projetos-002-2017<\/a>.<\/p>\n<p style=\"text-align: justify\">O gerente alerta que quem tem o desejo de participar do processo seletivo precisa ficar atento: desde o primeiro semestre de 2017, um dos requisitos do edital \u00e9 que os proponentes participem do curso Empreende na Supera. Cada proposta inscrita no processo precisa, necessariamente, que um componente da equipe desenvolvedora participe ou j\u00e1 tenha participado do curso\u009d, explica Rodrigues.<\/p>\n<p style=\"text-align: justify\">O Empreende na Supera, que est\u00e1 na terceira edi\u00e7\u00e3o, est\u00e1 com inscri\u00e7\u00f5es abertas at\u00e9 o dia 8 de setembro, no site <a href=\"http:\/\/superaparque.com.br\/noticia\/169\/supera-incubadora-busca-projetos-inovadores--que-atendam-demandas-da-sociedade\/www.superaparque.com.br\/empreende\" target=\"_blank\">www.superaparque.com.br\/empreende<\/a>. O investimento \u00e9 de R$ 180.<\/p>\n<p style=\"text-align: justify\">Os projetos submetidos ao processo de sele\u00e7\u00e3o ser\u00e3o avaliados de acordo com crit\u00e9rios t\u00e9cnicos, como alinhamento com os objetivos da incubadora; viabilidade do neg\u00f3cio; car\u00e1ter inovador, entre outros. Aqueles que forem considerados aptos a continuarem no processo seletivo, receber\u00e3o capacita\u00e7\u00f5es como workshops, acompanhamentos semanais, mentorias, e participar\u00e3o do Demoday &#8211; onde apresentar\u00e3o suas propostas para uma banca avaliadora.<\/p>\n<p style=\"text-align: justify\">O edital do processo seletivo referente ao segundo semestre de 2017 est\u00e1 dispon\u00edvel no site\u00a0 <a href=\"http:\/\/superaparque.com.br\/selecao-de-empresas\">http:\/\/superaparque.com.br\/selecao-de-empresas<\/a>. Informa\u00e7\u00f5es: <a href=\"http:\/\/superaparque.com.br\/noticia\/169\/supera-incubadora-busca-projetos-inovadores--que-atendam-demandas-da-sociedade\/supera@fipase.org.br\">supera@fipase.org.br<\/a> ou pelo telefone (16) 3315.0735.<\/p>\n<p style=\"text-align: justify\"><strong>Supera Parque<br \/>\n<\/strong>O Supera Parque de Inova\u00e7\u00e3o e Tecnologia de Ribeiro Preto \u00e9 resultado de uma parceria entre a Fipase, a Universidade de S\u00e3o Paulo (USP), Prefeitura Municipal de Ribeir\u00e3o Preto e Secretaria de Desenvolvimento do Estado de S\u00e3o Paulo. Instalado no Campus da USP local, o Parque abriga a Supera Incubadora de Empresas, o Supera Centro de Tecnologia, a associa\u00e7\u00e3o do Arranjo Produtivo Local (APL) da Sa\u00fade, o Polo Industrial de Software (PISO), al\u00e9m do Supera Centro de Neg\u00f3cios.<\/p>\n<p style=\"text-align: justify\">Ao todo, s\u00e3o 63 empresas instaladas no Parque, sendo: 43 delas na Supera Incubadora de Empresas de Base Tecnol\u00f3gica; 15 empreendimentos no Centro de Neg\u00f3cios e 5 na aceleradora SEVNA Seed.<\/p>\n<p style=\"text-align: justify\">I<strong>nforma\u00e7\u00f5es para a Imprensa<br \/>\n<\/strong>Medialink Comunica\u00e7\u00e3o &#8211; (11) 3817-2131<br \/>\nRaul Fagundes &#8211; <a href=\"mailto:raul.fagundes@medialink.com.br\">raul.fagundes@medialink.com.br<br \/>\n<\/a>Ana Cunha &#8211; <a href=\"mailto:ana.cunha@medialink.com.br\">ana.cunha@medialink.com.br<\/a> &#8211; (16) 98152-039<\/p>\n<p>[:]<\/p>\n","protected":false},"excerpt":{"rendered":"<p>[:pt]A Supera Incubadora de Empresas busca empreendimentos que tragam uma solu\u00e7\u00e3o inovadora para um gargalo existente na sociedade. [:]<\/p>\n","protected":false},"author":8,"featured_media":19381,"comment_status":"open","ping_status":"open","sticky":false,"template":"","format":"standard","meta":{"footnotes":"","_links_to":"","_links_to_target":""},"categories":[3],"tags":[],"calendar":[],"_links":{"self":[{"href":"https:\/\/anprotec.org.br\/site\/wp-json\/wp\/v2\/posts\/19936"}],"collection":[{"href":"https:\/\/anprotec.org.br\/site\/wp-json\/wp\/v2\/posts"}],"about":[{"href":"https:\/\/anprotec.org.br\/site\/wp-json\/wp\/v2\/types\/post"}],"author":[{"embeddable":true,"href":"https:\/\/anprotec.org.br\/site\/wp-json\/wp\/v2\/users\/8"}],"replies":[{"embeddable":true,"href":"https:\/\/anprotec.org.br\/site\/wp-json\/wp\/v2\/comments?post=19936"}],"version-history":[{"count":15,"href":"https:\/\/anprotec.org.br\/site\/wp-json\/wp\/v2\/posts\/19936\/revisions"}],"predecessor-version":[{"id":20014,"href":"https:\/\/anprotec.org.br\/site\/wp-json\/wp\/v2\/posts\/19936\/revisions\/20014"}],"wp:featuredmedia":[{"embeddable":true,"href":"https:\/\/anprotec.org.br\/site\/wp-json\/wp\/v2\/media\/19381"}],"wp:attachment":[{"href":"https:\/\/anprotec.org.br\/site\/wp-json\/wp\/v2\/media?parent=19936"}],"wp:term":[{"taxonomy":"category","embeddable":true,"href":"https:\/\/anprotec.org.br\/site\/wp-json\/wp\/v2\/categories?post=19936"},{"taxonomy":"post_tag","embeddable":true,"href":"https:\/\/anprotec.org.br\/site\/wp-json\/wp\/v2\/tags?post=19936"},{"taxonomy":"calendar","embeddable":true,"href":"https:\/\/anprotec.org.br\/site\/wp-json\/wp\/v2\/calendar?post=19936"}],"curies":[{"name":"wp","href":"https:\/\/api.w.org\/{rel}","templated":true}]}}