{"id":19886,"date":"2017-09-05T14:03:26","date_gmt":"2017-09-05T17:03:26","guid":{"rendered":"http:\/\/anprotec.org.br\/site\/?p=19886"},"modified":"2017-09-05T14:08:29","modified_gmt":"2017-09-05T17:08:29","slug":"34a-conferencia-da-iasp-tem-participacao-destacada-de-brasileiros","status":"publish","type":"post","link":"https:\/\/anprotec.org.br\/site\/2017\/09\/34a-conferencia-da-iasp-tem-participacao-destacada-de-brasileiros\/","title":{"rendered":"[:pt]34\u00aa Confer\u00eancia da IASP tem participa\u00e7\u00e3o destacada de brasileiros [:]"},"content":{"rendered":"<p>[:pt]<\/p>\n<p style=\"text-align: justify\"><img decoding=\"async\" loading=\"lazy\" class=\"alignleft size-thumbnail wp-image-19889\" src=\"https:\/\/anprotec.org.br\/site\/wp-content\/uploads\/2017\/09\/Captura-de-Tela-2017-09-05-a\u0300s-14.02.22-270x160.png\" alt=\"Captura de Tela 2017-09-05 a\u0300s 14.02.22\" width=\"270\" height=\"160\" \/>O Brasil ter\u00e1 uma participa\u00e7\u00e3o de destaque na 34\u00aa Confer\u00eancia da Associa\u00e7\u00e3o Internacional de Parques Tecnol\u00f3gicos e \u00c1reas de Inova\u00e7\u00e3o (IASP), que acontece entre os dias 26 e 29 de setembro em Istambul, na Turquia. Oito dos 39 papers aprovados para apresenta\u00e7\u00e3o oral e mais seis artigos que ser\u00e3o publicados nos proceedings da Confer\u00eancia s\u00e3o de brasileiros.<\/p>\n<p style=\"text-align: justify\">&#8220;\u00c0 medida que nossa Confer\u00eancia Mundial de 2017 se aproxima, volto a ficar novamente muito contente com a presen\u00e7a ativa e a participa\u00e7\u00e3o dos colegas brasileiros neste evento global. Parques cient\u00edficos e ecossistemas de inova\u00e7\u00e3o brasileiros, muitos dos quais s\u00e3o membros da IASP e, claro, da Anprotec, percebem a import\u00e2ncia dessas confer\u00eancias internacionais para manterem-se conectados ao mundo e a seus colegas. Essa participa\u00e7\u00e3o din\u00e2mica mostra uma grande vitalidade e assegura o crescente prest\u00edgio do movimento brasileiro de parques cient\u00edficos e tecnol\u00f3gicos. \u00d3timo trabalho!&#8221;, destaca Luis Sanz, diretor geral da IASP.<\/p>\n<p style=\"text-align: justify\">Entre os oito papers brasileiros aprovados para apresenta\u00e7\u00e3o oral, seis s\u00e3o de associados ou parceiros da Anprotec; e os outros dois s\u00e3o da pr\u00f3pria associa\u00e7\u00e3o. Tamb\u00e9m merece destaque o fato de que a delega\u00e7\u00e3o brasileira foi v\u00e1rias vezes a maior em rela\u00e7\u00e3o a n\u00famero de participantes nos \u00faltimos anos.<\/p>\n<p style=\"text-align: justify\">&#8220;O envolvimento da comunidade brasileira com o evento reflete a maturidade dos diversos atores nos ecossistemas nacionais e a vontade de participar do debate internacional que definir\u00e1 as pr\u00f3ximas tend\u00eancias e estrat\u00e9gias da \u00e1rea&#8221;, enfatiza Sheila Oliveira Pires, superintendente executiva da Anprotec. &#8220;O grande n\u00famero de brasileiros selecionados reconhece os esfor\u00e7os que estes atores est\u00e3o fazendo para disseminar o empreendedorismo inovador no pa\u00eds&#8221;.<\/p>\n<p style=\"text-align: justify\">A Confer\u00eancia \u00e9 um dos destinos da Miss\u00e3o T\u00e9cnica 2017 da Anprotec, que ser\u00e1 realizada de 17 a 29 de setembro. Antes de irem \u00e0 Turquia, a delega\u00e7\u00e3o visitar\u00e1 os principais ecossistemas de inova\u00e7\u00e3o e conhecer\u00e1 mecanismos de gera\u00e7\u00e3o de empreendimentos nas cidades de M\u00e1laga, Bilbao e Barcelona, na Espanha. Em Barcelona, a delega\u00e7\u00e3o participar\u00e1 de um workshop com Josep Piqu\u00e9, presidente executivo da La Salle Technova e presidente da Associa\u00e7\u00e3o Internacional de Parques Tecnol\u00f3gicos e \u00c1reas de Inova\u00e7\u00e3o (IASP).<\/p>\n<p style=\"text-align: justify\">Com o tema \u201cParques Cient\u00edficos e ecossistemas de inova\u00e7\u00e3o naturais: articulando tend\u00eancias e estrat\u00e9gias futuras\u201d, a Confer\u00eancia est\u00e1 sendo organizada em parceria com o Teknopark Istanbul, o ITU ARI Teknokent e o ODT\u00dc Teknokent.<\/p>\n<p>[:]<\/p>\n","protected":false},"excerpt":{"rendered":"<p>[:pt]Oito papers de brasileiros foram aprovados para apresenta\u00e7\u00e3o oral. Outros seis ser\u00e3o publicados nos proceedings da Confer\u00eancia. [:]<\/p>\n","protected":false},"author":8,"featured_media":19889,"comment_status":"open","ping_status":"open","sticky":false,"template":"","format":"standard","meta":{"footnotes":"","_links_to":"","_links_to_target":""},"categories":[3],"tags":[],"calendar":[],"_links":{"self":[{"href":"https:\/\/anprotec.org.br\/site\/wp-json\/wp\/v2\/posts\/19886"}],"collection":[{"href":"https:\/\/anprotec.org.br\/site\/wp-json\/wp\/v2\/posts"}],"about":[{"href":"https:\/\/anprotec.org.br\/site\/wp-json\/wp\/v2\/types\/post"}],"author":[{"embeddable":true,"href":"https:\/\/anprotec.org.br\/site\/wp-json\/wp\/v2\/users\/8"}],"replies":[{"embeddable":true,"href":"https:\/\/anprotec.org.br\/site\/wp-json\/wp\/v2\/comments?post=19886"}],"version-history":[{"count":6,"href":"https:\/\/anprotec.org.br\/site\/wp-json\/wp\/v2\/posts\/19886\/revisions"}],"predecessor-version":[{"id":19894,"href":"https:\/\/anprotec.org.br\/site\/wp-json\/wp\/v2\/posts\/19886\/revisions\/19894"}],"wp:featuredmedia":[{"embeddable":true,"href":"https:\/\/anprotec.org.br\/site\/wp-json\/wp\/v2\/media\/19889"}],"wp:attachment":[{"href":"https:\/\/anprotec.org.br\/site\/wp-json\/wp\/v2\/media?parent=19886"}],"wp:term":[{"taxonomy":"category","embeddable":true,"href":"https:\/\/anprotec.org.br\/site\/wp-json\/wp\/v2\/categories?post=19886"},{"taxonomy":"post_tag","embeddable":true,"href":"https:\/\/anprotec.org.br\/site\/wp-json\/wp\/v2\/tags?post=19886"},{"taxonomy":"calendar","embeddable":true,"href":"https:\/\/anprotec.org.br\/site\/wp-json\/wp\/v2\/calendar?post=19886"}],"curies":[{"name":"wp","href":"https:\/\/api.w.org\/{rel}","templated":true}]}}