{"id":19872,"date":"2017-09-05T11:26:06","date_gmt":"2017-09-05T14:26:06","guid":{"rendered":"http:\/\/anprotec.org.br\/site\/?p=19872"},"modified":"2017-09-05T11:27:25","modified_gmt":"2017-09-05T14:27:25","slug":"parque-tecnologico-de-sorocaba-lanca-premio-de-inovacao-2","status":"publish","type":"post","link":"https:\/\/anprotec.org.br\/site\/2017\/09\/parque-tecnologico-de-sorocaba-lanca-premio-de-inovacao-2\/","title":{"rendered":"[:pt]Parque Tecnol\u00f3gico de Sorocaba lan\u00e7a Pr\u00eamio de Inova\u00e7\u00e3o[:]"},"content":{"rendered":"<p>[:pt]<\/p>\n<p style=\"text-align: justify\"><img decoding=\"async\" loading=\"lazy\" class=\"alignleft size-full wp-image-19876\" src=\"https:\/\/anprotec.org.br\/site\/wp-content\/uploads\/2017\/09\/Temp-noti\u0301cia001.jpg\" alt=\"Temp noti\u0301cia001\" width=\"270\" height=\"270\" \/>O Parque Tecnol\u00f3gico de Sorocaba (PTS) abriu nesta semana, as inscri\u00e7\u00f5es para o I Pr\u00eamio Sorocaba de Inova\u00e7\u00e3o. O pr\u00eamio visa identificar e reconhecer esfor\u00e7os, bem como produtos, processos, modelos de neg\u00f3cios, iniciativas e servi\u00e7os inovadores que contribuam para o desenvolvimento e a consolida\u00e7\u00e3o da cidade como um dos polos de Inova\u00e7\u00e3o no Brasil, atraindo parcerias e investimentos para a regi\u00e3o.<\/p>\n<p style=\"text-align: justify\">O pr\u00eamio \u00e9 destinado a cidad\u00e3os e empresas da Regi\u00e3o Metropolitana de Sorocaba, em seis categorias diferentes: startups (por produtos e processos), Microempreendedores Individuais (por novos modelos de neg\u00f3cios e produtos), Ind\u00fastria (por inova\u00e7\u00e3o tecnol\u00f3gica, produtos e processos), Com\u00e9rcio e Servi\u00e7os (por novos modelos de neg\u00f3cios), Universidades (por iniciativas de fomento ao empreendedorismo com alunos) e Inova\u00e7\u00e3o Social (por projetos e iniciativas de grande impacto para a sociedade).<\/p>\n<p style=\"text-align: justify\">As inscri\u00e7\u00f5es dever\u00e3o ser feitas exclusivamente pelo site premiosorocaba.com.br, at\u00e9 o dia 29\u00a0de setembro. No dia 7 de novembro ser\u00e3o feitas as avalia\u00e7\u00f5es presenciais dos finalistas. A entrega do Pr\u00eamio ser\u00e1 realizada no dia 16 de novembro, no encerramento do 4\u00ba Empreende Sorocaba, que faz parte da Rede Global de Empreendedorismo.<\/p>\n<p style=\"text-align: justify\">\u201cO Parque Tecnol\u00f3gico \u00e9 uma das ferramentas para o desenvolvimento econ\u00f4mico e tecnol\u00f3gico de Sorocaba. Por isso, ele promover\u00e1 esse pr\u00eamio, para reconhecer as melhores iniciativas da regi\u00e3o no tocante a esses assuntos, dando a elas proje\u00e7\u00e3o e visibilidade\u201d, diz Rodrigo Mendes, Diretor Executivo do PTS.<\/p>\n<p style=\"text-align: justify\">O pr\u00eamio tem apoio da 4Legacy, Associa\u00e7\u00e3o Comercial de Sorocaba, CIESP Sorocaba, Banco do Povo Paulista, Espa\u00e7o Empreendedor, SEBRAE SP e Startup Sorocaba.<\/p>\n<p style=\"text-align: justify\"><strong>Contato para imprensa<\/strong><\/p>\n<p style=\"text-align: justify\">OS2 Comunica\u00e7\u00e3o<br \/>\nJornalista Respons\u00e1vel: Tha\u00eds da Silveira<br \/>\nAtendimento: Andr\u00e9 Canevalle<br \/>\nContato: (15) 3318-1922 \/ 99601-7667<br \/>\n<a href=\"mailto:andre@os2comunicacao.com.br\">andre@os2comunicacao.com.br<\/a><\/p>\n<p>[:]<\/p>\n","protected":false},"excerpt":{"rendered":"<p>[:pt]Pr\u00eamio visa reconhecer contribui\u00e7\u00f5es para o desenvolvimento e a consolida\u00e7\u00e3o do Munic\u00edpio de Sorocaba como um dos polos de Inova\u00e7\u00e3o no Brasil.[:]<\/p>\n","protected":false},"author":8,"featured_media":19878,"comment_status":"open","ping_status":"open","sticky":false,"template":"","format":"standard","meta":{"footnotes":"","_links_to":"","_links_to_target":""},"categories":[3],"tags":[],"calendar":[],"_links":{"self":[{"href":"https:\/\/anprotec.org.br\/site\/wp-json\/wp\/v2\/posts\/19872"}],"collection":[{"href":"https:\/\/anprotec.org.br\/site\/wp-json\/wp\/v2\/posts"}],"about":[{"href":"https:\/\/anprotec.org.br\/site\/wp-json\/wp\/v2\/types\/post"}],"author":[{"embeddable":true,"href":"https:\/\/anprotec.org.br\/site\/wp-json\/wp\/v2\/users\/8"}],"replies":[{"embeddable":true,"href":"https:\/\/anprotec.org.br\/site\/wp-json\/wp\/v2\/comments?post=19872"}],"version-history":[{"count":7,"href":"https:\/\/anprotec.org.br\/site\/wp-json\/wp\/v2\/posts\/19872\/revisions"}],"predecessor-version":[{"id":19882,"href":"https:\/\/anprotec.org.br\/site\/wp-json\/wp\/v2\/posts\/19872\/revisions\/19882"}],"wp:featuredmedia":[{"embeddable":true,"href":"https:\/\/anprotec.org.br\/site\/wp-json\/wp\/v2\/media\/19878"}],"wp:attachment":[{"href":"https:\/\/anprotec.org.br\/site\/wp-json\/wp\/v2\/media?parent=19872"}],"wp:term":[{"taxonomy":"category","embeddable":true,"href":"https:\/\/anprotec.org.br\/site\/wp-json\/wp\/v2\/categories?post=19872"},{"taxonomy":"post_tag","embeddable":true,"href":"https:\/\/anprotec.org.br\/site\/wp-json\/wp\/v2\/tags?post=19872"},{"taxonomy":"calendar","embeddable":true,"href":"https:\/\/anprotec.org.br\/site\/wp-json\/wp\/v2\/calendar?post=19872"}],"curies":[{"name":"wp","href":"https:\/\/api.w.org\/{rel}","templated":true}]}}