{"id":19834,"date":"2017-09-04T11:46:55","date_gmt":"2017-09-04T14:46:55","guid":{"rendered":"http:\/\/anprotec.org.br\/site\/?p=19834"},"modified":"2018-04-11T13:06:01","modified_gmt":"2018-04-11T16:06:01","slug":"anprotec-assina-acordo-com-cni-e-iel","status":"publish","type":"post","link":"https:\/\/anprotec.org.br\/site\/2017\/09\/anprotec-assina-acordo-com-cni-e-iel\/","title":{"rendered":"[:pt]Anprotec assina acordo de parceria e coopera\u00e7\u00e3o com CNI e IEL [:]"},"content":{"rendered":"<p>[:pt]<div id=\"attachment_19835\" style=\"width: 280px\" class=\"wp-caption alignleft\"><img aria-describedby=\"caption-attachment-19835\" decoding=\"async\" loading=\"lazy\" class=\"size-thumbnail wp-image-19835\" src=\"https:\/\/anprotec.org.br\/site\/wp-content\/uploads\/2017\/09\/20170901_Anprotec-e-CNI_001-270x160.jpg\" alt=\"Robson Braga de Andrade, Jorge Audy, Sergio Risola, Pedro Wongtschowski.\" width=\"270\" height=\"160\" \/><p id=\"caption-attachment-19835\" class=\"wp-caption-text\">Robson Braga de Andrade, Jorge Audy, Sergio Risola, Pedro Wongtschowski.<\/p><\/div>\n<p style=\"text-align: justify\">A Anprotec assinou, na \u00faltima sexta-feira, durante a reuni\u00e3o do Comit\u00ea de L\u00edderes da Mobiliza\u00e7\u00e3o Empresarial pela Inova\u00e7\u00e3o (MEI), em S\u00e3o Paulo, um acordo de coopera\u00e7\u00e3o junto \u00e0 CNI (Confedera\u00e7\u00e3o Nacional da Ind\u00fastria) e ao IEL (Instituto Euvaldo Lodi). O objetivo da\u00a0parceria \u00e9 estimular o progresso de startups e desenvolver propostas de aprimoramento de pol\u00edticas p\u00fablicas que ajudem na consolida\u00e7\u00e3o do ecossistema inovador no pa\u00eds.<\/p>\n<p style=\"text-align: justify\">A coopera\u00e7\u00e3o entre as institui\u00e7\u00f5es envolve uma s\u00e9rie de a\u00e7\u00f5es que contribuir\u00e3o para o desenvolvimento do ecossistema de inova\u00e7\u00e3o brasileiro e amplia\u00e7\u00e3o da competitividade das startups, entre elas, a dissemina\u00e7\u00e3o de instrumentos de fomento, boas pr\u00e1ticas e conte\u00fados, atrav\u00e9s de estudos e eventos promovidos pelas entidades.<\/p>\n<p style=\"text-align: justify\">O n\u00famero de startups brasileiras filiadas pela ABStartups atualmente \u00e9 4,2 mil, mas esse total pode alcan\u00e7ar \u00edndices quantitativos maiores. Para Jorge Audy, presidente da Anprotec, as a\u00e7\u00f5es decorrentes da parceria servir\u00e3o como incentivo para a cria\u00e7\u00e3o de novas empresas nascentes e scale-ups globais que ajudar\u00e3o no desafio da internacionaliza\u00e7\u00e3o destas.<\/p>\n<p style=\"text-align: justify\">\u201cEsse acordo aproxima grandes e m\u00e9dias empresas a startups, visando criar um ambiente fomentador ao surgimento de est\u00edmulos para o desenvolvimento de empresas nascentes e apoio para a incorpora\u00e7\u00e3o de tecnologias por elas desenvolvidas por parte de grandes empresas\u201d, ressalta Audy.<\/p>\n<p style=\"text-align: justify\">&#8220;A maneira como as grandes corpora\u00e7\u00f5es est\u00e3o montando os seus fundos de investimento e se aproximando da Anprotec e das startups que est\u00e3o dentro dos ambientes da associa\u00e7\u00e3o \u00e9 absolutamente positiva. Essa tend\u00eancia, j\u00e1 forte nos EUA, em Israel e na Europa, come\u00e7a a ser real aqui no Brasil&#8221;, destaca Sergio Risola, diretor-executivo do Cietec e diretor da Anprotec. &#8220;As corpora\u00e7\u00f5es perceberam que elas t\u00eam que se juntar \u00e0s startups, ou v\u00e3o ficar para tr\u00e1s&#8221;, completa.<\/p>\n<div id=\"attachment_19840\" style=\"width: 280px\" class=\"wp-caption alignright\"><img aria-describedby=\"caption-attachment-19840\" decoding=\"async\" loading=\"lazy\" class=\"size-thumbnail wp-image-19840\" src=\"https:\/\/anprotec.org.br\/site\/wp-content\/uploads\/2017\/09\/20170901_Anprotec-e-CNI_2001-3-270x160.jpg\" alt=\"Jorge Audy e Sergio Risola\" width=\"270\" height=\"160\" srcset=\"https:\/\/anprotec.org.br\/site\/wp-content\/uploads\/2017\/09\/20170901_Anprotec-e-CNI_2001-3-270x160.jpg 270w, https:\/\/anprotec.org.br\/site\/wp-content\/uploads\/2017\/09\/20170901_Anprotec-e-CNI_2001-3-300x178.jpg 300w, https:\/\/anprotec.org.br\/site\/wp-content\/uploads\/2017\/09\/20170901_Anprotec-e-CNI_2001-3-768x455.jpg 768w, https:\/\/anprotec.org.br\/site\/wp-content\/uploads\/2017\/09\/20170901_Anprotec-e-CNI_2001-3.jpg 800w\" sizes=\"(max-width: 270px) 100vw, 270px\" \/><p id=\"caption-attachment-19840\" class=\"wp-caption-text\">Jorge Audy e Sergio Risola<\/p><\/div>\n<p style=\"text-align: justify\">A parceria prev\u00ea ainda a integra\u00e7\u00e3o dos empreendedores iniciantes com as grandes empresas. Essa ponte que ser\u00e1 feita pelas institui\u00e7\u00f5es promover\u00e1 o interc\u00e2mbio de informa\u00e7\u00f5es sobre formas de promover a inova\u00e7\u00e3o, com destaque para as pr\u00e1ticas para acesso a recursos de capital de risco.<\/p>\n<p style=\"text-align: justify\">&#8220;Com a parceria, buscamos fortalecer a rede de incubadoras e aceleradoras para cooperar tamb\u00e9m com as empresas que comp\u00f5em a MEI&#8221;, afirmou o presidente da CNI, Robson Braga de Andrade.<\/p>\n<p style=\"text-align: justify\">O destaque do evento se deu pelas parcerias, que em meio a uma forte crise no setor de CT&amp;I ser\u00e3o extremamente importantes. O objetivo do encontro foi justamente ampliar a integra\u00e7\u00e3o entre institui\u00e7\u00f5es que apoiam a inova\u00e7\u00e3o. Al\u00e9m disso, foram debatidos temas como: os desafios no investimento em Pesquisa e Inova\u00e7\u00e3o, a estrat\u00e9gia de Internet das Coisas e as a\u00e7\u00f5es do minist\u00e9rio de Ci\u00eancia, Tecnologia, Inova\u00e7\u00e3o e Comunica\u00e7\u00f5es.<\/p>\n<p style=\"text-align: justify\"><strong>Programa Inova<\/strong><\/p>\n<p style=\"text-align: justify\">Durante o evento o IEL firmou um acordo tamb\u00e9m com o Minist\u00e9rio de Ci\u00eancia, Tecnologia, Inova\u00e7\u00e3o e Comunica\u00e7\u00f5es (MCTIC) e com o Conselho Nacional de Desenvolvimento Cient\u00edfico e Tecnol\u00f3gico (CNPq) que desenvolver\u00e1 os tr\u00eas eixos do programa Inova, dois deles, sendo novas modalidades, o Inova Global e Inova Tec. O acordo prev\u00ea a concess\u00e3o de bolsas pelo CNPq.<\/p>\n<p style=\"text-align: justify\"><strong>BNDES e Embrapii<\/strong><\/p>\n<p style=\"text-align: justify\">Outra parceria firmada foi a do Banco Nacional de Desenvolvimento Social e Econ\u00f4mico (BNDES) com a Empresa Brasileira de Pesquisa e Inova\u00e7\u00e3o Industrial (Embrapii) que d\u00e1 a oportunidade de financiar com Cart\u00e3o BNDES projetos relacionados \u00e0 internet das coisas, sa\u00fade e manufatura avan\u00e7ada em unidades credenciadas pela Embrapii.<\/p>\n<p>[:]<\/p>\n","protected":false},"excerpt":{"rendered":"<p>[:pt]Objetivo \u00e9 estimular o progresso de startups e desenvolver propostas de aprimoramento de pol\u00edticas p\u00fablicas que ajudem na consolida\u00e7\u00e3o do ecossistema inovador no pa\u00eds.[:]<\/p>\n","protected":false},"author":8,"featured_media":19835,"comment_status":"open","ping_status":"open","sticky":false,"template":"","format":"standard","meta":{"footnotes":"","_links_to":"","_links_to_target":""},"categories":[3],"tags":[],"calendar":[],"_links":{"self":[{"href":"https:\/\/anprotec.org.br\/site\/wp-json\/wp\/v2\/posts\/19834"}],"collection":[{"href":"https:\/\/anprotec.org.br\/site\/wp-json\/wp\/v2\/posts"}],"about":[{"href":"https:\/\/anprotec.org.br\/site\/wp-json\/wp\/v2\/types\/post"}],"author":[{"embeddable":true,"href":"https:\/\/anprotec.org.br\/site\/wp-json\/wp\/v2\/users\/8"}],"replies":[{"embeddable":true,"href":"https:\/\/anprotec.org.br\/site\/wp-json\/wp\/v2\/comments?post=19834"}],"version-history":[{"count":8,"href":"https:\/\/anprotec.org.br\/site\/wp-json\/wp\/v2\/posts\/19834\/revisions"}],"predecessor-version":[{"id":20243,"href":"https:\/\/anprotec.org.br\/site\/wp-json\/wp\/v2\/posts\/19834\/revisions\/20243"}],"wp:featuredmedia":[{"embeddable":true,"href":"https:\/\/anprotec.org.br\/site\/wp-json\/wp\/v2\/media\/19835"}],"wp:attachment":[{"href":"https:\/\/anprotec.org.br\/site\/wp-json\/wp\/v2\/media?parent=19834"}],"wp:term":[{"taxonomy":"category","embeddable":true,"href":"https:\/\/anprotec.org.br\/site\/wp-json\/wp\/v2\/categories?post=19834"},{"taxonomy":"post_tag","embeddable":true,"href":"https:\/\/anprotec.org.br\/site\/wp-json\/wp\/v2\/tags?post=19834"},{"taxonomy":"calendar","embeddable":true,"href":"https:\/\/anprotec.org.br\/site\/wp-json\/wp\/v2\/calendar?post=19834"}],"curies":[{"name":"wp","href":"https:\/\/api.w.org\/{rel}","templated":true}]}}