{"id":19831,"date":"2017-09-04T11:22:17","date_gmt":"2017-09-04T14:22:17","guid":{"rendered":"http:\/\/anprotec.org.br\/site\/?p=19831"},"modified":"2017-09-04T11:56:56","modified_gmt":"2017-09-04T14:56:56","slug":"anprotec-e-criabrasilis-assinam-acordo-de-cooperacao","status":"publish","type":"post","link":"https:\/\/anprotec.org.br\/site\/2017\/09\/anprotec-e-criabrasilis-assinam-acordo-de-cooperacao\/","title":{"rendered":"[:pt]Anprotec e Criabrasilis assinam acordo de coopera\u00e7\u00e3o[:]"},"content":{"rendered":"<p>[:pt]<div id=\"attachment_19832\" style=\"width: 280px\" class=\"wp-caption alignleft\"><img aria-describedby=\"caption-attachment-19832\" decoding=\"async\" loading=\"lazy\" class=\"size-thumbnail wp-image-19832\" src=\"https:\/\/anprotec.org.br\/site\/wp-content\/uploads\/2017\/09\/20170901_Anprotec-e-Criabrasilis_001-270x160.jpg\" alt=\"Da esquerda para a direita: Sergio Risola, Solange Muglia Wechsler, Jorge Audy, Wagner Machado\" width=\"270\" height=\"160\" \/><p id=\"caption-attachment-19832\" class=\"wp-caption-text\">Da esquerda para a direita: Sergio Risola, Solange Muglia Wechsler, Jorge Audy, Wagner Machado<\/p><\/div>\n<p style=\"text-align: justify\">Nesta sexta-feira, 1\u00ba de setembro, a Anprotec firmou parceria com a Associa\u00e7\u00e3o Brasileira de Criatividade e Inova\u00e7\u00e3o, a Criabrasilis, associa\u00e7\u00e3o cient\u00edfica e cultural sem fins lucrativos que tem o objetivo de reunir profissionais, estudiosos e interessados em criatividade e inova\u00e7\u00e3o como m\u00e9todo para o progresso da sociedade brasileira. A assinatura da parceria aconteceu na sede da CNI, em S\u00e3o Paulo.<\/p>\n<p style=\"text-align: justify\">\u00a0O memorando de entendimento tem como objetivo motivar a criatividade e a inova\u00e7\u00e3o atrav\u00e9s da constitui\u00e7\u00e3o de uma rede de laborat\u00f3rios de criatividade no pa\u00eds. A iniciativa visa recuperar a confian\u00e7a e a autonomia criativa das pessoas, para que elas desenvolvam projetos inovadores que tragam valor \u00e0 sociedade brasileira.<\/p>\n<p style=\"text-align: justify\">&#8220;O acordo cria uma conex\u00e3o muito importante para o movimento de inova\u00e7\u00e3o e empreendedorismo no pa\u00eds&#8221;, ressalta Jorge Audy, presidente da Anprotec. &#8220;Esses laborat\u00f3rios de criatividade podem difundir e estimular t\u00e9cnicas que ajudem a estimular a cria\u00e7\u00e3o de novas solu\u00e7\u00f5es para problemas complexos, como os que enfrentamos atualmente&#8221;, completa.<\/p>\n<p style=\"text-align: justify\">A a\u00e7\u00e3o foi coordenada pelo vice-presidente da Anprotec, Jos\u00e9 Alberto Sampaio Aranha, e tem como ponto focal a constitui\u00e7\u00e3o de um conjunto de laborat\u00f3rios e de a\u00e7\u00f5es de criatividade em diversos ambientes de inova\u00e7\u00e3o de todo o Brasil. &#8220;Nosso objetivo \u00e9 criar uma rede nacional&#8221;, completa Audy.<\/p>\n<p style=\"text-align: justify\">&#8220;As pesquisas podem mostrar formas de avaliar um perfil criativo, ou como desenvolver um ambiente criativo e at\u00e9 mesmo avaliar se um produto \u00e9 inovador. Essa \u00e9 a contribui\u00e7\u00e3o da academia para a pr\u00e1tica&#8221;, destaca Solange Muglia Wechsler, presidente da Criabrasilis. &#8220;A criatividade pode ter ideias divergentes, mas a aplicabilidade da criatividade \u00e9 a inova\u00e7\u00e3o&#8221;, acrescenta Solange.<\/p>\n<p style=\"text-align: justify\">O acordo de coopera\u00e7\u00e3o entre a Anprotec e a Criabrasilis tem dura\u00e7\u00e3o de 36 meses, podendo ser prorrogado frente a termo adicional firmado por ambas as partes.<\/p>\n<p>[:]<\/p>\n","protected":false},"excerpt":{"rendered":"<p>[:pt] A assinatura da parceria aconteceu na sede da CNI, em S\u00e3o Paulo, e tem como objetivo a constitui\u00e7\u00e3o de uma rede nacional de laborat\u00f3rios de criatividade. [:]<\/p>\n","protected":false},"author":8,"featured_media":19832,"comment_status":"open","ping_status":"open","sticky":false,"template":"","format":"standard","meta":{"footnotes":"","_links_to":"","_links_to_target":""},"categories":[3],"tags":[],"calendar":[],"_links":{"self":[{"href":"https:\/\/anprotec.org.br\/site\/wp-json\/wp\/v2\/posts\/19831"}],"collection":[{"href":"https:\/\/anprotec.org.br\/site\/wp-json\/wp\/v2\/posts"}],"about":[{"href":"https:\/\/anprotec.org.br\/site\/wp-json\/wp\/v2\/types\/post"}],"author":[{"embeddable":true,"href":"https:\/\/anprotec.org.br\/site\/wp-json\/wp\/v2\/users\/8"}],"replies":[{"embeddable":true,"href":"https:\/\/anprotec.org.br\/site\/wp-json\/wp\/v2\/comments?post=19831"}],"version-history":[{"count":3,"href":"https:\/\/anprotec.org.br\/site\/wp-json\/wp\/v2\/posts\/19831\/revisions"}],"predecessor-version":[{"id":19846,"href":"https:\/\/anprotec.org.br\/site\/wp-json\/wp\/v2\/posts\/19831\/revisions\/19846"}],"wp:featuredmedia":[{"embeddable":true,"href":"https:\/\/anprotec.org.br\/site\/wp-json\/wp\/v2\/media\/19832"}],"wp:attachment":[{"href":"https:\/\/anprotec.org.br\/site\/wp-json\/wp\/v2\/media?parent=19831"}],"wp:term":[{"taxonomy":"category","embeddable":true,"href":"https:\/\/anprotec.org.br\/site\/wp-json\/wp\/v2\/categories?post=19831"},{"taxonomy":"post_tag","embeddable":true,"href":"https:\/\/anprotec.org.br\/site\/wp-json\/wp\/v2\/tags?post=19831"},{"taxonomy":"calendar","embeddable":true,"href":"https:\/\/anprotec.org.br\/site\/wp-json\/wp\/v2\/calendar?post=19831"}],"curies":[{"name":"wp","href":"https:\/\/api.w.org\/{rel}","templated":true}]}}