{"id":19801,"date":"2017-09-01T16:02:00","date_gmt":"2017-09-01T19:02:00","guid":{"rendered":"http:\/\/anprotec.org.br\/site\/?p=19801"},"modified":"2017-09-01T16:03:39","modified_gmt":"2017-09-01T19:03:39","slug":"startups-sao-selecionadas-para-imersao-em-buenos-aires","status":"publish","type":"post","link":"https:\/\/anprotec.org.br\/site\/2017\/09\/startups-sao-selecionadas-para-imersao-em-buenos-aires\/","title":{"rendered":"[:pt]Startups s\u00e3o selecionadas para imers\u00e3o em Buenos Aires[:]"},"content":{"rendered":"<p>[:pt]<\/p>\n<p style=\"text-align: justify\"><img decoding=\"async\" loading=\"lazy\" class=\"alignleft size-thumbnail wp-image-19802\" src=\"https:\/\/anprotec.org.br\/site\/wp-content\/uploads\/2017\/09\/Site-Header-270x160.jpg\" alt=\"Site-Header\" width=\"270\" height=\"160\" \/>Iniciativa conjunta do MDIC, Apex-Brasil, SEBRAE e Anprotec selecionou 15 startups que passar\u00e3o uma semana de imers\u00e3o no ecossistema de inova\u00e7\u00e3o de Buenos Aires entre os dias 7 e 13 de outubro. Segundo o Secret\u00e1rio de Inova\u00e7\u00e3o e Novos Neg\u00f3cios do MDIC, Marcos Vin\u00edcius de Souza, a internacionaliza\u00e7\u00e3o do ecossistema brasileiro de startups tem ganhado relev\u00e2ncia na agenda de diversas institui\u00e7\u00f5es no Pa\u00eds. \u201cPrecisamos incentivar que startups brasileiras nas\u00e7am tendo em vista o mercado mundial e desenvolvam solu\u00e7\u00f5es e modelos de neg\u00f3cios para atenderem desafios globais\u201d.<\/p>\n<p style=\"text-align: justify\">Os principais crit\u00e9rios utilizados pela comiss\u00e3o julgadora para escolha das empresas que participar\u00e3o do evento foram o grau de inova\u00e7\u00e3o da startup, o modelo de neg\u00f3cio, o mapeamento do mercado argentino, a maturidade para internacionaliza\u00e7\u00e3o e a equipe.<\/p>\n<p>As startups selecionadas s\u00e3o:<\/p>\n<ul>\n<li>4Hoofs<\/li>\n<li>Belasis<\/li>\n<li>CloudCRM Sistemas<\/li>\n<li>Estante M\u00e1gica<\/li>\n<li>Farmin<\/li>\n<li>Hub2b<\/li>\n<li>Lett Insights<\/li>\n<li>LocalChef<\/li>\n<li>Myleus Facility<\/li>\n<li>Preamar<\/li>\n<li>Reciclapac<\/li>\n<li>Safe Trace<\/li>\n<li>TNS Nanotecnologia<\/li>\n<li>Tracksale<\/li>\n<li>Verde Ghaia<\/li>\n<\/ul>\n<p style=\"text-align: justify\">Ao longo das pr\u00f3ximas cinco semanas, os empreendedores passar\u00e3o por um ciclo de acelera\u00e7\u00e3o envolvendo webinars com investidores e atores do ecossistema de inova\u00e7\u00e3o portenho, sess\u00f5es individuais com mentores especializados em internacionaliza\u00e7\u00e3o e treinamento de pitch oferecido pela Associa\u00e7\u00e3o Brasileira de Startups (ABStartups). \u201cEsta imers\u00e3o vai ampliar e potencializar a atua\u00e7\u00e3o das startups brasileiras selecionadas a partir de uma iniciativa articulada e coordenada de v\u00e1rios atores do ecossistema brasileiro\u201d, assinala a diretora t\u00e9cnica do Sebrae, Heloisa Menezes. A experi\u00eancia dessa miss\u00e3o, ressalta Heloisa, vai favorecer o posicionamento dessas startups como empresas globais e, certamente, potencializando sua presen\u00e7a no mercado internacional\u201d, assinala a diretora t\u00e9cnica do Sebrae, Helo\u00edsa Menezes.<\/p>\n<p style=\"text-align: justify\">Durante a miss\u00e3o a Buenos Aires, os participantes ter\u00e3o acesso a semin\u00e1rio de oportunidades com executivos de empresas brasileiras instaladas na Argentina e especialistas de mercado locais, rodada de servi\u00e7os com prestadores para a expans\u00e3o do seu neg\u00f3cio no mercado argentino, intera\u00e7\u00e3o com empresas brasileiras maduras que estar\u00e3o prospectando oportunidades de neg\u00f3cio em Buenos Aires, troca de experi\u00eancias com empreendedores locais selecionados pelo governo argentino para participar de miss\u00e3o de startups para S\u00e3o Paulo, apoio na realiza\u00e7\u00e3o de reuni\u00f5es com potenciais parceiros de neg\u00f3cios, workshop de expans\u00e3o internacional, visitas a alguns dos principais atores do ecossistema de inova\u00e7\u00e3o argentino e um demoday para investidores argentinos.<\/p>\n<p style=\"text-align: justify\">Segundo a Diretora de Neg\u00f3cios da Apex-Brasil, Marcia Nejaim, a internacionaliza\u00e7\u00e3o de startups \u00e9 um dos temas priorit\u00e1rios da Ag\u00eancia, alinhado com uma tend\u00eancia mundial de neg\u00f3cios cada vez mais din\u00e2micos e que integram grandes e pequenas empresas na busca de inova\u00e7\u00e3o e novos modelos de neg\u00f3cios. \u201cA a\u00e7\u00e3o articulada entre MDIC, Apex-Brasil, Sebrae e Anprotec potencializa os resultados da miss\u00e3o, uma vez que atores importantes do governo federal e da iniciativa privada est\u00e3o atuando de forma coordenada e estruturada para apoiar a internacionaliza\u00e7\u00e3o das startups no ecossistema da Argentina\u201d, avalia.<\/p>\n<p style=\"text-align: justify\">O programa \u00e9 resultado da IV Reuni\u00e3o da Comiss\u00e3o de Produ\u00e7\u00e3o e Com\u00e9rcio Brasil-Argentina, organizada pelo Minist\u00e9rio da Ind\u00fastria, Com\u00e9rcio Exterior e Servi\u00e7os e pelo Minist\u00e9rio de Produ\u00e7\u00e3o da Argentina. A V reuni\u00e3o bilateral dever\u00e1 ocorrer entre os dias 13 e 14 de setembro e pretende-se discutir o aprofundamento da iniciativa.<\/p>\n<p style=\"text-align: justify\">Para mais informa\u00e7\u00f5es, acesse:\u00a0<a href=\"http:\/\/www.inovativabrasil.com.br\/argentina\" target=\"_blank\">www.inovativabrasil.com.br\/argentina<\/a><\/p>\n<p style=\"text-align: justify\"><em>*Com informa\u00e7\u00f5es do site do <a href=\"http:\/\/www.inovativabrasil.com.br\/startups-sao-selecionadas-para-imersao-em-buenos-aires\/\" target=\"_blank\">InovativaBrasil<\/a><\/em><\/p>\n<p>[:]<\/p>\n","protected":false},"excerpt":{"rendered":"<p>[:pt]Durante a miss\u00e3o, os participantes ter\u00e3o acesso a semin\u00e1rio de oportunidades com executivos de empresas brasileiras instaladas na Argentina.[:]<\/p>\n","protected":false},"author":8,"featured_media":19802,"comment_status":"open","ping_status":"open","sticky":false,"template":"","format":"standard","meta":{"footnotes":"","_links_to":"","_links_to_target":""},"categories":[3],"tags":[],"calendar":[],"_links":{"self":[{"href":"https:\/\/anprotec.org.br\/site\/wp-json\/wp\/v2\/posts\/19801"}],"collection":[{"href":"https:\/\/anprotec.org.br\/site\/wp-json\/wp\/v2\/posts"}],"about":[{"href":"https:\/\/anprotec.org.br\/site\/wp-json\/wp\/v2\/types\/post"}],"author":[{"embeddable":true,"href":"https:\/\/anprotec.org.br\/site\/wp-json\/wp\/v2\/users\/8"}],"replies":[{"embeddable":true,"href":"https:\/\/anprotec.org.br\/site\/wp-json\/wp\/v2\/comments?post=19801"}],"version-history":[{"count":3,"href":"https:\/\/anprotec.org.br\/site\/wp-json\/wp\/v2\/posts\/19801\/revisions"}],"predecessor-version":[{"id":19805,"href":"https:\/\/anprotec.org.br\/site\/wp-json\/wp\/v2\/posts\/19801\/revisions\/19805"}],"wp:featuredmedia":[{"embeddable":true,"href":"https:\/\/anprotec.org.br\/site\/wp-json\/wp\/v2\/media\/19802"}],"wp:attachment":[{"href":"https:\/\/anprotec.org.br\/site\/wp-json\/wp\/v2\/media?parent=19801"}],"wp:term":[{"taxonomy":"category","embeddable":true,"href":"https:\/\/anprotec.org.br\/site\/wp-json\/wp\/v2\/categories?post=19801"},{"taxonomy":"post_tag","embeddable":true,"href":"https:\/\/anprotec.org.br\/site\/wp-json\/wp\/v2\/tags?post=19801"},{"taxonomy":"calendar","embeddable":true,"href":"https:\/\/anprotec.org.br\/site\/wp-json\/wp\/v2\/calendar?post=19801"}],"curies":[{"name":"wp","href":"https:\/\/api.w.org\/{rel}","templated":true}]}}