{"id":19763,"date":"2017-08-30T00:13:31","date_gmt":"2017-08-30T03:13:31","guid":{"rendered":"http:\/\/anprotec.org.br\/site\/?p=19763"},"modified":"2017-08-30T17:33:24","modified_gmt":"2017-08-30T20:33:24","slug":"anprotec-participara-de-debate-sobre-substituicao-tributaria-para-micros-e-pequenas-empresas","status":"publish","type":"post","link":"https:\/\/anprotec.org.br\/site\/2017\/08\/anprotec-participara-de-debate-sobre-substituicao-tributaria-para-micros-e-pequenas-empresas\/","title":{"rendered":"[:pt]Anprotec participar\u00e1 de debate na C\u00e2mara dos Deputados[:]"},"content":{"rendered":"<p>[:pt]<\/p>\n<p style=\"text-align: justify\"><img decoding=\"async\" loading=\"lazy\" class=\"alignleft size-thumbnail wp-image-18889\" src=\"https:\/\/anprotec.org.br\/site\/wp-content\/uploads\/2017\/06\/shutterstock_192412034-270x160.jpg\" alt=\"shutterstock_192412034\" width=\"270\" height=\"160\" \/>O vice-presidente da Anprotec, Jos\u00e9 Alberto Sampaio Aranha, participar\u00e1, nesta quinta-feira (31), de uma audi\u00eancia p\u00fablica na C\u00e2mara dos Deputados, que tem como objetivo analisar o projeto de lei complementar\u00a0(PLP) 341\/2017, que limita a aplica\u00e7\u00e3o da substitui\u00e7\u00e3o tribut\u00e1ria nas opera\u00e7\u00f5es envolvendo micros e pequenas empresas.<\/p>\n<p style=\"text-align: justify\">\u00a0O texto limita em 3,95% a al\u00edquota do ICMS incidente sobre produtos sujeitos \u00e0 substitui\u00e7\u00e3o tribut\u00e1ria adquiridos por microempresas (ME) e por empresas de pequeno porte (EPP) enquadradas no Simples Nacional.\u00a0 A proposta prev\u00ea ainda que o teto do Simples Nacional ser\u00e1 reajustado anualmente pela infla\u00e7\u00e3o medida conforme o \u00cdndice Nacional de Pre\u00e7os ao Consumidor Amplo (<span class=\"termoGlossario\">IPCA<\/span>), do Instituto Brasileiro de Geografia e Estat\u00ed\u00adstica (IBGE).<\/p>\n<p style=\"text-align: justify\">O debate foi proposto pelo deputado Otavio Leite (PSDB-RJ). O parlamentar explica que um dos objetivos do projeto &#8220;\u00e9 reduzir os efeitos danosos do instituto da substitui\u00e7\u00e3o tribut\u00e1ria para os optantes pelo Simples&#8221;\u009d. Segundo ele, atualmente as micro e pequenas empresas acabam pagando a mesma al\u00edquota aplic\u00e1vel \u00e0s demais empresas jur\u00ed\u00addicas de maior porte. &#8220;O projeto prop\u00f5e diversas altera\u00e7\u00f5es neste tocante, mas sabemos da necessidade de ouvir os mais diversos \u00f3rg\u00e3os, a fim de que o pleito dos optantes pelo simples seja alcan\u00e7ado da melhor maneira poss\u00edvel&#8221;\u009d, explica o deputado.<\/p>\n<p style=\"text-align: justify\">Tamb\u00e9m foram convidados para o debate Maria Rita Spina Bueno, diretora executiva da Anjos do Brasil; Carlos Bai\u00e3o, assessor do Servi\u00e7o Brasileiro de Apoio \u00e0s Micro e Pequena Empresas (SEBRAE); Juliano Seabra, presidente da Endeavor do Brasil; Guilherme Gon\u00e7alves Pereira, presidente da Confedera\u00e7\u00e3o Nacional de Jovens Empreendedores (CONAJE); Luiz Eug\u00eanio Figueiredo, coordenador do Comit\u00ea de Regulamenta\u00e7\u00e3o da Associa\u00e7\u00e3o Brasileira de Private Equity &amp; Venture Capital (ABVCAP); e o representante da Associa\u00e7\u00e3o Brasileira de Startups (ABStartup).<\/p>\n<p style=\"text-align: justify\"><strong>Tramita\u00e7\u00e3o<\/strong><br \/>\nO PLP 341\/2017, que altera o Estatuto Nacional da Microempresa e da Empresa de Pequeno Porte (Lei complementar 123\/2006), est\u00e1 em an\u00e1lise na Comiss\u00e3o Especial na C\u00e2mara dos Deputados, criada com a finalidade de analisar a proposta.<\/p>\n<p style=\"text-align: justify\"><em>*Com informa\u00e7\u00f5es da Ag\u00eancia C\u00e2mara<\/em><\/p>\n<p>[:]<\/p>\n","protected":false},"excerpt":{"rendered":"<p>[:pt]O debate contar\u00e1 com a participa\u00e7\u00e3o de atores do ecossistema de inova\u00e7\u00e3o e ter\u00e1 in\u00edcio \u00e0s 10h, ala das Comiss\u00e3o, anexo II da C\u00e2mara.[:]<\/p>\n","protected":false},"author":8,"featured_media":18889,"comment_status":"open","ping_status":"open","sticky":false,"template":"","format":"standard","meta":{"footnotes":"","_links_to":"","_links_to_target":""},"categories":[3],"tags":[],"calendar":[],"_links":{"self":[{"href":"https:\/\/anprotec.org.br\/site\/wp-json\/wp\/v2\/posts\/19763"}],"collection":[{"href":"https:\/\/anprotec.org.br\/site\/wp-json\/wp\/v2\/posts"}],"about":[{"href":"https:\/\/anprotec.org.br\/site\/wp-json\/wp\/v2\/types\/post"}],"author":[{"embeddable":true,"href":"https:\/\/anprotec.org.br\/site\/wp-json\/wp\/v2\/users\/8"}],"replies":[{"embeddable":true,"href":"https:\/\/anprotec.org.br\/site\/wp-json\/wp\/v2\/comments?post=19763"}],"version-history":[{"count":19,"href":"https:\/\/anprotec.org.br\/site\/wp-json\/wp\/v2\/posts\/19763\/revisions"}],"predecessor-version":[{"id":19791,"href":"https:\/\/anprotec.org.br\/site\/wp-json\/wp\/v2\/posts\/19763\/revisions\/19791"}],"wp:featuredmedia":[{"embeddable":true,"href":"https:\/\/anprotec.org.br\/site\/wp-json\/wp\/v2\/media\/18889"}],"wp:attachment":[{"href":"https:\/\/anprotec.org.br\/site\/wp-json\/wp\/v2\/media?parent=19763"}],"wp:term":[{"taxonomy":"category","embeddable":true,"href":"https:\/\/anprotec.org.br\/site\/wp-json\/wp\/v2\/categories?post=19763"},{"taxonomy":"post_tag","embeddable":true,"href":"https:\/\/anprotec.org.br\/site\/wp-json\/wp\/v2\/tags?post=19763"},{"taxonomy":"calendar","embeddable":true,"href":"https:\/\/anprotec.org.br\/site\/wp-json\/wp\/v2\/calendar?post=19763"}],"curies":[{"name":"wp","href":"https:\/\/api.w.org\/{rel}","templated":true}]}}