{"id":19747,"date":"2017-08-29T17:22:13","date_gmt":"2017-08-29T20:22:13","guid":{"rendered":"http:\/\/anprotec.org.br\/site\/?p=19747"},"modified":"2017-08-29T18:05:19","modified_gmt":"2017-08-29T21:05:19","slug":"ultimos-dias-para-inscricao-em-programa-de-pratica-empreendedora","status":"publish","type":"post","link":"https:\/\/anprotec.org.br\/site\/2017\/08\/ultimos-dias-para-inscricao-em-programa-de-pratica-empreendedora\/","title":{"rendered":"[:pt]\u00daltimos dias para inscri\u00e7\u00e3o em programa de pr\u00e1tica empreendedora[:]"},"content":{"rendered":"<p>[:pt]<\/p>\n<p style=\"text-align: justify\"><span style=\"font-weight: 400\"><img decoding=\"async\" loading=\"lazy\" class=\"alignleft size-thumbnail wp-image-19748\" src=\"https:\/\/anprotec.org.br\/site\/wp-content\/uploads\/2017\/08\/board-2449726_1280-270x160.jpg\" alt=\"board-2449726_1280\" width=\"270\" height=\"160\" \/>Se voc\u00ea quer empreender e tem vontade de abrir uma startup mas sente que, por mais que j\u00e1 tenha pesquisado o mercado, precisa de uma ajuda para atravessar o caminho das pedras, ou mesmo precisa de ajuda para validar sua ideia de neg\u00f3cio, participe da quarta edi\u00e7\u00e3o do Mind the Bizz. O programa de orienta\u00e7\u00e3o e pr\u00e1tica empreendedora, parceria do CESAR, Porto Digital e Sebrae Pernambuco est\u00e1 com inscri\u00e7\u00f5es abertas at\u00e9 1\u00b0 de setembro. <\/span><span style=\"font-weight: 400\"><br \/>\n<\/span><span style=\"font-weight: 400\"><br \/>\n<\/span><span style=\"font-weight: 400\">Durante dez semanas, os empreendimentos selecionadas ir\u00e3o participar de atividades pr\u00e1ticas, mentorias com profissionais da \u00e1rea, al\u00e9m de contato com potenciais empres\u00e1rios para que adquiram uma forma\u00e7\u00e3o voltada para o seu neg\u00f3cio. Nesta edi\u00e7\u00e3o, assim como nas anteriores, o direcionamento \u00e9 para empreendedores que atuam na \u00e1rea de Tecnologia da Informa\u00e7\u00e3o e Comunica\u00e7\u00e3o e Economia Criativa.<\/span><span style=\"font-weight: 400\"><br \/>\n<\/span><span style=\"font-weight: 400\"><br \/>\n<\/span><span style=\"font-weight: 400\">\u201cDas 37 startups que j\u00e1 participaram das edi\u00e7\u00f5es anteriores do Mind The Bizz, oito j\u00e1 est\u00e3o em fase de acelera\u00e7\u00e3o e incuba\u00e7\u00e3o. A ideia do programa \u00e9 qualificar potenciais empres\u00e1rios de Pernambuco e tamb\u00e9m e regi\u00f5es pr\u00f3ximas. Desta forma, eles ter\u00e3o mais chances de transformarem seus neg\u00f3cios e alcan\u00e7arem o sucesso mais facilmente e de forma rent\u00e1vel\u201d, comentou o Executivo Chefe de Empreendedorismo do CESAR, Filipe Pessoa.<\/span><span style=\"font-weight: 400\"><br \/>\n<\/span><span style=\"font-weight: 400\"><br \/>\n<\/span><span style=\"font-weight: 400\">Para participar n\u00e3o precisa ser do Recife. O programa foi formatado para acontecer aos s\u00e1bados, possibilitando a presen\u00e7a de pessoas de outras cidades, al\u00e9m de colaboradores que trabalhem em outras empresas e que queiram testar suas ideias empreendedoras. \u201cVamos atender empreendedores de diferentes n\u00edveis e maturidades. Nosso objetivo durante estas semanas \u00e9 de estimular estes projetos para que possam se tornar cria\u00e7\u00e3o de servi\u00e7os avan\u00e7ados \u201d, explicou o especialista do CESAR.<\/span><span style=\"font-weight: 400\"><br \/>\n<\/span><span style=\"font-weight: 400\"><br \/>\n<\/span><span style=\"font-weight: 400\">As inscri\u00e7\u00f5es podem ser realizadas at\u00e9 o dia 01 de setembro, via formul\u00e1rio eletr\u00f4nico, dispon\u00edvel no link <a href=\"https:\/\/docs.google.com\/forms\/d\/e\/1FAIpQLScD1wl1D5QGbT_AYAdCal08lvlMmAdc_gxm2uxxsGbzTc64Aw\/viewform\" target=\"_blank\">http:\/\/seliga.ai\/2uxuNaB<\/a><\/span><\/p>\n<p style=\"text-align: justify\">Fonte:<\/p>\n<p>http:\/\/www.cesar.org.br\/pressreleases\/10\/08\/2017\/abertas-inscricoes-para-programa-mind-the-bizz[:]<\/p>\n","protected":false},"excerpt":{"rendered":"<p>[:pt]Realizado pelo CESAR, Porto Digital e Sebrae Pernambuco, programa Mind the Bizz est\u00e1 com inscri\u00e7\u00f5es abertas at\u00e9 o dia 1\u00b0 de setembro.  [:]<\/p>\n","protected":false},"author":8,"featured_media":19748,"comment_status":"open","ping_status":"open","sticky":false,"template":"","format":"standard","meta":{"footnotes":"","_links_to":"","_links_to_target":""},"categories":[3],"tags":[],"calendar":[],"_links":{"self":[{"href":"https:\/\/anprotec.org.br\/site\/wp-json\/wp\/v2\/posts\/19747"}],"collection":[{"href":"https:\/\/anprotec.org.br\/site\/wp-json\/wp\/v2\/posts"}],"about":[{"href":"https:\/\/anprotec.org.br\/site\/wp-json\/wp\/v2\/types\/post"}],"author":[{"embeddable":true,"href":"https:\/\/anprotec.org.br\/site\/wp-json\/wp\/v2\/users\/8"}],"replies":[{"embeddable":true,"href":"https:\/\/anprotec.org.br\/site\/wp-json\/wp\/v2\/comments?post=19747"}],"version-history":[{"count":10,"href":"https:\/\/anprotec.org.br\/site\/wp-json\/wp\/v2\/posts\/19747\/revisions"}],"predecessor-version":[{"id":19758,"href":"https:\/\/anprotec.org.br\/site\/wp-json\/wp\/v2\/posts\/19747\/revisions\/19758"}],"wp:featuredmedia":[{"embeddable":true,"href":"https:\/\/anprotec.org.br\/site\/wp-json\/wp\/v2\/media\/19748"}],"wp:attachment":[{"href":"https:\/\/anprotec.org.br\/site\/wp-json\/wp\/v2\/media?parent=19747"}],"wp:term":[{"taxonomy":"category","embeddable":true,"href":"https:\/\/anprotec.org.br\/site\/wp-json\/wp\/v2\/categories?post=19747"},{"taxonomy":"post_tag","embeddable":true,"href":"https:\/\/anprotec.org.br\/site\/wp-json\/wp\/v2\/tags?post=19747"},{"taxonomy":"calendar","embeddable":true,"href":"https:\/\/anprotec.org.br\/site\/wp-json\/wp\/v2\/calendar?post=19747"}],"curies":[{"name":"wp","href":"https:\/\/api.w.org\/{rel}","templated":true}]}}