{"id":19599,"date":"2017-08-21T19:36:12","date_gmt":"2017-08-21T22:36:12","guid":{"rendered":"http:\/\/anprotec.org.br\/site\/?p=19599"},"modified":"2017-08-21T22:07:23","modified_gmt":"2017-08-22T01:07:23","slug":"presidente-da-anprotec-participa-da-segunda-edicao-do-encontro-finep-para-inovacao","status":"publish","type":"post","link":"https:\/\/anprotec.org.br\/site\/2017\/08\/presidente-da-anprotec-participa-da-segunda-edicao-do-encontro-finep-para-inovacao\/","title":{"rendered":"[:pt]Presidente da Anprotec participa da segunda edi\u00e7\u00e3o do Encontro Finep[:]"},"content":{"rendered":"<p>[:pt]<\/p>\n<p style=\"text-align: justify\"><img decoding=\"async\" loading=\"lazy\" class=\"alignleft size-medium wp-image-19600\" src=\"https:\/\/anprotec.org.br\/site\/wp-content\/uploads\/2017\/08\/6012742d-96b0-4707-a108-831a419f6609-300x225.jpeg\" alt=\"Encontro Finep para Inova\u00e7\u00e3o\" width=\"300\" height=\"225\" srcset=\"https:\/\/anprotec.org.br\/site\/wp-content\/uploads\/2017\/08\/6012742d-96b0-4707-a108-831a419f6609-300x225.jpeg 300w, https:\/\/anprotec.org.br\/site\/wp-content\/uploads\/2017\/08\/6012742d-96b0-4707-a108-831a419f6609-768x576.jpeg 768w, https:\/\/anprotec.org.br\/site\/wp-content\/uploads\/2017\/08\/6012742d-96b0-4707-a108-831a419f6609-1024x768.jpeg 1024w, https:\/\/anprotec.org.br\/site\/wp-content\/uploads\/2017\/08\/6012742d-96b0-4707-a108-831a419f6609.jpeg 1280w\" sizes=\"(max-width: 300px) 100vw, 300px\" \/>Entre hoje e amanh\u00e3, a Finep realiza a segunda edi\u00e7\u00e3o do Encontro Finep para Inova\u00e7\u00e3o (o primeiro aconteceu em julho, em Fortaleza-CE), na sede do Conselho Nacional de Desenvolvimento Cient\u00edfico e Tecnol\u00f3gico (CNPq), em Bras\u00edlia. A iniciativa tem como objetivo intensificar a atua\u00e7\u00e3o da financiadora junto a parceiros e potenciais clientes do Centro-Oeste.<\/p>\n<p style=\"text-align: justify\">O evento, gratuito e aberto a empresas de todos os portes, contar\u00e1 com a presen\u00e7a do ministro da Ci\u00eancia, Tecnologia, Inova\u00e7\u00f5es e Comunica\u00e7\u00f5es, Gilberto Kassab, e do presidente da Finep, Marcos Cintra. Jorge Audy, presidente da Anprotec, participou da mesa de abertura do encontro, que aconteceu na tarde desta segunda-feira (21).<\/p>\n<p style=\"text-align: justify\">Durante o evento, a Finep anunciar\u00e1 o Banco de Bras\u00edlia como o mais novo agente credenciado do Inovacred (programa de descentraliza\u00e7\u00e3o de cr\u00e9dito da ag\u00eancia). Empres\u00e1rios presentes no evento poder\u00e3o agendar atendimento individual com especialistas da Finep para esclarecer d\u00favidas sobre as linhas e programas, al\u00e9m de condi\u00e7\u00f5es de financiamento e itens financi\u00e1veis.<\/p>\n<p style=\"text-align: justify\">Hoje, o evento contou com uma palestra da presidente do Conselho Nacional das Funda\u00e7\u00f5es Estaduais de Amparo \u00e0 Pesquisa (Confap), Maria Zaira Turchi, que discutir\u00e1 a inova\u00e7\u00e3o e desenvolvimento regional.<\/p>\n<p style=\"text-align: justify\">J\u00e1 amanh\u00e3, al\u00e9m da mesa redonda \u201cExperi\u00eancias de Apoio Finep por Representantes de Empresas e Institui\u00e7\u00f5es Apoiadas\u201d, acontecer\u00e3o dois pain\u00e9is sobre estrat\u00e9gias e instrumentos de apoio \u00e0 inova\u00e7\u00e3o: o primeiro sobre estrat\u00e9gias institucionais e o segundo sobre instrumentos de atua\u00e7\u00e3o.<\/p>\n<p style=\"text-align: justify\">Durante a tarde, o evento prossegue com dois workshops, um no audit\u00f3rio da sede do CNPq, sobre apoio Finep \u00e0s institui\u00e7\u00f5es de Ci\u00eancia e Tecnologia (ICTs) da regi\u00e3o Centro-Oeste e, outro, com parceiros locais que debater\u00e3o a atua\u00e7\u00e3o em parceria.<\/p>\n<p style=\"text-align: justify\">A terceira edi\u00e7\u00e3o do Encontro Finep para Inova\u00e7\u00e3o, realizado sempre em cidades onde a Finep mant\u00e9m unidades, acontecer\u00e1 em Florian\u00f3polis.<\/p>\n<p style=\"text-align: justify\"><strong>Servi\u00e7o<\/strong><\/p>\n<p style=\"text-align: justify\">Entrada gratuita: solicite confirma\u00e7\u00e3o de presen\u00e7a para o email \u2013 encontrofinep@alvoeventos.com.br<\/p>\n<p style=\"text-align: justify\">Data: 21 e 22 de agosto<\/p>\n<p style=\"text-align: justify\">Hora: 1\u00ba dia \u2013 14h30 \u00e0s 19h \/ 2\u00ba dia \u2013 8h30 \u00e0s 18h<\/p>\n<p style=\"text-align: justify\">Local: CNPq<\/p>\n<p style=\"text-align: justify\">Endere\u00e7o: St. De Habita\u00e7\u00f5es Individuais Sul Ql1 \u2013 Conjunto B \u2013 T\u00e9rreo Edif\u00edcio santos Dumont \u2013 Lago Sul<\/p>\n<p style=\"text-align: center\"><img decoding=\"async\" loading=\"lazy\" class=\"alignleft size-large wp-image-19601\" src=\"https:\/\/anprotec.org.br\/site\/wp-content\/uploads\/2017\/08\/encontro_finep_para_inovacao_centro-oeste-01-442x1024.jpg\" alt=\"encontro_finep_para_inovacao_centro oeste-01\" width=\"442\" height=\"1024\" srcset=\"https:\/\/anprotec.org.br\/site\/wp-content\/uploads\/2017\/08\/encontro_finep_para_inovacao_centro-oeste-01-442x1024.jpg 442w, https:\/\/anprotec.org.br\/site\/wp-content\/uploads\/2017\/08\/encontro_finep_para_inovacao_centro-oeste-01-130x300.jpg 130w, https:\/\/anprotec.org.br\/site\/wp-content\/uploads\/2017\/08\/encontro_finep_para_inovacao_centro-oeste-01-768x1778.jpg 768w, https:\/\/anprotec.org.br\/site\/wp-content\/uploads\/2017\/08\/encontro_finep_para_inovacao_centro-oeste-01.jpg 884w\" sizes=\"(max-width: 442px) 100vw, 442px\" \/><\/p>\n<p style=\"text-align: center\">\n<p>[:]<\/p>\n","protected":false},"excerpt":{"rendered":"<p>[:pt]O evento, gratuito e aberto a empresas de todos os portes, contou com a presen\u00e7a do ministro Gilberto Kassab e do presidente da Finep, Marcos Cintra[:]<\/p>\n","protected":false},"author":8,"featured_media":19600,"comment_status":"open","ping_status":"open","sticky":false,"template":"","format":"standard","meta":{"footnotes":"","_links_to":"","_links_to_target":""},"categories":[3],"tags":[],"calendar":[],"_links":{"self":[{"href":"https:\/\/anprotec.org.br\/site\/wp-json\/wp\/v2\/posts\/19599"}],"collection":[{"href":"https:\/\/anprotec.org.br\/site\/wp-json\/wp\/v2\/posts"}],"about":[{"href":"https:\/\/anprotec.org.br\/site\/wp-json\/wp\/v2\/types\/post"}],"author":[{"embeddable":true,"href":"https:\/\/anprotec.org.br\/site\/wp-json\/wp\/v2\/users\/8"}],"replies":[{"embeddable":true,"href":"https:\/\/anprotec.org.br\/site\/wp-json\/wp\/v2\/comments?post=19599"}],"version-history":[{"count":11,"href":"https:\/\/anprotec.org.br\/site\/wp-json\/wp\/v2\/posts\/19599\/revisions"}],"predecessor-version":[{"id":19612,"href":"https:\/\/anprotec.org.br\/site\/wp-json\/wp\/v2\/posts\/19599\/revisions\/19612"}],"wp:featuredmedia":[{"embeddable":true,"href":"https:\/\/anprotec.org.br\/site\/wp-json\/wp\/v2\/media\/19600"}],"wp:attachment":[{"href":"https:\/\/anprotec.org.br\/site\/wp-json\/wp\/v2\/media?parent=19599"}],"wp:term":[{"taxonomy":"category","embeddable":true,"href":"https:\/\/anprotec.org.br\/site\/wp-json\/wp\/v2\/categories?post=19599"},{"taxonomy":"post_tag","embeddable":true,"href":"https:\/\/anprotec.org.br\/site\/wp-json\/wp\/v2\/tags?post=19599"},{"taxonomy":"calendar","embeddable":true,"href":"https:\/\/anprotec.org.br\/site\/wp-json\/wp\/v2\/calendar?post=19599"}],"curies":[{"name":"wp","href":"https:\/\/api.w.org\/{rel}","templated":true}]}}