{"id":19345,"date":"2017-08-01T17:20:38","date_gmt":"2017-08-01T20:20:38","guid":{"rendered":"http:\/\/anprotec.org.br\/site\/?p=19345"},"modified":"2017-08-02T18:53:04","modified_gmt":"2017-08-02T21:53:04","slug":"19345","status":"publish","type":"post","link":"https:\/\/anprotec.org.br\/site\/2017\/08\/19345\/","title":{"rendered":"[:pt]Estrat\u00e9gia para transforma\u00e7\u00e3o digital[:]"},"content":{"rendered":"<p>[:pt]<\/p>\n<p style=\"text-align: justify\"><img decoding=\"async\" loading=\"lazy\" class=\"alignleft size-medium wp-image-18578\" src=\"https:\/\/anprotec.org.br\/site\/wp-content\/uploads\/2017\/05\/shutterstock_262678493-300x200.jpg\" alt=\"shutterstock_262678493\" width=\"300\" height=\"200\" \/>O minist\u00e9rio da Ci\u00eancia, Tecnologia, Inova\u00e7\u00f5es e Comunica\u00e7\u00f5es (MCTIC) recebe, de hoje (1\u00ba) at\u00e9 o dia 31 de agosto, contribui\u00e7\u00f5es em uma consulta p\u00fablica sobre a Estrat\u00e9gia Brasileira para a Transforma\u00e7\u00e3o Digital. O documento-base da estrat\u00e9gia est\u00e1 dispon\u00edvel para quem se cadastrar para participar da consulta.<\/p>\n<p style=\"text-align: justify\">&#8220;\u00c9 uma consulta que visa adaptar o Brasil ao mundo digital, que a cada ano se renova. Queremos que, de maneira efetiva, possa agilizar e preparar o pa\u00eds para uma permanente mudan\u00e7a, num momento em que a bola da vez \u00e9 a Internet das Coisas&#8221;, destacou o ministro da pasta, Gilberto Kassab, durante o lan\u00e7amento da consulta.<\/p>\n<p style=\"text-align: justify\">A proposta de estrat\u00e9gia digital foi elaborada por um grupo interministerial que debateu o tema em 18 reuni\u00f5es. Cerca de 130 especialistas foram ouvidos pelo governo durante a elabora\u00e7\u00e3o. Ap\u00f3s inserir as contribui\u00e7\u00f5es da popula\u00e7\u00e3o, o documento, que servir\u00e1 de par\u00e2metro para uma norma, deve ser encaminhado at\u00e9 o final do ano para a Casa Civil.<\/p>\n<p style=\"text-align: justify\">Kassab afirmou os avan\u00e7os da tecnologia tamb\u00e9m mudam a rela\u00e7\u00e3o das pessoas com o emprego. &#8220;O mundo come\u00e7a a se preparar para viver uma fase de mais avan\u00e7os, mais tecnologia e menos empregos, fazendo com que a gente possa definir a vida das pessoas em fun\u00e7\u00e3o dessa nova circunst\u00e2ncia. Daqui para frente, as pessoas trabalham menos, para que mais pessoas possam trabalhar: v\u00e3o poder cuidar mais das suas vidas pessoais, v\u00e3o poder dar mais aten\u00e7\u00e3o a seus filhos, cuidar melhor da sua sa\u00fade. Em fun\u00e7\u00e3o dessas transforma\u00e7\u00f5es [digitais], o Brasil, com algum atraso, tenta fazer com que adapta\u00e7\u00f5es aconte\u00e7am&#8221;, disse o ministro.<\/p>\n<p style=\"text-align: justify\">O uso de dados digitais pode ser usado para criar ou modificar os neg\u00f3cios. Segundo a equipe que elaborou o documento, entre 2005 e 2012, o fluxo de dados no mundo aumentou 40 vezes. &#8220;Os brit\u00e2nicos, por exemplo, declaram ser uma economia movida por dados&#8221;, diretora do Departamento de Pol\u00edticas e Programas Setoriais em Tecnologia da Informa\u00e7\u00e3o e Comunica\u00e7\u00f5es, Miriam Wimmer.<\/p>\n<p style=\"text-align: justify\">Al\u00e9m de igualar as pol\u00edticas de tecnologia do pa\u00eds \u00e0s globais, a estrat\u00e9gia contribui para a recupera\u00e7\u00e3o da competitividade brasileira, segundo o secret\u00e1rio de Pol\u00edtica de Inform\u00e1tica do minist\u00e9rio, Maximiliano Martinh\u00e3o. &#8220;\u00c9 utilizar as Tecnologias de Informa\u00e7\u00e3o e Comunica\u00e7\u00e3o (TICs) para vencer os desafios que o Brasil tem em termos de competitividade e produtividade. Se analisarmos, nos \u00faltimos 3 ou 4 anos, o Brasil perdeu competitividade, afirmou.&#8221;<\/p>\n<p style=\"text-align: justify\">A proposta prev\u00ea 100 a\u00e7\u00f5es de interesse do poder p\u00fablico, dos cidad\u00e3os e do setor privado, que incluem o relaxamento de barreiras regulat\u00f3rias.<\/p>\n<p style=\"text-align: justify\"><strong>Propostas para educa\u00e7\u00e3o e economia<\/strong><\/p>\n<p style=\"text-align: justify\">Entre as propostas destacadas pelo governo est\u00e1 a de levar banda larga a 25 mil escolas p\u00fablicas. A velocidade da conex\u00e3o ser\u00e1 definida a partir do porte da institui\u00e7\u00e3o. Diagn\u00f3stico produzido durante a elabora\u00e7\u00e3o da estrat\u00e9gia digital mostrou que 59% das escolas p\u00fablicas de ensino b\u00e1sico t\u00eam acesso \u00e0 internet, sendo 24% delas na regi\u00e3o rural.<\/p>\n<p style=\"text-align: justify\">Tamb\u00e9m h\u00e1 propostas de melhorar a conectividade de empresas de telemarketing, favorecendo a excel\u00eancia nos neg\u00f3cios desse tipo de companhia, e de ampliar para 2 mil indica\u00e7\u00f5es de servi\u00e7os no portal do governo federal\u00a0e, ainda, investir em 200 startups digitais por ano.<\/p>\n<p style=\"text-align: justify\">O diretor do Departamento de Temas Cient\u00edficos e Tecnol\u00f3gicos do Minist\u00e9rio das Rela\u00e7\u00f5es Exteriores (MRE), embaixador Benedicto Fonseca, destacou a necessidade de uma pol\u00edtica unificada no campo digital.&#8221;\u00c9 um momento necess\u00e1rio para que um instrumento como esse, que confere organicidade \u00e0s a\u00e7\u00f5es de governo e que indique rumos em rela\u00e7\u00e3o \u00e0s TICs em favor do desenvolvimento social e econ\u00f4mico, seja pensado. Se notou como h\u00e1, em cada setor do governo e da sociedade, iniciativas importantes sendo conduzidas de maneira independente, esparsa. N\u00e3o s\u00f3 nos habilita na discuss\u00e3o internacional, mas identifica \u00e1reas que vamos priorizar&#8221;, declarou.<\/p>\n<p>Clique\u00a0<a href=\"http:\/\/www.cgee.org.br\/consultaEBTD\/\" target=\"_blank\">aqui\u00a0<\/a>para acessar a consulta p\u00fablica.<\/p>\n<p style=\"text-align: justify\">*<em>Fonte: Ag\u00eancia Brasil<\/em><\/p>\n<p>[:]<\/p>\n","protected":false},"excerpt":{"rendered":"<p>[:pt]O MCTIC recebe at\u00e9 o dia 31\/08, contribui\u00e7\u00f5es em uma consulta p\u00fablica sobre a Estrat\u00e9gia Brasileira para a Transforma\u00e7\u00e3o Digital.[:]<\/p>\n","protected":false},"author":8,"featured_media":18578,"comment_status":"open","ping_status":"open","sticky":false,"template":"","format":"standard","meta":{"footnotes":"","_links_to":"","_links_to_target":""},"categories":[3],"tags":[],"calendar":[],"_links":{"self":[{"href":"https:\/\/anprotec.org.br\/site\/wp-json\/wp\/v2\/posts\/19345"}],"collection":[{"href":"https:\/\/anprotec.org.br\/site\/wp-json\/wp\/v2\/posts"}],"about":[{"href":"https:\/\/anprotec.org.br\/site\/wp-json\/wp\/v2\/types\/post"}],"author":[{"embeddable":true,"href":"https:\/\/anprotec.org.br\/site\/wp-json\/wp\/v2\/users\/8"}],"replies":[{"embeddable":true,"href":"https:\/\/anprotec.org.br\/site\/wp-json\/wp\/v2\/comments?post=19345"}],"version-history":[{"count":13,"href":"https:\/\/anprotec.org.br\/site\/wp-json\/wp\/v2\/posts\/19345\/revisions"}],"predecessor-version":[{"id":19369,"href":"https:\/\/anprotec.org.br\/site\/wp-json\/wp\/v2\/posts\/19345\/revisions\/19369"}],"wp:featuredmedia":[{"embeddable":true,"href":"https:\/\/anprotec.org.br\/site\/wp-json\/wp\/v2\/media\/18578"}],"wp:attachment":[{"href":"https:\/\/anprotec.org.br\/site\/wp-json\/wp\/v2\/media?parent=19345"}],"wp:term":[{"taxonomy":"category","embeddable":true,"href":"https:\/\/anprotec.org.br\/site\/wp-json\/wp\/v2\/categories?post=19345"},{"taxonomy":"post_tag","embeddable":true,"href":"https:\/\/anprotec.org.br\/site\/wp-json\/wp\/v2\/tags?post=19345"},{"taxonomy":"calendar","embeddable":true,"href":"https:\/\/anprotec.org.br\/site\/wp-json\/wp\/v2\/calendar?post=19345"}],"curies":[{"name":"wp","href":"https:\/\/api.w.org\/{rel}","templated":true}]}}