{"id":19311,"date":"2017-07-26T18:34:17","date_gmt":"2017-07-26T21:34:17","guid":{"rendered":"http:\/\/anprotec.org.br\/site\/?p=19311"},"modified":"2017-07-26T18:48:33","modified_gmt":"2017-07-26T21:48:33","slug":"premio-mutua-divulga-vencedores","status":"publish","type":"post","link":"https:\/\/anprotec.org.br\/site\/2017\/07\/premio-mutua-divulga-vencedores\/","title":{"rendered":"[:pt]Conhe\u00e7a os vencedores do Pr\u00eamio M\u00fatua[:]"},"content":{"rendered":"<p>[:pt]<\/p>\n<p style=\"text-align: justify\"><img decoding=\"async\" loading=\"lazy\" class=\"alignleft size-medium wp-image-19312\" src=\"https:\/\/anprotec.org.br\/site\/wp-content\/uploads\/2017\/07\/premio-mutua-e-anprotec-300x300.png\" alt=\"premio mutua e anprotec\" width=\"300\" height=\"300\" \/>Anunciado nesta quarta-feira (26), o resultado dos trabalhos vencedores no Pr\u00eamio M\u00fatua\/Anprotec de Inova\u00e7\u00e3o e Empreendedorismo 2017. Entre os mais de 50 projetos inscritos, tr\u00eas foram selecionados e seus autores apresentar\u00e3o seus projetos durante a 74\u00aa Semana Oficial da Engenharia e da Agronomia (SOEA), que acontece de 8 a 11 de agosto, em Bel\u00e9m (PA). Os premiados receber\u00e3o o Certificado das institui\u00e7\u00f5es e ter\u00e3o suas despesas custeadas para a ida \u00e0 SOEA.<\/p>\n<p style=\"text-align: justify\">Entre as propostas escolhidas, duas s\u00e3o de autoria de profissionais e a outra de uma estudante. Segundo estabelecido no Regulamento da premia\u00e7\u00e3o, foram analisados nove crit\u00e9rios para a sele\u00e7\u00e3o, como caracter\u00edsticas inovadoras, contribui\u00e7\u00e3o para o desenvolvimento do ecossistema local de inova\u00e7\u00e3o, rela\u00e7\u00e3o custo-benef\u00edcio dos investimentos realizados, conte\u00fado tecnol\u00f3gico do produto ou processo e adequa\u00e7\u00e3o aos requisitos ambientais, potencial do empreendimento, entre outros.<\/p>\n<p style=\"text-align: justify\">Confira os selecionados:<\/p>\n<p style=\"text-align: justify\"><strong>Miler Ricardo Vicente, eng. agr\u00f4nomo (SP) \u2013 1\u00ba Lugar<\/strong><\/p>\n<p style=\"text-align: justify\">Projeto: Sistema de gest\u00e3o agron\u00f4mico (administrativo e manejo nutricional) com base em vis\u00e3o artificial (processamento digital de imagem), utilizando t\u00e9cnicas de redes neurais, com torre de monitoramento que vai acompanhar o desenvolvimento da planta, tirando e processando imagem por cor, textura, morfologia e infravermelho, a cada 30 minutos. Esses dados s\u00e3o transmistido atrav\u00e9s de uma rede <em>mesh<\/em> ou uma rede de malha, enviando os dados para nuvens, aplicando o teorema da internet das coisas (Iot), gerando para o produtor, em tempo real, a necessidade de fertilizantes das plantas.<\/p>\n<p style=\"text-align: justify\"><strong>C\u00e1ssia Jayne Santos do Nascimento, estudante de Engenharia Civil (AL) \u2013 2\u00ba Lugar<\/strong><\/p>\n<p style=\"text-align: justify\">Projeto: Fabrica\u00e7\u00e3o de materiais de constru\u00e7\u00e3o civil a base de res\u00edduos de constru\u00e7\u00e3o e demoli\u00e7\u00e3o, sem a utiliza\u00e7\u00e3o de quaisquer mat\u00e9rias prima. Para servir como aglomerante da mistura \u00e9 utilizado garrafas PET em diferentes propor\u00e7\u00f5es, a fim de obter a capacidade de absor\u00e7\u00e3o de \u00e1gua necess\u00e1ria no material, obedecendo aos dispostos normativos de cada tipo de material de constru\u00e7\u00e3o. Os materiais (res\u00edduos e garrafas PET) s\u00e3o misturados e lavados ao forno em f\u00f4rmas apropriadas at\u00e9 atingirem a homogeneidade e resist\u00eancia necess\u00e1ria. Esse processo permite a produ\u00e7\u00e3o de materiais de constru\u00e7\u00e3o de excelente qualidade, barateia as constru\u00e7\u00f5es e evita \u00e0 utiliza\u00e7\u00e3o de novas mat\u00e9rias primas, al\u00e9m de ajudar na preserva\u00e7\u00e3o do meio ambiente e possibilitar a gera\u00e7\u00e3o de emprego e renda.<\/p>\n<p style=\"text-align: justify\"><strong>Ingrid Monique Oliveira Teles, eng. de Produ\u00e7\u00e3o (PA) \u2013 3\u00ba Lugar<\/strong><\/p>\n<p style=\"text-align: justify\">Projeto: confec\u00e7\u00e3o de um filtro com carv\u00e3o ativado a partir dos caro\u00e7os de manga, a fim de utiliz\u00e1-lo no tratamento de \u00e1gua para consumo, al\u00e9m de mostrar uma nova destina\u00e7\u00e3o para o aproveitamento do fruto. Para a realiza\u00e7\u00e3o do projeto foram utilizadas 15 mangas (Mangifera indica L.) que foi aproveitado 100% da fruta, com a utiliza\u00e7\u00e3o da casca para produ\u00e7\u00e3o de farinha- produto que est\u00e1 em processo de an\u00e1lises para decidir onde melhor se encaixa -, e da polpa foi feito doce em massa. Dos caro\u00e7os \u00e9 produzido o carv\u00e3o ativado para o filtro ecol\u00f3gico feito de garrafa pet, areia e o carv\u00e3o ativado. Com as 15 mangas, foi obtido 69,75 g de carv\u00e3o ativado, sendo que no filtro foi utilizado 10g, para filtrar 5 L de \u00e1gua, 2,5 de \u00e1gua da chuva e 2,5 da \u00e1gua da Baia do Guajar\u00e1.<\/p>\n<p style=\"text-align: justify\">Parab\u00e9ns aos premiados e a todos os participantes do Pr\u00eamio M\u00fatua\/Anprotec de Inova\u00e7\u00e3o e Empreendedorismo 2017! Todos est\u00e3o engajados e atuando em prol da \u00e1rea tecnol\u00f3gica e do desenvolvimento do Brasil.<\/p>\n<p>[:]<\/p>\n","protected":false},"excerpt":{"rendered":"<p>[:pt]Conhe\u00e7a os vencedores do Pr\u00eamio M\u00fatua\/Anprotec de Inova\u00e7\u00e3o e Empreendedorismo 2017. Entre os mais de 50 projetos inscritos, tr\u00eas foram selecionados[:]<\/p>\n","protected":false},"author":8,"featured_media":19312,"comment_status":"open","ping_status":"open","sticky":false,"template":"","format":"standard","meta":{"footnotes":"","_links_to":"","_links_to_target":""},"categories":[3],"tags":[],"calendar":[],"_links":{"self":[{"href":"https:\/\/anprotec.org.br\/site\/wp-json\/wp\/v2\/posts\/19311"}],"collection":[{"href":"https:\/\/anprotec.org.br\/site\/wp-json\/wp\/v2\/posts"}],"about":[{"href":"https:\/\/anprotec.org.br\/site\/wp-json\/wp\/v2\/types\/post"}],"author":[{"embeddable":true,"href":"https:\/\/anprotec.org.br\/site\/wp-json\/wp\/v2\/users\/8"}],"replies":[{"embeddable":true,"href":"https:\/\/anprotec.org.br\/site\/wp-json\/wp\/v2\/comments?post=19311"}],"version-history":[{"count":10,"href":"https:\/\/anprotec.org.br\/site\/wp-json\/wp\/v2\/posts\/19311\/revisions"}],"predecessor-version":[{"id":19322,"href":"https:\/\/anprotec.org.br\/site\/wp-json\/wp\/v2\/posts\/19311\/revisions\/19322"}],"wp:featuredmedia":[{"embeddable":true,"href":"https:\/\/anprotec.org.br\/site\/wp-json\/wp\/v2\/media\/19312"}],"wp:attachment":[{"href":"https:\/\/anprotec.org.br\/site\/wp-json\/wp\/v2\/media?parent=19311"}],"wp:term":[{"taxonomy":"category","embeddable":true,"href":"https:\/\/anprotec.org.br\/site\/wp-json\/wp\/v2\/categories?post=19311"},{"taxonomy":"post_tag","embeddable":true,"href":"https:\/\/anprotec.org.br\/site\/wp-json\/wp\/v2\/tags?post=19311"},{"taxonomy":"calendar","embeddable":true,"href":"https:\/\/anprotec.org.br\/site\/wp-json\/wp\/v2\/calendar?post=19311"}],"curies":[{"name":"wp","href":"https:\/\/api.w.org\/{rel}","templated":true}]}}