{"id":19305,"date":"2017-08-04T17:00:01","date_gmt":"2017-08-04T20:00:01","guid":{"rendered":"http:\/\/anprotec.org.br\/site\/?p=19305"},"modified":"2017-09-01T17:23:29","modified_gmt":"2017-09-01T20:23:29","slug":"premio-tecnologias-de-impacto-abre-inscricoes","status":"publish","type":"post","link":"https:\/\/anprotec.org.br\/site\/2017\/08\/premio-tecnologias-de-impacto-abre-inscricoes\/","title":{"rendered":"[:pt]Prorrogadas as inscri\u00e7\u00f5es para o Pr\u00eamio Tecnologias de Impacto[:]"},"content":{"rendered":"<p>[:pt]<\/p>\n<p style=\"text-align: justify\"><img decoding=\"async\" loading=\"lazy\" class=\"alignleft size-full wp-image-19394\" src=\"https:\/\/anprotec.org.br\/site\/wp-content\/uploads\/2017\/07\/Banner_Qualcomm_268x175.gif\" alt=\"Banner_Qualcomm_268x175\" width=\"268\" height=\"175\" \/>Foram prorrogadas at\u00e9 o dia 30 de outubro as inscri\u00e7\u00f5es para o pr\u00eamio Tecnologias de Impacto para projetos brasileiros inovadores voltados para o desenvolvimento da Internet das Coisas. Promovido pela Qualcomm, a premia\u00e7\u00e3o conta com o apoio institucional do INPI, CNPq e CNI.<\/p>\n<p style=\"text-align: justify\">O Pr\u00eamio selecionar\u00e1 dez projetos, que ganhar\u00e3o uma semana de imers\u00e3o em laborat\u00f3rios e centros de inova\u00e7\u00e3o na Calif\u00f3rnia.\u00a0 A viagem ser\u00e1 organizada pelo Instituto Euvaldo Lodi \u2013 IEL e pela Confedera\u00e7\u00e3o Nacional da Ind\u00fastria \u2013 CNI.<\/p>\n<p style=\"text-align: justify\">Poder\u00e3o se inscrever projetos desenvolvidos por empreendedores, inventores, centros de pesquisa e desenvolvimento e universidades brasileiras. Ser\u00e3o eleg\u00edveis para a premia\u00e7\u00e3o tecnologias inovadoras baseadas na transmiss\u00e3o de dados wireless e solu\u00e7\u00f5es de Internet das Coisas.<\/p>\n<p style=\"text-align: justify\">As tecnologias ser\u00e3o avaliadas com base em sua relev\u00e2ncia tecnol\u00f3gica, grau de inova\u00e7\u00e3o e impacto socioecon\u00f4mico e ambiental. Entre os jurados estar\u00e3o representantes do INPI (Instituto Nacional de Propriedade Industrial) e do CNPq (Conselho Nacional de Desenvolvimento Cient\u00edfico e Tecnol\u00f3gico), al\u00e9m de executivos da Qualcomm e da CNI.<\/p>\n<p>As inscri\u00e7\u00f5es poder\u00e3o ser feitas pelo site <a href=\"http:\/\/www.premiotecnologiasdeimpacto.com.br\/\" target=\"_blank\">www.premiotecnologiasdeimpacto.com.br<\/a><\/p>\n<p>&nbsp;[:]<\/p>\n","protected":false},"excerpt":{"rendered":"<p>[:pt]Iniciativa premiar\u00e1 projetos voltados \u00e0 \u00e1rea de Internet das Coisas com uma semana de imers\u00e3o em laborat\u00f3rios e centro de pesquisas da Calif\u00f3rnia. [:]<\/p>\n","protected":false},"author":8,"featured_media":19395,"comment_status":"open","ping_status":"open","sticky":false,"template":"","format":"standard","meta":{"footnotes":"","_links_to":"","_links_to_target":""},"categories":[3],"tags":[],"calendar":[],"_links":{"self":[{"href":"https:\/\/anprotec.org.br\/site\/wp-json\/wp\/v2\/posts\/19305"}],"collection":[{"href":"https:\/\/anprotec.org.br\/site\/wp-json\/wp\/v2\/posts"}],"about":[{"href":"https:\/\/anprotec.org.br\/site\/wp-json\/wp\/v2\/types\/post"}],"author":[{"embeddable":true,"href":"https:\/\/anprotec.org.br\/site\/wp-json\/wp\/v2\/users\/8"}],"replies":[{"embeddable":true,"href":"https:\/\/anprotec.org.br\/site\/wp-json\/wp\/v2\/comments?post=19305"}],"version-history":[{"count":11,"href":"https:\/\/anprotec.org.br\/site\/wp-json\/wp\/v2\/posts\/19305\/revisions"}],"predecessor-version":[{"id":19830,"href":"https:\/\/anprotec.org.br\/site\/wp-json\/wp\/v2\/posts\/19305\/revisions\/19830"}],"wp:featuredmedia":[{"embeddable":true,"href":"https:\/\/anprotec.org.br\/site\/wp-json\/wp\/v2\/media\/19395"}],"wp:attachment":[{"href":"https:\/\/anprotec.org.br\/site\/wp-json\/wp\/v2\/media?parent=19305"}],"wp:term":[{"taxonomy":"category","embeddable":true,"href":"https:\/\/anprotec.org.br\/site\/wp-json\/wp\/v2\/categories?post=19305"},{"taxonomy":"post_tag","embeddable":true,"href":"https:\/\/anprotec.org.br\/site\/wp-json\/wp\/v2\/tags?post=19305"},{"taxonomy":"calendar","embeddable":true,"href":"https:\/\/anprotec.org.br\/site\/wp-json\/wp\/v2\/calendar?post=19305"}],"curies":[{"name":"wp","href":"https:\/\/api.w.org\/{rel}","templated":true}]}}