{"id":18983,"date":"2017-06-27T20:06:55","date_gmt":"2017-06-27T23:06:55","guid":{"rendered":"http:\/\/anprotec.org.br\/site\/?p=18983"},"modified":"2018-06-26T14:08:57","modified_gmt":"2018-06-26T17:08:57","slug":"anunciados-os-vencedores-do-premio-nacional-de-inovacao","status":"publish","type":"post","link":"https:\/\/anprotec.org.br\/site\/2017\/06\/anunciados-os-vencedores-do-premio-nacional-de-inovacao\/","title":{"rendered":"Anunciados vencedores do Pr\u00eamio Nacional de Inova\u00e7\u00e3o"},"content":{"rendered":"<p style=\"text-align: justify\"><img decoding=\"async\" loading=\"lazy\" class=\"alignleft size-medium wp-image-18984\" src=\"https:\/\/anprotec.org.br\/site\/wp-content\/uploads\/2017\/06\/ganhadores-do-premio-nacional-de-inovacao-materia-270617-300x184.jpg\" alt=\"ganhadores-do-premio-nacional-de-inovacao-materia-270617\" width=\"300\" height=\"184\" srcset=\"https:\/\/anprotec.org.br\/site\/wp-content\/uploads\/2017\/06\/ganhadores-do-premio-nacional-de-inovacao-materia-270617-300x184.jpg 300w, https:\/\/anprotec.org.br\/site\/wp-content\/uploads\/2017\/06\/ganhadores-do-premio-nacional-de-inovacao-materia-270617-768x472.jpg 768w, https:\/\/anprotec.org.br\/site\/wp-content\/uploads\/2017\/06\/ganhadores-do-premio-nacional-de-inovacao-materia-270617-1024x629.jpg 1024w, https:\/\/anprotec.org.br\/site\/wp-content\/uploads\/2017\/06\/ganhadores-do-premio-nacional-de-inovacao-materia-270617.jpg 1140w\" sizes=\"(max-width: 300px) 100vw, 300px\" \/>Sete das 19 empresas vencedoras do Pr\u00eamio Nacional de Inova\u00e7\u00e3o 2016\/2017, est\u00e3o ligadas ao Movimento de Empreendedorismo Inovador brasileiro. O resultado foi anunciado na noite desta segunda-feira (26), em solenidade realizada em S\u00e3o Paulo (SP). O vice-presidente da Anprotec, Jos\u00e9 Aranha, que participou como membro da comiss\u00e3o julgadora do pr\u00eamio, o diretor de empresas da entidade, Sergio Risola, e a superintendente executiva, Sheila Oliveira Pires, representaram a institui\u00e7\u00e3o no evento.<\/p>\n<p style=\"text-align: justify\">Os projetos vencedores foram reconhecidos como refer\u00eancias nacionais no desenvolvimento de inova\u00e7\u00e3o. O estado de S\u00e3o Paulo foi o que mais teve empresas premiadas, com cinco projetos. Na sequ\u00eancia, aparecem o Rio Grande do Sul (4), Santa Catarina (4), Bahia (2), Amazonas (1), Goi\u00e1s (1), Rio de Janeiro (1) e Minas Gerais (1).<\/p>\n<p style=\"text-align: justify\">&#8220;Fiquei feliz\u00a0em ver que o Brasil tem uma riqueza enorme com suas pr\u00f3prias empresas, que est\u00e3o inovando de maneiras fant\u00e1sticas. Esse pr\u00eamio representa um \u00f3timo exemplo de que algo no Brasil est\u00e1 indo muito bem. N\u00f3s temos empresas de alto n\u00edvel, que competem internacionalmente, criam produtos e servi\u00e7os para o mundo inteiro e est\u00e3o estabelecidas aqui no pa\u00eds&#8221;, afirmou Aranha. &#8220;Para n\u00f3s, da Anprotec, o Pr\u00eamio \u00e9 de grande satisfa\u00e7\u00e3o tamb\u00e9m porque constatamos que grande parte dessas empresas s\u00e3o participantes do movimento da Associa\u00e7\u00e3o, ou seja, somos um movimento que gera empresas que s\u00e3o premiadas&#8221;, acrescentou.<\/p>\n<p style=\"text-align: justify\">A iniciativa, capitaneada pela Confedera\u00e7\u00e3o Nacional da Ind\u00fastria (CNI) e pelo Servi\u00e7o Brasileiro de Apoio \u00e0s Micro e Pequena Empresas (Sebrae), destinou \u00e0s empresas ganhadoras um total de R$ 900 mil pr\u00e9-aprovados no Edital de Inova\u00e7\u00e3o para a Ind\u00fastria. Este ano houve recorde de inscri\u00e7\u00f5es. Participaram da premia\u00e7\u00e3o 3.987 empresas, das quais 34 chegaram \u00e0 \u00faltima etapa, e desse total, 11 s\u00e3o ligadas ao Movimento de Empreendedorismo Inovador.<\/p>\n<p style=\"text-align: justify\">Aranha exaltou tamb\u00e9m a import\u00e2ncia do Pr\u00eamio em especial para as pequenas e m\u00e9dias empresas. &#8220;Essas empresas recebem no pr\u00eamio n\u00e3o s\u00f3 um feedback como tamb\u00e9m uma consultoria em como podem melhorar. Esse \u00e9 o \u00fanico Pr\u00eamio brasileiro que avalia a inova\u00e7\u00e3o, ou seja, uma premia\u00e7\u00e3o fundamental. Ele analisa efetivamente pequenas, m\u00e9dias e grandes empresas e a colabora\u00e7\u00e3o de cada uma delas para o Brasil&#8221;, finalizou o vice-presidente da Anprotec.<\/p>\n<p style=\"text-align: justify\">Para o diretor-presidente do Sebrae, Guilherme Afif Domingos, o pr\u00eamio chega em uma boa hora. \u201cNesse momento em que o pa\u00eds enfrenta tantas not\u00edcias negativas, essa premia\u00e7\u00e3o representa um momento de renova\u00e7\u00e3o e comprova que o Brasil est\u00e1 muito vivo e com vontade de inovar. O Pr\u00eamio Nacional de Inova\u00e7\u00e3o significa um incentivo, uma abertura das portas da esperan\u00e7a de um pa\u00eds maior e melhor\u201d, comentou Afif.<\/p>\n<div id=\"attachment_18985\" style=\"width: 310px\" class=\"wp-caption alignleft\"><img aria-describedby=\"caption-attachment-18985\" decoding=\"async\" loading=\"lazy\" class=\"size-medium wp-image-18985\" src=\"https:\/\/anprotec.org.br\/site\/wp-content\/uploads\/2017\/06\/premio_34750795463_o.Jos\u00e9_Paulo_Lacerda-300x200.jpg\" alt=\"Foto: Sebrae\" width=\"300\" height=\"200\" srcset=\"https:\/\/anprotec.org.br\/site\/wp-content\/uploads\/2017\/06\/premio_34750795463_o.Jos\u00e9_Paulo_Lacerda-300x200.jpg 300w, https:\/\/anprotec.org.br\/site\/wp-content\/uploads\/2017\/06\/premio_34750795463_o.Jos\u00e9_Paulo_Lacerda-768x512.jpg 768w, https:\/\/anprotec.org.br\/site\/wp-content\/uploads\/2017\/06\/premio_34750795463_o.Jos\u00e9_Paulo_Lacerda-1024x683.jpg 1024w, https:\/\/anprotec.org.br\/site\/wp-content\/uploads\/2017\/06\/premio_34750795463_o.Jos\u00e9_Paulo_Lacerda.jpg 2048w\" sizes=\"(max-width: 300px) 100vw, 300px\" \/><p id=\"caption-attachment-18985\" class=\"wp-caption-text\">Foto: Sebrae<\/p><\/div>\n<p style=\"text-align: justify\">Al\u00e9m disso, todos os trof\u00e9us distribu\u00eddos aos vencedores foram concebidos pela Cliever Tecnologia, empresa que foi incubada na Incubadora Raiar, da PUCRS, associada \u00e0 Anprotec. Eles foram feitos em impressoras 3D totalmente nacionais.<\/p>\n<p style=\"text-align: justify\">O pr\u00eamio foi dividido em quatro modalidades: micro e pequenas empresas atendidas pelo Programa Agentes Locais de Inova\u00e7\u00e3o (ALI); micro e pequenas empresas; m\u00e9dias empresas; e grandes empresas. Cada modalidade destinou uma premia\u00e7\u00e3o para as categorias inova\u00e7\u00e3o do produto, inova\u00e7\u00e3o do processo, inova\u00e7\u00e3o em marketing, inova\u00e7\u00e3o organizacional e gest\u00e3o da inova\u00e7\u00e3o.<\/p>\n<p style=\"text-align: justify\">Os vencedores do Pr\u00eamio Nacional de Inova\u00e7\u00e3o foram selecionados a partir das escolhas de uma banca de ju\u00edzes composta por representantes da CNI e do Sebrae e dos parceiros institucionais do pr\u00eamio: Associa\u00e7\u00e3o Nacional de Entidades Promotoras de Empreendimentos Inovadores (Anprotec), Instituto Euvaldo Lodi (IEL), Servi\u00e7o Social da Ind\u00fastria (SESI), Servi\u00e7o Nacional de Aprendizagem Industrial (SENAI), Minist\u00e9rio da Ci\u00eancia, Tecnologia, Inova\u00e7\u00f5es e Comunica\u00e7\u00f5es (MCTIC), Minist\u00e9rio do Desenvolvimento, Ind\u00fastria e Com\u00e9rcio Exterior (MDIC), Financiadora de Estudos e Projetos (Finep), Movimento Brasil Competitivo (MBC), Ag\u00eancia Brasileira de Desenvolvimento Industrial (ABDI), Associa\u00e7\u00e3o Nacional de Pesquisa e Desenvolvimento das Empresas Inovadoras (Anpei), Conselho Nacional de Desenvolvimento Cient\u00edfico e Tecnol\u00f3gico (CNPq) e Empresa Brasileira de Pesquisa e Inova\u00e7\u00e3o Industrial (Embrapii).<\/p>\n<p style=\"text-align: justify\"><strong>EMPRESAS DO MOVIMENTO<\/strong><\/p>\n<p><strong>Os ganhadores do pr\u00eamio que fazem parte do Movimento de Empreendedorismo Inovador s\u00e3o:\u00a0<\/strong><br \/>\n<strong>\u00a0<\/strong><br \/>\n<strong>MPE ALI:\u00a0<\/strong><\/p>\n<p><span style=\"text-decoration: underline\">Categoria\u00a0Marketing:\u00a0<\/span><strong>BIOTECHNOS (RS)<\/strong> &#8211;\u00a0integra o Centro de Inova\u00e7\u00e3o, Empreendedorismo e Tecnologia (Cietec), associado \u00e0 Anprotec, vinculado ao Instituto de Pesquisas Energ\u00e9ticas e Nucleares (Ipen) e a Universidade de S\u00e3o Paulo (USP).<\/p>\n<p><span style=\"text-decoration: underline\">Categoria\u00a0Gest\u00e3o da Inova\u00e7\u00e3o:<\/span>\u00a0<strong>Simbios Biotecnologia (RS)<\/strong> &#8211;\u00a0recebe apoio do programa do Estado do Rio Grande do Sul (RS), Tecnova RS, de incentivo e fomento ao desenvolvimento de produtos, servi\u00e7os ou processos inovadores.<\/p>\n<p><strong>MPE:<\/strong><\/p>\n<p><span style=\"text-decoration: underline\">Categoria Produto:<\/span>\u00a0<strong>FORNARI (SC)<\/strong> &#8211;\u00a0\u00e9 apoiada pela Funda\u00e7\u00e3o de Apoio a Pesquisa Cient\u00edfica e Tecnol\u00f3gica do Estado de Santa Catarina (FAPESC), associada \u00e0 Anprotec.<\/p>\n<p><span style=\"text-decoration: underline\">Categoria Marketing:<\/span>\u00a0<strong>Pharmakos D\u2019Amaz\u00f4nia (AM)<\/strong>\u00a0&#8211; \u00e9 uma das empresas pioneiras do Centro de Incuba\u00e7\u00e3o e Desenvolvimento Empresarial (CIDE), associado \u00e0 Anprotec.<\/p>\n<p><span style=\"text-decoration: underline\">Categoria Organizacional:\u00a0<\/span><strong>ENGPISO (BA)<\/strong> &#8211;\u00a0uma das sedes da empresa \u00e9 na AITY\u00a0Incubadora de Empresas, associada \u00e0 Anprotec, do Parque Tecnol\u00f3gico da Bahia.<\/p>\n<p><strong>GRANDE EMPRESA:<\/strong><\/p>\n<p><span style=\"text-decoration: underline\">Categoria Produto:\u00a0<\/span><strong>WHIRLPOOL (SC)<\/strong> &#8211;\u00a0possui uma hist\u00f3rica parceria com a Universidade Federal de Santa Catarina (UFSC), associada \u00e0 Anprotec.<\/p>\n<p><span style=\"text-decoration: underline\">Categoria Organizacional:<\/span>\u00a0<strong>NATURA (SP)<\/strong> &#8211;\u00a0\u00a0associada \u00e0 Anprotec.<\/p>\n<p><strong>As outras empresas finalistas do pr\u00eamio que fazem parte do Movimento de Empreendedorismo Inovador s\u00e3o:<\/strong><\/p>\n<p><strong>MPE:<\/strong><\/p>\n<p><span style=\"text-decoration: underline\">Categoria Produto:<\/span>\u00a0<strong>PRISCO (AL)<\/strong>\u00a0\u2013 seu laborat\u00f3rio de pesquisa fica na Universidade Federal de Alagoas (UFAL), associada \u00e0 Anprotec.<\/p>\n<p><span style=\"text-decoration: underline\">Categoria Organizacional:\u00a0<\/span><strong>PISCIS (CE)<\/strong>\u00a0\u2013 empresa ligada ao Instituto Federal de Educa\u00e7\u00e3o, Ci\u00eancia e Tecnologia do Cear\u00e1 (IFCE), associado \u00e0 Anprotec, e recebe apoio do Tecnova CE.<\/p>\n<p><strong>M\u00c9DIA EMPRESA<\/strong><\/p>\n<p><span style=\"text-decoration: underline\">Categoria Processo:\u00a0<\/span><strong>NORVINCO (AL)<\/strong> &#8211; possui\u00a0uma parceria com a Incubadora de Empresas de Alagoas\u00a0(Incubal), associada \u00e0 Anprotec.<\/p>\n<p><strong>GRANDE EMPRESA:<\/strong><\/p>\n<p><span style=\"text-decoration: underline\">Categoria Gest\u00e3o da Inova\u00e7\u00e3o:<\/span>\u00a0<strong>SAMSUNG (SP)<\/strong> &#8211;\u00a0\u00e9 parceira estrat\u00e9gica da Anprotec e\u00a0financia, em parceria com a Associa\u00e7\u00e3o, o Programa de Promo\u00e7\u00e3o da Economia Criativa.<\/p>\n<p>Confira <a href=\"http:\/\/www.portaldaindustria.com.br\/agenciacni\/noticias\/2017\/06\/cni-e-sebrae-anunciam-empresas-vencedoras-do-premio-nacional-de-inovacao-2016-2017\/\" target=\"_blank\" rel=\"noopener\">AQUI<\/a> a lista completa da empresas vencedoras.<\/p>\n<p><em>*Com informa\u00e7\u00f5es da CNI<\/em><\/p>\n","protected":false},"excerpt":{"rendered":"<p>[:pt]Empresas ligadas ao movimento de empreendedorismo inovador brasileiro tiveram destaque na premia\u00e7\u00e3o. A Anprotec fez parte da comiss\u00e3o julgadora e marcou presen\u00e7a no an\u00fancio final. [:]<\/p>\n","protected":false},"author":8,"featured_media":18984,"comment_status":"open","ping_status":"open","sticky":false,"template":"","format":"standard","meta":{"footnotes":"","_links_to":"","_links_to_target":""},"categories":[3],"tags":[],"calendar":[],"_links":{"self":[{"href":"https:\/\/anprotec.org.br\/site\/wp-json\/wp\/v2\/posts\/18983"}],"collection":[{"href":"https:\/\/anprotec.org.br\/site\/wp-json\/wp\/v2\/posts"}],"about":[{"href":"https:\/\/anprotec.org.br\/site\/wp-json\/wp\/v2\/types\/post"}],"author":[{"embeddable":true,"href":"https:\/\/anprotec.org.br\/site\/wp-json\/wp\/v2\/users\/8"}],"replies":[{"embeddable":true,"href":"https:\/\/anprotec.org.br\/site\/wp-json\/wp\/v2\/comments?post=18983"}],"version-history":[{"count":2,"href":"https:\/\/anprotec.org.br\/site\/wp-json\/wp\/v2\/posts\/18983\/revisions"}],"predecessor-version":[{"id":25625,"href":"https:\/\/anprotec.org.br\/site\/wp-json\/wp\/v2\/posts\/18983\/revisions\/25625"}],"wp:featuredmedia":[{"embeddable":true,"href":"https:\/\/anprotec.org.br\/site\/wp-json\/wp\/v2\/media\/18984"}],"wp:attachment":[{"href":"https:\/\/anprotec.org.br\/site\/wp-json\/wp\/v2\/media?parent=18983"}],"wp:term":[{"taxonomy":"category","embeddable":true,"href":"https:\/\/anprotec.org.br\/site\/wp-json\/wp\/v2\/categories?post=18983"},{"taxonomy":"post_tag","embeddable":true,"href":"https:\/\/anprotec.org.br\/site\/wp-json\/wp\/v2\/tags?post=18983"},{"taxonomy":"calendar","embeddable":true,"href":"https:\/\/anprotec.org.br\/site\/wp-json\/wp\/v2\/calendar?post=18983"}],"curies":[{"name":"wp","href":"https:\/\/api.w.org\/{rel}","templated":true}]}}