{"id":18981,"date":"2017-06-27T19:22:30","date_gmt":"2017-06-27T22:22:30","guid":{"rendered":"http:\/\/anprotec.org.br\/site\/?p=18981"},"modified":"2017-06-27T19:22:30","modified_gmt":"2017-06-27T22:22:30","slug":"ultimo-dia-para-envio-de-textos-aprovados","status":"publish","type":"post","link":"https:\/\/anprotec.org.br\/site\/2017\/06\/ultimo-dia-para-envio-de-textos-aprovados\/","title":{"rendered":"[:pt]\u00daltimo dia para envio de textos aprovados[:]"},"content":{"rendered":"<p>[:pt]<\/p>\n<p style=\"text-align: justify\"><img decoding=\"async\" loading=\"lazy\" class=\"alignleft size-medium wp-image-18467\" src=\"https:\/\/anprotec.org.br\/site\/wp-content\/uploads\/2017\/04\/siteanprotecnoar-300x200.png\" alt=\"siteanprotecnoar\" width=\"300\" height=\"200\" srcset=\"https:\/\/anprotec.org.br\/site\/wp-content\/uploads\/2017\/04\/siteanprotecnoar-300x200.png 300w, https:\/\/anprotec.org.br\/site\/wp-content\/uploads\/2017\/04\/siteanprotecnoar-768x512.png 768w, https:\/\/anprotec.org.br\/site\/wp-content\/uploads\/2017\/04\/siteanprotecnoar-1024x683.png 1024w, https:\/\/anprotec.org.br\/site\/wp-content\/uploads\/2017\/04\/siteanprotecnoar.png 2048w\" sizes=\"(max-width: 300px) 100vw, 300px\" \/>Os participantes aprovados na primeira fase da Chamada de Trabalhos devem enviar o texto completo em portugu\u00eas e o resumo estruturado em portugu\u00eas e ingl\u00eas at\u00e9 o dia <strong>28 de junho<\/strong>.<\/p>\n<p style=\"text-align: justify\">Os trabalhos selecionados ser\u00e3o apresentados na 27\u00aa Confer\u00eancia Anprotec, que ser\u00e1 realizada de 23 a 26 de outubro, no Rio de Janeiro (RJ), no Centro de Conven\u00e7\u00f5es Sul Am\u00e9rica.<\/p>\n<p style=\"text-align: justify\">Comemorando os 30 anos de exist\u00eancia da Associa\u00e7\u00e3o, a Anprotec e o Sebrae, em parceria com o Parque Tecnol\u00f3gico da UFRJ, realizar\u00e3o o evento com o tema: \u201cInova\u00e7\u00e3o e empreendedorismo transformando cidades\u201d.<\/p>\n<p style=\"text-align: justify\">O contexto carioca e as tend\u00eancias globais na \u00e1rea de ambientes de inova\u00e7\u00e3o, que avan\u00e7am para as cidades, criando espa\u00e7os modernos para viver e trabalhar na sociedade do conhecimento inspiram a tem\u00e1tica da Confer\u00eancia Anprotec deste ano. Essa transforma\u00e7\u00e3o, vivenciada em outras regi\u00f5es do Brasil e do mundo, tem como base a cria\u00e7\u00e3o de condi\u00e7\u00f5es favor\u00e1veis \u00e0 consolida\u00e7\u00e3o de uma nova economia. Surgem assim novos arranjos, ambientes, mecanismos de gera\u00e7\u00e3o de empreendimentos e ecossistemas de inova\u00e7\u00e3o, que passam a protagonizar o processo de desenvolvimento. O resultado: cidades mais din\u00e2micas, inclusivas, empreendedoras e inteligentes, que respeitam as voca\u00e7\u00f5es existentes, criam fontes diversas de emprego e renda e, o mais importante, engajam a comunidade na busca por solu\u00e7\u00f5es para desafios locais e globais.<\/p>\n<p style=\"text-align: justify\">Discutir o papel a ser desempenhado pelos ambientes de inova\u00e7\u00e3o, ao envolver pessoas, novas ideias e tecnologias e fomentar o empreendedorismo, tanto nos novos mecanismos de gera\u00e7\u00e3o de empreendimentos quanto nos modernos ecossistemas de inova\u00e7\u00e3o, no Brasil e no mundo, \u00e9 a proposta da Confer\u00eancia Anprotec deste ano.<\/p>\n<p style=\"text-align: justify\">A programa\u00e7\u00e3o vai contar com as j\u00e1 tradicionais Sess\u00f5es T\u00e9cnicas Paralelas (STPs), dedicadas \u00e0 apresenta\u00e7\u00e3o de artigos completos e relatos de boas pr\u00e1ticas. Adicionalmente, em virtude da celebra\u00e7\u00e3o dos 30 anos da Anprotec, esta edi\u00e7\u00e3o da Confer\u00eancia ser\u00e1 marcada pela apresenta\u00e7\u00e3o de registros hist\u00f3ricos de nossos associados, por meio da sess\u00e3o Mem\u00f3ria.<\/p>\n<p style=\"text-align: justify\">Confira o <a href=\"http:\/\/www.anprotec.org.br\/moc\/Portugu%C3%AAs%20-%20Chamada%20de%20Trabalhos.pdf\" target=\"_blank\">Regulamento<\/a> da Chamada de Trabalhos e acesse a <a href=\"http:\/\/www.inscricaoeletronica.com.br\/anprotec2017\/trabalhos\/envio_fase2.php\" target=\"_blank\">p\u00e1gina de submiss\u00e3o de trabalhos<\/a>.<\/p>\n<p style=\"text-align: justify\"><em>*Fonte:\u00a0http:\/\/conferenciaanprotec.com.br\/<\/em><\/p>\n<p>[:]<\/p>\n","protected":false},"excerpt":{"rendered":"<p>[:pt]Os aprovados na primeira fase da Chamada de Trabalhos da 27\u00aa Confer\u00eancia Anprotec devem enviar o texto completo em portugu\u00eas e o resumo estruturado em portugu\u00eas e ingl\u00eas at\u00e9 o dia 28\/06.[:]<\/p>\n","protected":false},"author":8,"featured_media":18467,"comment_status":"open","ping_status":"open","sticky":false,"template":"","format":"standard","meta":{"footnotes":"","_links_to":"","_links_to_target":""},"categories":[3],"tags":[],"calendar":[],"_links":{"self":[{"href":"https:\/\/anprotec.org.br\/site\/wp-json\/wp\/v2\/posts\/18981"}],"collection":[{"href":"https:\/\/anprotec.org.br\/site\/wp-json\/wp\/v2\/posts"}],"about":[{"href":"https:\/\/anprotec.org.br\/site\/wp-json\/wp\/v2\/types\/post"}],"author":[{"embeddable":true,"href":"https:\/\/anprotec.org.br\/site\/wp-json\/wp\/v2\/users\/8"}],"replies":[{"embeddable":true,"href":"https:\/\/anprotec.org.br\/site\/wp-json\/wp\/v2\/comments?post=18981"}],"version-history":[{"count":1,"href":"https:\/\/anprotec.org.br\/site\/wp-json\/wp\/v2\/posts\/18981\/revisions"}],"predecessor-version":[{"id":18982,"href":"https:\/\/anprotec.org.br\/site\/wp-json\/wp\/v2\/posts\/18981\/revisions\/18982"}],"wp:featuredmedia":[{"embeddable":true,"href":"https:\/\/anprotec.org.br\/site\/wp-json\/wp\/v2\/media\/18467"}],"wp:attachment":[{"href":"https:\/\/anprotec.org.br\/site\/wp-json\/wp\/v2\/media?parent=18981"}],"wp:term":[{"taxonomy":"category","embeddable":true,"href":"https:\/\/anprotec.org.br\/site\/wp-json\/wp\/v2\/categories?post=18981"},{"taxonomy":"post_tag","embeddable":true,"href":"https:\/\/anprotec.org.br\/site\/wp-json\/wp\/v2\/tags?post=18981"},{"taxonomy":"calendar","embeddable":true,"href":"https:\/\/anprotec.org.br\/site\/wp-json\/wp\/v2\/calendar?post=18981"}],"curies":[{"name":"wp","href":"https:\/\/api.w.org\/{rel}","templated":true}]}}