{"id":18973,"date":"2017-06-27T14:45:52","date_gmt":"2017-06-27T17:45:52","guid":{"rendered":"http:\/\/anprotec.org.br\/site\/?p=18973"},"modified":"2017-06-27T15:59:58","modified_gmt":"2017-06-27T18:59:58","slug":"anprotec-marca-presenca-em-innovation-lab","status":"publish","type":"post","link":"https:\/\/anprotec.org.br\/site\/2017\/06\/anprotec-marca-presenca-em-innovation-lab\/","title":{"rendered":"[:pt]Anprotec marca presen\u00e7a em Innovation Lab[:]"},"content":{"rendered":"<p>[:pt]<\/p>\n<p style=\"text-align: justify\"><img decoding=\"async\" loading=\"lazy\" class=\"alignleft size-medium wp-image-18974\" src=\"https:\/\/anprotec.org.br\/site\/wp-content\/uploads\/2017\/06\/WhatsApp-Image-2017-06-27-at-14.38.48-300x225.jpeg\" alt=\"WhatsApp Image 2017-06-27 at 14.38.48\" width=\"300\" height=\"225\" srcset=\"https:\/\/anprotec.org.br\/site\/wp-content\/uploads\/2017\/06\/WhatsApp-Image-2017-06-27-at-14.38.48-300x225.jpeg 300w, https:\/\/anprotec.org.br\/site\/wp-content\/uploads\/2017\/06\/WhatsApp-Image-2017-06-27-at-14.38.48-768x576.jpeg 768w, https:\/\/anprotec.org.br\/site\/wp-content\/uploads\/2017\/06\/WhatsApp-Image-2017-06-27-at-14.38.48-1024x768.jpeg 1024w, https:\/\/anprotec.org.br\/site\/wp-content\/uploads\/2017\/06\/WhatsApp-Image-2017-06-27-at-14.38.48.jpeg 1280w\" sizes=\"(max-width: 300px) 100vw, 300px\" \/>O presidente da\u00a0Anprotec, Jorge Audy,\u00a0juntamente com o\u00a0\u00a0diretor de empresas da entidade,\u00a0Sergio Risola, e Claudio Marinho, representando o\u00a0Porto Digital e\u00a0Rafael Prikladnicki, pelo Tecnopuc,\u00a0participaram nesta segunda-feira (26), em S\u00e3o Paulo (SP), do\u00a0Innovation Learning Lab, uma iniciativa da Mobiliza\u00e7\u00e3o Empresarial pela Inova\u00e7\u00e3o (MEI). O evento contou com a presen\u00e7a\u00a0de representantes de grandes empresas mundiais.<\/p>\n<p style=\"text-align: justify\">Jorge Audy, moderou a mesa que tratou do assunto\u00a0Startups durante o evento. &#8220;Foi um dia de troca de experi\u00eancias e, em especial, de possibilidades de\u00a0coopera\u00e7\u00e3o, seja entre ambientes de\u00a0inova\u00e7\u00e3o, seja entre startups e empresas\u00a0brasileiras\u00a0ou\u00a0americanas&#8221;, afirmou o presidente. &#8220;Al\u00e9m disso, tivemos a oportunidade de discutir o relevante papel que pode ser desempenhado pelos ambientes de\u00a0inova\u00e7\u00e3o\u00a0no desenvolvimento de nosso pa\u00eds, sejam eles\u00a0parques tecnol\u00f3gicos\u00a0ou distritos de\u00a0inova\u00e7\u00e3o&#8221;, acrescentou.<\/p>\n<p style=\"text-align: justify\"><strong>Mesa de abertura<\/strong><\/p>\n<p style=\"text-align: justify\">Na abertura do evento,\u00a0\u00a0Rafael Lucchesi,\u00a0diretor de Educa\u00e7\u00e3o e Tecnologia da CNI, refor\u00e7ou que a\u00a0MEI tem sido importante para a constru\u00e7\u00e3o do di\u00e1logo sobre inova\u00e7\u00e3o, pois ela se conecta\u00a0com iniciativas de outros pa\u00edses. \u00a0E, ao apresentar o\u00a0panorama atual da inova\u00e7\u00e3o no Brasil, Lucchesi afirmou ainda\u00a0que &#8220;empresas que investem em inova\u00e7\u00e3o t\u00eam melhores resultados em competitividade. A inova\u00e7\u00e3o est\u00e1 sempre como elemento-chave e deve ser algo priorit\u00e1rio&#8221;.<\/p>\n<p style=\"text-align: justify\">Tamb\u00e9m participou da mesa, a\u00a0\u00a0presidente e CEO da\u00a0Council on Competitiveness (Council),\u00a0Deborah L. Wince-Smith.\u00a0&#8220;Estamos vivendo em uma \u00e9poca turbulenta, de transi\u00e7\u00e3o, com mudan\u00e7as tecnol\u00f3gicas muito r\u00e1pidas. Precisamos nos reunir em uma nova cultura mundial de inova\u00e7\u00e3o e sustentabilidade&#8221;, afirmou.<\/p>\n<p style=\"text-align: justify\">J\u00e1 a\u00a0diretora t\u00e9cnica do Sebrae, Heloisa Menezes,\u00a0salientou o interesse do Sebrae em aprofundar o debate sobre como ampliar o acesso das micro e pequenas empresas \u00e0 inova\u00e7\u00e3o. \u201cO Sebrae est\u00e1 absolutamente focado em criar mecanismos tanto para fomento como de mobiliza\u00e7\u00e3o e articula\u00e7\u00e3o desse processo de conjugar pequenas, m\u00e9dias e grandes empresas. Nosso desafio \u00e9 criar os meios para que as micro e pequenas se insiram na cadeia de valor das grandes empresas\u201d, comentou Heloisa.<\/p>\n<p style=\"text-align: justify\">Segundo a diretora, por n\u00e3o enfrentarem os custos pesados de engenharia e burocracia, por serem mais leves e \u00e1geis, os pequenos neg\u00f3cios podem desempenhar um papel extremamente relevante na cadeia de valor das grandes empresas, construindo alternativas concretas de inova\u00e7\u00e3o.<\/p>\n<p style=\"text-align: justify\"><em>*Com informa\u00e7\u00f5es da Ag\u00eancia Sebrae de Not\u00edcias<\/em><\/p>\n<p>[:]<\/p>\n","protected":false},"excerpt":{"rendered":"<p>[:pt]Diretores e associados participaram de encontro global de inova\u00e7\u00e3o em S\u00e3o Paulo (SP). O presidente da entidade comandou mesa sobre startups. [:]<\/p>\n","protected":false},"author":8,"featured_media":18974,"comment_status":"open","ping_status":"open","sticky":false,"template":"","format":"standard","meta":{"footnotes":"","_links_to":"","_links_to_target":""},"categories":[3],"tags":[],"calendar":[],"_links":{"self":[{"href":"https:\/\/anprotec.org.br\/site\/wp-json\/wp\/v2\/posts\/18973"}],"collection":[{"href":"https:\/\/anprotec.org.br\/site\/wp-json\/wp\/v2\/posts"}],"about":[{"href":"https:\/\/anprotec.org.br\/site\/wp-json\/wp\/v2\/types\/post"}],"author":[{"embeddable":true,"href":"https:\/\/anprotec.org.br\/site\/wp-json\/wp\/v2\/users\/8"}],"replies":[{"embeddable":true,"href":"https:\/\/anprotec.org.br\/site\/wp-json\/wp\/v2\/comments?post=18973"}],"version-history":[{"count":6,"href":"https:\/\/anprotec.org.br\/site\/wp-json\/wp\/v2\/posts\/18973\/revisions"}],"predecessor-version":[{"id":18980,"href":"https:\/\/anprotec.org.br\/site\/wp-json\/wp\/v2\/posts\/18973\/revisions\/18980"}],"wp:featuredmedia":[{"embeddable":true,"href":"https:\/\/anprotec.org.br\/site\/wp-json\/wp\/v2\/media\/18974"}],"wp:attachment":[{"href":"https:\/\/anprotec.org.br\/site\/wp-json\/wp\/v2\/media?parent=18973"}],"wp:term":[{"taxonomy":"category","embeddable":true,"href":"https:\/\/anprotec.org.br\/site\/wp-json\/wp\/v2\/categories?post=18973"},{"taxonomy":"post_tag","embeddable":true,"href":"https:\/\/anprotec.org.br\/site\/wp-json\/wp\/v2\/tags?post=18973"},{"taxonomy":"calendar","embeddable":true,"href":"https:\/\/anprotec.org.br\/site\/wp-json\/wp\/v2\/calendar?post=18973"}],"curies":[{"name":"wp","href":"https:\/\/api.w.org\/{rel}","templated":true}]}}