{"id":18897,"date":"2017-06-15T17:26:26","date_gmt":"2017-06-15T20:26:26","guid":{"rendered":"http:\/\/anprotec.org.br\/site\/?p=18897"},"modified":"2018-04-11T13:06:03","modified_gmt":"2018-04-11T16:06:03","slug":"campus-party-debate-papel-do-biotic","status":"publish","type":"post","link":"https:\/\/anprotec.org.br\/site\/2017\/06\/campus-party-debate-papel-do-biotic\/","title":{"rendered":"[:pt]Campus Party debate papel do BioTIC[:]"},"content":{"rendered":"<p>[:pt]<\/p>\n<p style=\"text-align: justify\"><img decoding=\"async\" loading=\"lazy\" class=\"alignleft size-medium wp-image-18900\" src=\"https:\/\/anprotec.org.br\/site\/wp-content\/uploads\/2017\/06\/WhatsApp-Image-2017-06-15-at-17.22.02-300x225.jpeg\" alt=\"WhatsApp Image 2017-06-15 at 17.22.02\" width=\"300\" height=\"225\" srcset=\"https:\/\/anprotec.org.br\/site\/wp-content\/uploads\/2017\/06\/WhatsApp-Image-2017-06-15-at-17.22.02-300x225.jpeg 300w, https:\/\/anprotec.org.br\/site\/wp-content\/uploads\/2017\/06\/WhatsApp-Image-2017-06-15-at-17.22.02-768x576.jpeg 768w, https:\/\/anprotec.org.br\/site\/wp-content\/uploads\/2017\/06\/WhatsApp-Image-2017-06-15-at-17.22.02-1024x768.jpeg 1024w, https:\/\/anprotec.org.br\/site\/wp-content\/uploads\/2017\/06\/WhatsApp-Image-2017-06-15-at-17.22.02.jpeg 1280w\" sizes=\"(max-width: 300px) 100vw, 300px\" \/>\u201cO Parque Tecnol\u00f3gico de Bras\u00edlia \u00e9 uma grande oportunidade para mudar o conceito de ambiente da cidade. O BioTIC ser\u00e1 um territ\u00f3rio de inova\u00e7\u00e3o e precisa ser integrado com a cidade. O parque tem que estar dentro da cidade e a cidade dentro do parque\u201d, afirmou o vice-presidente da Anprotec, Jos\u00e9 Aranha, nesta quinta-feira (15), ao abrir a mesa \u201cO Parque Tecnol\u00f3gico BioTIC e a pol\u00edtica de Ci\u00eancia e Tecnologia do Distrito Federal\u201d, que fez parte do F\u00f3rum cidades inteligentes e humanas: o caminho para o futuro da Campus Party Bras\u00edlia.<\/p>\n<p style=\"text-align: justify\">O parque ser\u00e1 um instrumento para unir pessoas, explicou o representante da Terracap, Hideraldo Almeida, ao responder como o BioTIC se insere dentro da cidade.<\/p>\n<p style=\"text-align: justify\">\u201cO objetivo \u00e9 trazer para Bras\u00edlia um parque de terceira gera\u00e7\u00e3o, que agregue o conhecimento da academia com a vontade dos empreendedores e com o apoio do governo local, tudo isso para fazer com que a tr\u00edplice h\u00e9lice funcione e movimente a cidade e a economia\u201d, pontuou Almeida. \u201cEsse \u00e9 um parque de inova\u00e7\u00e3o e inova\u00e7\u00e3o \u00e9 algo urgente, que precisa acontecer a todo momento. N\u00f3s acreditamos que n\u00e3o basta colocar recursos do governo no parque, ele precisa se sustentar economicamente\u201d, acrescentou.<\/p>\n<p style=\"text-align: justify\">Tamb\u00e9m foi ressaltado durante a mesa o que o BioTIC n\u00e3o \u00e9. &#8220;N\u00e3o \u00e9 um distrito industrial, um loteamento de empresas ou um empreendimento imobili\u00e1rio. Nosso compromisso \u00e9 manter aquela \u00e1rea como uma \u00e1rea de inova\u00e7\u00e3o permanente\u201d, disse Almeida. Que explicou ainda que a expectativa \u00e9 de que o local, que tem potencial para abrigar at\u00e9 1.200 empresas, crie de 25 a 30 mil empregos.<\/p>\n<p><strong><img decoding=\"async\" loading=\"lazy\" class=\"alignleft size-medium wp-image-18899\" src=\"https:\/\/anprotec.org.br\/site\/wp-content\/uploads\/2017\/06\/WhatsApp-Image-2017-06-15-at-17.22.04-300x225.jpeg\" alt=\"WhatsApp Image 2017-06-15 at 17.22.04\" width=\"300\" height=\"225\" srcset=\"https:\/\/anprotec.org.br\/site\/wp-content\/uploads\/2017\/06\/WhatsApp-Image-2017-06-15-at-17.22.04-300x225.jpeg 300w, https:\/\/anprotec.org.br\/site\/wp-content\/uploads\/2017\/06\/WhatsApp-Image-2017-06-15-at-17.22.04-768x576.jpeg 768w, https:\/\/anprotec.org.br\/site\/wp-content\/uploads\/2017\/06\/WhatsApp-Image-2017-06-15-at-17.22.04-1024x768.jpeg 1024w, https:\/\/anprotec.org.br\/site\/wp-content\/uploads\/2017\/06\/WhatsApp-Image-2017-06-15-at-17.22.04.jpeg 1280w\" sizes=\"(max-width: 300px) 100vw, 300px\" \/>Pol\u00edticas P\u00fablicas<\/strong><\/p>\n<p style=\"text-align: justify\">Para explicar como a tecnologia pode ajudar a fazer a cidade mais inteligente o Subsecret\u00e1rio de Desenvolvimento Cient\u00edfico e Tecnol\u00f3gico do Distrito Federal, Mauro Carneiro, contou que o BioTIC faz parte de um plano do governo de Bras\u00edlia para diversificar a cultura produtiva da cidade. \u201c\u00c9 nas empresas que a inova\u00e7\u00e3o \u00e9 feita. Em Bras\u00edlia, existe um p\u00fablico \u00e1vido para um sistema de Ci\u00eancia, Tecnologia e Inova\u00e7\u00e3o pujante\u201d, disse.<\/p>\n<p style=\"text-align: justify\">Al\u00e9m disso, ele tamb\u00e9m afirmou que o BioTIC \u00e9 o primeiro Parque Tecnol\u00f3gico do Brasil com o esfor\u00e7o da iniciativa privada. \u201cO governo est\u00e1 envolvido, principalmente no espa\u00e7o f\u00edsico, mas o projeto conta com grandes investidores, que poder\u00e3o apostar nas ideias pelas startups instaladas l\u00e1. Pela primeira vez o Distrito Federal est\u00e1 estruturando uma pol\u00edtica de CCTI com a participa\u00e7\u00e3o ampla da academia e da iniciativa privada l\u00e1 na ponta\u201d, finalizou Carneiro.<\/p>\n<p style=\"text-align: justify\"><strong>Capital humano<\/strong><\/p>\n<p style=\"text-align: justify\">\u201cOs nerds n\u00e3o v\u00e3o para qualquer lugar, eles v\u00e3o para onde se sentem bem. \u00c9 fundamental que um ambiente de produ\u00e7\u00e3o agrad\u00e1vel seja criado dentro do parque para ele dar certo\u201d, disse Aranha ao chamar a s\u00f3cia-fundadora do coworking Espa\u00e7o Multiplicidade, Cristiane Pereira, para o debate.<br \/>\n\u201cTemos que criar espa\u00e7os de conv\u00edvio em que as pessoas se sintam bem para produzir. Bras\u00edlia foi criada de um coworking, ou seja, v\u00e1rias pessoas trabalhando juntos por uma causa\u201d, afirmou Cristiane. Segundo ela, o local precisa ser independente, colaborativo e sustent\u00e1vel.<\/p>\n<p style=\"text-align: justify\">Al\u00e9m disso, Cristiane provocou o debate a respeito de como os espa\u00e7os de coworkings podem e precisam se relacionar com as cidades sat\u00e9lites de Bras\u00edlia, e n\u00e3o s\u00f3 com o Plano Piloto. \u201cO ambiente de colabora\u00e7\u00e3o precisa receber a sociedade e o governo para resolver os problemas da cidade\u201d, afirmou. \u201cO BioTIC s\u00e3o pessoas, precisamos promover encontros dentro desses espa\u00e7os. Como faremos isso? Integrando as pessoas e fazendo elas estarem juntas, fazendo com que todo mundo consiga conversar em conjunto. Inclusive, precisamos criar uma pesquisa sobre o ambiente criativo do DF, o parque tem que saber o que existe aqui dentro\u201d, finalizou.<\/p>\n<p><strong>Futuro de Bras\u00edlia<\/strong><\/p>\n<p style=\"text-align: justify\"><img decoding=\"async\" loading=\"lazy\" class=\"alignleft size-medium wp-image-18901\" src=\"https:\/\/anprotec.org.br\/site\/wp-content\/uploads\/2017\/06\/WhatsApp-Image-2017-06-15-at-17.25.25-300x225.jpeg\" alt=\"WhatsApp Image 2017-06-15 at 17.25.25\" width=\"300\" height=\"225\" srcset=\"https:\/\/anprotec.org.br\/site\/wp-content\/uploads\/2017\/06\/WhatsApp-Image-2017-06-15-at-17.25.25-300x225.jpeg 300w, https:\/\/anprotec.org.br\/site\/wp-content\/uploads\/2017\/06\/WhatsApp-Image-2017-06-15-at-17.25.25-768x576.jpeg 768w, https:\/\/anprotec.org.br\/site\/wp-content\/uploads\/2017\/06\/WhatsApp-Image-2017-06-15-at-17.25.25-1024x768.jpeg 1024w, https:\/\/anprotec.org.br\/site\/wp-content\/uploads\/2017\/06\/WhatsApp-Image-2017-06-15-at-17.25.25.jpeg 1280w\" sizes=\"(max-width: 300px) 100vw, 300px\" \/>\u201cQuando andamos em um evento como a Campus Party podemos entender o que realmente os jovens est\u00e3o querendo, e o que eles querem \u00e9 participar da ci\u00eancia e tecnologia e inova\u00e7\u00e3o\u201d, afirmou Aranha ao puxar o tema para o futuro de Bras\u00edlia.<\/p>\n<p style=\"text-align: justify\">Para Hideraldo Almeida o futuro de Bras\u00edlia \u00e9 ser uma cidade inteligente e humana, \u201cque consiga por meio das pessoas construir solu\u00e7\u00f5es para seus problemas. Enxergo como uma cidade que vai evoluir e conseguir trazer esses conceitos, pensar antes de construir. Uma cidade que pense primeiro no ser humano e que traga a tecnologia para auxiliar nesse processo e o BioTIC \u00e9 o espa\u00e7o para realizar isso e tamb\u00e9m fortalecer a economia local e fazer com que a cidade saia da matriz que depende do servi\u00e7o p\u00fablico\u201d, afirmou.<\/p>\n<p style=\"text-align: justify\">J\u00e1 para Cristiane Pereira, Bras\u00edlia ser\u00e1 uma cidade pioneira na \u00e1rea de inova\u00e7\u00e3o e empreendedorismo, \u201cpara isso precisamos envolver o cidad\u00e3o. Existem 21 ambientes de coworkings na cidade. Cabe a n\u00f3s sociedade irmos atr\u00e1s do que queremos. O que eu espero de Bras\u00edlia \u00e9 que consigamos construir uma vis\u00e3o criativa da cidade\u201d, afirmou.<\/p>\n<p style=\"text-align: justify\">Al\u00e9m disso, Mauro Carneiro, afirmou que o caminho para o futuro desejado \u00e9 \u00e1rduo, mas acredita que a for\u00e7a das pessoas envolvidas nos projetos permitir\u00e1 que Bras\u00edlia torne-se uma cidade inteligente. \u201cSim, vamos chegar l\u00e1. Deixaremos de ser uma estrutura de com\u00e9rcio e servi\u00e7o\u201d, disse.<br \/>\n\u201cBras\u00edlia \u00e9 foi feita por empreendedores e esse projeto ser\u00e1 algo que realmente mexer\u00e1 com a cidade, o que mais precisamos \u00e9 criar coisas para o mundo e n\u00e3o trazer coisas do mundo\u201d, disse Aranha ao finalizar o debate.<\/p>\n<p style=\"text-align: justify\"><strong>O parque<\/strong><\/p>\n<p style=\"text-align: justify\">A expectativa \u00e9 que o BitoTIC seja inaugurado at\u00e9 o fim de 2017. O local abrigar\u00e1 empresas com foco em inova\u00e7\u00e3o, tecnologia da informa\u00e7\u00e3o, biotecnologia e comunica\u00e7\u00e3o. A concep\u00e7\u00e3o do Biotic foi elaborada pela Terracap em parceria com a Federa\u00e7\u00e3o das Ind\u00fastrias do Distrito Federal (Fibra) e a Secretaria Adjunta de Ci\u00eancia, Tecnologia e Inova\u00e7\u00e3o do Distrito Federal.<\/p>\n<p style=\"text-align: justify\">O local ser\u00e1 administrado por um fundo de investimento e ocupar\u00e1 uma \u00e1rea de 1,2 milh\u00e3o de metros quadrados, entre a Granja do Torto e o Parque Nacional de Bras\u00edlia.<\/p>\n<p style=\"text-align: justify\">J\u00e1 funcionam no local os centros de processamento de dados do Banco do Brasil e da Caixa Econ\u00f4mica Federal, al\u00e9m de uma subesta\u00e7\u00e3o da Companhia Energ\u00e9tica de Bras\u00edlia (CEB).<\/p>\n<p>[:]<\/p>\n","protected":false},"excerpt":{"rendered":"<p>[:pt]O vice-presidente da Anprotec mediou a mesa sobre o papel do novo parque tecnol\u00f3gico de Bras\u00edlia na forma\u00e7\u00e3o de um ecossistema de inova\u00e7\u00e3o na cidade.[:]<\/p>\n","protected":false},"author":8,"featured_media":18900,"comment_status":"open","ping_status":"open","sticky":false,"template":"","format":"standard","meta":{"footnotes":"","_links_to":"","_links_to_target":""},"categories":[3],"tags":[],"calendar":[],"_links":{"self":[{"href":"https:\/\/anprotec.org.br\/site\/wp-json\/wp\/v2\/posts\/18897"}],"collection":[{"href":"https:\/\/anprotec.org.br\/site\/wp-json\/wp\/v2\/posts"}],"about":[{"href":"https:\/\/anprotec.org.br\/site\/wp-json\/wp\/v2\/types\/post"}],"author":[{"embeddable":true,"href":"https:\/\/anprotec.org.br\/site\/wp-json\/wp\/v2\/users\/8"}],"replies":[{"embeddable":true,"href":"https:\/\/anprotec.org.br\/site\/wp-json\/wp\/v2\/comments?post=18897"}],"version-history":[{"count":6,"href":"https:\/\/anprotec.org.br\/site\/wp-json\/wp\/v2\/posts\/18897\/revisions"}],"predecessor-version":[{"id":18907,"href":"https:\/\/anprotec.org.br\/site\/wp-json\/wp\/v2\/posts\/18897\/revisions\/18907"}],"wp:featuredmedia":[{"embeddable":true,"href":"https:\/\/anprotec.org.br\/site\/wp-json\/wp\/v2\/media\/18900"}],"wp:attachment":[{"href":"https:\/\/anprotec.org.br\/site\/wp-json\/wp\/v2\/media?parent=18897"}],"wp:term":[{"taxonomy":"category","embeddable":true,"href":"https:\/\/anprotec.org.br\/site\/wp-json\/wp\/v2\/categories?post=18897"},{"taxonomy":"post_tag","embeddable":true,"href":"https:\/\/anprotec.org.br\/site\/wp-json\/wp\/v2\/tags?post=18897"},{"taxonomy":"calendar","embeddable":true,"href":"https:\/\/anprotec.org.br\/site\/wp-json\/wp\/v2\/calendar?post=18897"}],"curies":[{"name":"wp","href":"https:\/\/api.w.org\/{rel}","templated":true}]}}