{"id":18819,"date":"2017-06-01T16:06:04","date_gmt":"2017-06-01T19:06:04","guid":{"rendered":"http:\/\/anprotec.org.br\/site\/?p=18819"},"modified":"2017-06-07T16:34:57","modified_gmt":"2017-06-07T19:34:57","slug":"brasileiros-visitarao-polo-economico-em-barcelona","status":"publish","type":"post","link":"https:\/\/anprotec.org.br\/site\/2017\/06\/brasileiros-visitarao-polo-economico-em-barcelona\/","title":{"rendered":"[:pt]Brasileiros visitar\u00e3o polo econ\u00f4mico em Barcelona[:]"},"content":{"rendered":"<p>[:pt]<\/p>\n<p style=\"text-align: justify\"><img decoding=\"async\" loading=\"lazy\" class=\"alignleft size-medium wp-image-18820\" src=\"https:\/\/anprotec.org.br\/site\/wp-content\/uploads\/2017\/06\/1471454471_810524_1471454752_noticia_normal-300x145.jpg\" alt=\"1471454471_810524_1471454752_noticia_normal\" width=\"300\" height=\"145\" srcset=\"https:\/\/anprotec.org.br\/site\/wp-content\/uploads\/2017\/06\/1471454471_810524_1471454752_noticia_normal-300x145.jpg 300w, https:\/\/anprotec.org.br\/site\/wp-content\/uploads\/2017\/06\/1471454471_810524_1471454752_noticia_normal.jpg 664w\" sizes=\"(max-width: 300px) 100vw, 300px\" \/>Os brasileiros integrantes da Miss\u00e3o T\u00e9cnica 2017 visitar\u00e3o uma antiga regi\u00e3o industrial no bairro de Poblenou, em Barcelona, com diversos pr\u00e9dios abandonados, que foi transformada em um reduto repleto de empresas inovadoras, entidades de pesquisa e universidades e virou refer\u00eancia mundial, o <strong>Distrito 22@Barcelona<\/strong>.<\/p>\n<p style=\"text-align: justify\">Hoje, o local \u00e9 um polo de intensas atividades econ\u00f4micas que concentra estrategicamente neg\u00f3cios ligados a novas tecnologias, informa\u00e7\u00e3o e conhecimento. O distrito trouxe uma renova\u00e7\u00e3o urbana e um novo modelo de cidade, que tem o objetivo de enfrentar os desafios da sociedade do conhecimento.<\/p>\n<p style=\"text-align: justify\">O projeto, al\u00e9m da renova\u00e7\u00e3o urbana, criou um ambiente diversificado e equilibrado em que permite aos espa\u00e7os produtivos coexistir com habita\u00e7\u00e3o, instala\u00e7\u00f5es e \u00e1reas verdes que melhoram a qualidade de vida e trabalho, houve tamb\u00e9m a renova\u00e7\u00e3o econ\u00f4mica, oportunidade \u00fanica de transformar a regi\u00e3o de Poblenou em um importante centro cient\u00edfico, tecnol\u00f3gico e cultural. E ainda trouxe a renova\u00e7\u00e3o social, promovendo a intera\u00e7\u00e3o entre os diferentes profissionais que trabalham na \u00e1rea e a participa\u00e7\u00e3o dos moradores do bairro nas oportunidades oferecidas pelas novas tecnologias.<\/p>\n<p style=\"text-align: justify\"><strong>EDI\u00c7\u00d5ES ANTERIORES<\/strong><\/p>\n<p style=\"text-align: justify\">Reitor da Universidade Comunit\u00e1ria da Regi\u00e3o de Chapec\u00f3, Cl\u00e1udio Alcides Jacoski, afirmou ter se surpreendido com os resultados obtidos com a iniciativa de 2015. \u201cSempre que podemos participar de uma Miss\u00e3o da Anprotec encaramos como uma grande oportunidade para busca de conhecimento e de networking. A visita a incubadoras foi essencial para conhecermos como outros locais do mundo atuam e n\u00f3s, enquanto institui\u00e7\u00e3o, temos procurado fazer uma mudan\u00e7a de rumo, entendendo esse momento que vivem todas as organiza\u00e7\u00f5es e institui\u00e7\u00f5es\u201d, disse.<\/p>\n<p style=\"text-align: justify\"><strong>Miss\u00e3o T\u00e9cnica 2017<\/strong><\/p>\n<p style=\"text-align: justify\">As inscri\u00e7\u00f5es para a Miss\u00e3o T\u00e9cnica Anprotec 2017, com destino a Espanha e Turquia, v\u00e3o at\u00e9 o dia 04 de agosto. Promovida pela Associa\u00e7\u00e3o, a iniciativa tem o apoio do Servi\u00e7o Brasileiro de Apoio \u00e0s Micro e Pequenas Empresas (Sebrae), Conselho Nacional de Secret\u00e1rios Estaduais para Assuntos de Ci\u00eancia, Tecnologia e Inova\u00e7\u00e3o (Consecti), Minist\u00e9rio das Rela\u00e7\u00f5es Exteriores (MRE), Coordena\u00e7\u00e3o de Aperfei\u00e7oamento de Pessoal de N\u00edvel Superior (Capes\/MEC), Associa\u00e7\u00e3o Internacional de Parques Tecnol\u00f3gicos e \u00c1reas de Inova\u00e7\u00e3o (IASP), Associa\u00e7\u00e3o de Parques Tecnol\u00f3gicos da Espanha (APTE), Rede de Parques Cient\u00edficos e Tecnol\u00f3gicos da Catalunha (XPCAT) e La Salle Technova Barcelona.<\/p>\n<p style=\"text-align: justify\">Para participar, \u00e9 necess\u00e1rio preencher a ficha de inscri\u00e7\u00e3o e enviar para Aksara Somchinda, consultora para projetos de coopera\u00e7\u00e3o internacional da Anprotec, pelo e-mail\u00a0<a href=\"mailto:aksara@anprotec.org.br\">aksara@anprotec.org.br<\/a>\u00a0at\u00e9 o dia 04 de agosto de 2017. Os participantes que fizerem inscri\u00e7\u00f5es at\u00e9 04 de julho ter\u00e3o desconto.<\/p>\n<p style=\"text-align: justify\">Saiba mais sobre o\u00a0<a href=\"http:\/\/technovabarcelona.com\/en\">La Salle Technova.<\/a><\/p>\n<p style=\"text-align: justify\">As regras e valores de inscri\u00e7\u00e3o est\u00e3o especificados no regulamento da Miss\u00e3o.<\/p>\n<p style=\"text-align: justify\">\u2013\u00a0<a href=\"https:\/\/anprotec.org.br\/moc\/Regulamento%20-%20Missao%202017_Espanha%20e%20Turquia_26Abril_revisado.pdf\">Regulamento (Condi\u00e7\u00f5es e valores)<\/a><\/p>\n<p style=\"text-align: justify\">\u2013\u00a0<a href=\"https:\/\/anprotec.org.br\/moc\/Fomulario%20de%20inscricao%20missao%202017_1.docx\">Formul\u00e1rio de inscri\u00e7\u00e3o<\/a><\/p>\n<p style=\"text-align: justify\">\u2013\u00a0<a href=\"http:\/\/www.anprotec.org.br\/moc\/03052017%20opcoesdevoo.pdf\">Op\u00e7\u00f5es de voo.<\/a><\/p>\n<p style=\"text-align: justify\">\n<p>[:]<\/p>\n","protected":false},"excerpt":{"rendered":"<p>[:pt]Al\u00e9m de conhecer mecanismos de apoio ao empreendedorismo da Espanha, a delega\u00e7\u00e3o participar\u00e1 da 34\u00aa Confer\u00eancia Mundial da IASP, na Turquia. Inscri\u00e7\u00f5es abertas.[:]<\/p>\n","protected":false},"author":8,"featured_media":18820,"comment_status":"open","ping_status":"open","sticky":false,"template":"","format":"standard","meta":{"footnotes":"","_links_to":"","_links_to_target":""},"categories":[3],"tags":[],"calendar":[],"_links":{"self":[{"href":"https:\/\/anprotec.org.br\/site\/wp-json\/wp\/v2\/posts\/18819"}],"collection":[{"href":"https:\/\/anprotec.org.br\/site\/wp-json\/wp\/v2\/posts"}],"about":[{"href":"https:\/\/anprotec.org.br\/site\/wp-json\/wp\/v2\/types\/post"}],"author":[{"embeddable":true,"href":"https:\/\/anprotec.org.br\/site\/wp-json\/wp\/v2\/users\/8"}],"replies":[{"embeddable":true,"href":"https:\/\/anprotec.org.br\/site\/wp-json\/wp\/v2\/comments?post=18819"}],"version-history":[{"count":2,"href":"https:\/\/anprotec.org.br\/site\/wp-json\/wp\/v2\/posts\/18819\/revisions"}],"predecessor-version":[{"id":18822,"href":"https:\/\/anprotec.org.br\/site\/wp-json\/wp\/v2\/posts\/18819\/revisions\/18822"}],"wp:featuredmedia":[{"embeddable":true,"href":"https:\/\/anprotec.org.br\/site\/wp-json\/wp\/v2\/media\/18820"}],"wp:attachment":[{"href":"https:\/\/anprotec.org.br\/site\/wp-json\/wp\/v2\/media?parent=18819"}],"wp:term":[{"taxonomy":"category","embeddable":true,"href":"https:\/\/anprotec.org.br\/site\/wp-json\/wp\/v2\/categories?post=18819"},{"taxonomy":"post_tag","embeddable":true,"href":"https:\/\/anprotec.org.br\/site\/wp-json\/wp\/v2\/tags?post=18819"},{"taxonomy":"calendar","embeddable":true,"href":"https:\/\/anprotec.org.br\/site\/wp-json\/wp\/v2\/calendar?post=18819"}],"curies":[{"name":"wp","href":"https:\/\/api.w.org\/{rel}","templated":true}]}}