{"id":18617,"date":"2017-05-10T12:17:57","date_gmt":"2017-05-10T15:17:57","guid":{"rendered":"http:\/\/anprotec.org.br\/site\/?p=18617"},"modified":"2017-05-10T12:17:57","modified_gmt":"2017-05-10T15:17:57","slug":"sebrae-mg-convida-para-mindset-global","status":"publish","type":"post","link":"https:\/\/anprotec.org.br\/site\/2017\/05\/sebrae-mg-convida-para-mindset-global\/","title":{"rendered":"[:pt]Sebrae MG convida para Mindset Global[:]"},"content":{"rendered":"<p>[:pt]<div id=\"attachment_18618\" style=\"width: 310px\" class=\"wp-caption alignleft\"><img aria-describedby=\"caption-attachment-18618\" decoding=\"async\" loading=\"lazy\" class=\"wp-image-18618 size-medium\" src=\"https:\/\/anprotec.org.br\/site\/wp-content\/uploads\/2017\/05\/IMG_0494-1024x768-300x225.jpg\" alt=\"IMG_0494-1024x768\" width=\"300\" height=\"225\" srcset=\"https:\/\/anprotec.org.br\/site\/wp-content\/uploads\/2017\/05\/IMG_0494-1024x768-300x225.jpg 300w, https:\/\/anprotec.org.br\/site\/wp-content\/uploads\/2017\/05\/IMG_0494-1024x768-768x576.jpg 768w, https:\/\/anprotec.org.br\/site\/wp-content\/uploads\/2017\/05\/IMG_0494-1024x768.jpg 1024w\" sizes=\"(max-width: 300px) 100vw, 300px\" \/><p id=\"caption-attachment-18618\" class=\"wp-caption-text\">Edi\u00e7\u00e3o passada. Foto: Sebrae MG<\/p><\/div>\n<p style=\"text-align: justify\">Criado com o objetivo de ajudar empresas de base tecnol\u00f3gica a desenvolverem uma vis\u00e3o global em seus modelos de neg\u00f3cio, o Mindset Global est\u00e1 com inscri\u00e7\u00f5es abertas. O programa, em Minas Gerais, \u00e9 uma iniciativa do Sebrae em parceria com a Rede Mineira de Inova\u00e7\u00e3o e com a Secretaria de Estado de Desenvolvimento Econ\u00f4mico, Ci\u00eancia e Tecnologia e Ensino Superior. (Sedectes).<\/p>\n<p style=\"text-align: justify\">O Mindset vai ajudar startups mineiras a se conectarem a programas de acelera\u00e7\u00e3o, pr\u00e9-acelera\u00e7\u00e3o e soft-landing em diferentes regi\u00f5es do mundo. Al\u00e9m disso, vai ajudar os empreendedores a desenvolverem uma estrat\u00e9gia de internacionaliza\u00e7\u00e3o para seus produtos.<\/p>\n<p style=\"text-align: justify\">Para isso, em um fim de semana os participantes v\u00e3o colocar a m\u00e3o na massa para desenvolver os projetos. Entre as atividades est\u00e3o inclu\u00eddos pitches em ingl\u00eas, criar roteiro de v\u00eddeos, praticar a internacionaliza\u00e7\u00e3o, redesenhar modelos de neg\u00f3cios para o mercado global, entre outros.<\/p>\n<p style=\"text-align: justify\">As atividades ser\u00e3o realizadas na sede do Sebrae em BH, nos dias 26, 27 e 28 de maio. J\u00e1 as mentorias e encerramento do programa ser\u00e3o no dia 31 de agosto.<\/p>\n<p style=\"text-align: justify\">As inscri\u00e7\u00f5es podem ser feitas at\u00e9 18 de maio. Para isso, \u00e9 preciso ter um MVP funcional, ter um dos integrantes da equipe que domine ingl\u00eas para se comunicar, ter CNPJ e a empresa estar estabelecida em Minas Gerais. As 18 empresas selecionadas ser\u00e3o divulgadas no dia 22 de maio.<\/p>\n<p style=\"text-align: justify\">Clique <a href=\"http:\/\/uglobally.com\/programs\/mindset-global-sebrae-mg\/\" target=\"_blank\">AQUI<\/a> para se inscrever.<\/p>\n<p style=\"text-align: justify\"><em>*Fonte: Portal Simi<\/em><\/p>\n<p>[:]<\/p>\n","protected":false},"excerpt":{"rendered":"<p>[:pt]De 26 a 28\/05 o programa vai  vai ajudar startups mineiras a se conectarem a programas de acelera\u00e7\u00e3o, pr\u00e9-acelera\u00e7\u00e3o e soft-landing em diferentes regi\u00f5es do mundo. Inscri\u00e7\u00f5es abertas.[:]<\/p>\n","protected":false},"author":8,"featured_media":17819,"comment_status":"open","ping_status":"open","sticky":false,"template":"","format":"standard","meta":{"footnotes":"","_links_to":"","_links_to_target":""},"categories":[3],"tags":[],"calendar":[],"_links":{"self":[{"href":"https:\/\/anprotec.org.br\/site\/wp-json\/wp\/v2\/posts\/18617"}],"collection":[{"href":"https:\/\/anprotec.org.br\/site\/wp-json\/wp\/v2\/posts"}],"about":[{"href":"https:\/\/anprotec.org.br\/site\/wp-json\/wp\/v2\/types\/post"}],"author":[{"embeddable":true,"href":"https:\/\/anprotec.org.br\/site\/wp-json\/wp\/v2\/users\/8"}],"replies":[{"embeddable":true,"href":"https:\/\/anprotec.org.br\/site\/wp-json\/wp\/v2\/comments?post=18617"}],"version-history":[{"count":1,"href":"https:\/\/anprotec.org.br\/site\/wp-json\/wp\/v2\/posts\/18617\/revisions"}],"predecessor-version":[{"id":18619,"href":"https:\/\/anprotec.org.br\/site\/wp-json\/wp\/v2\/posts\/18617\/revisions\/18619"}],"wp:featuredmedia":[{"embeddable":true,"href":"https:\/\/anprotec.org.br\/site\/wp-json\/wp\/v2\/media\/17819"}],"wp:attachment":[{"href":"https:\/\/anprotec.org.br\/site\/wp-json\/wp\/v2\/media?parent=18617"}],"wp:term":[{"taxonomy":"category","embeddable":true,"href":"https:\/\/anprotec.org.br\/site\/wp-json\/wp\/v2\/categories?post=18617"},{"taxonomy":"post_tag","embeddable":true,"href":"https:\/\/anprotec.org.br\/site\/wp-json\/wp\/v2\/tags?post=18617"},{"taxonomy":"calendar","embeddable":true,"href":"https:\/\/anprotec.org.br\/site\/wp-json\/wp\/v2\/calendar?post=18617"}],"curies":[{"name":"wp","href":"https:\/\/api.w.org\/{rel}","templated":true}]}}