{"id":18537,"date":"2017-07-26T15:00:29","date_gmt":"2017-07-26T18:00:29","guid":{"rendered":"http:\/\/anprotec.org.br\/site\/?p=18537"},"modified":"2017-08-02T19:03:29","modified_gmt":"2017-08-02T22:03:29","slug":"inscricoes-abertas-para-missao-tecnica-2017","status":"publish","type":"post","link":"https:\/\/anprotec.org.br\/site\/2017\/07\/inscricoes-abertas-para-missao-tecnica-2017\/","title":{"rendered":"[:pt]\u00daltimos dias de inscri\u00e7\u00f5es[:]"},"content":{"rendered":"<p>[:pt]<\/p>\n<p style=\"text-align: justify\"><img decoding=\"async\" loading=\"lazy\" class=\"alignleft size-medium wp-image-18538\" src=\"https:\/\/anprotec.org.br\/site\/wp-content\/uploads\/2017\/04\/WhatsApp-Image-2017-04-27-at-17.03.20-300x300.jpeg\" alt=\"WhatsApp Image 2017-04-27 at 17.03.20\" width=\"300\" height=\"300\" \/>Encerram-se nesta pr\u00f3xima sexta-feira, dia 4 de agosto, as inscri\u00e7\u00f5es para a Miss\u00e3o T\u00e9cnica Anprotec 2017, com destino a Espanha e Turquia. Promovida pela Associa\u00e7\u00e3o, \u00a0a iniciativa tem o apoio do Servi\u00e7o Brasileiro de Apoio \u00e0s Micro e Pequenas Empresas (Sebrae), Conselho Nacional de Secret\u00e1rios Estaduais para Assuntos de Ci\u00eancia, Tecnologia e Inova\u00e7\u00e3o (Consecti), Minist\u00e9rio das Rela\u00e7\u00f5es Exteriores (MRE), Coordena\u00e7\u00e3o de Aperfei\u00e7oamento de Pessoal de N\u00edvel Superior (Capes\/MEC), Associa\u00e7\u00e3o Internacional de Parques Tecnol\u00f3gicos e \u00c1reas de Inova\u00e7\u00e3o (IASP), Associa\u00e7\u00e3o de Parques Tecnol\u00f3gicos da Espanha (APTE), Rede de Parques Cient\u00edficos e Tecnol\u00f3gicos da Catalunha (XPCAT) e La Salle Technova Barcelona.<\/p>\n<p style=\"text-align: justify\">A Miss\u00e3o T\u00e9cnica 2017 ser\u00e1 realizada de 17 e 29 de setembro deste ano. Na primeira etapa, os participantes ter\u00e3o a oportunidade de conhecer o ecossistema inovador espanhol, um dos principais atores europeus em pol\u00edticas de apoio ao empreendedorismo e \u00e0 inova\u00e7\u00e3o.<\/p>\n<p style=\"text-align: justify\">Os participantes da Miss\u00e3o T\u00e9cnica Anprotec 2017 ter\u00e3o como primeiro destino a visita ao Parque Tecnol\u00f3gico de Andaluzia (PTA), em M\u00e1laga, na Espanha.<\/p>\n<p style=\"text-align: justify\">O PTA \u00e9 o maior parque tecnol\u00f3gico da Europa, com mais de 20 anos de \u00eaxito, aproximadamente 600 empresas inovadoras de diversos setores e 16 mil empregados. Al\u00e9m disso, \u00e9 considerado um dos parques mais importantes e ativos do mundo\u00a0e sedia importantes organiza\u00e7\u00f5es como Associa\u00e7\u00e3o de Parques Tecnol\u00f3gicos da Espanha (APTE), Associa\u00e7\u00e3o Internacional de Parques Cient\u00edficos e Tecnol\u00f3gicos (IASP) e Rede de Tecnologia de Andaluzia (RTA).<\/p>\n<p style=\"text-align: justify\">O local, que ser\u00e1 visitado pela comitiva brasileira, \u00e9 conhecido por sua alta capacidade em criar pequenas, m\u00e9dias e grandes empresas inovadoras, orientadas para a produ\u00e7\u00e3o, servi\u00e7os avan\u00e7ados e P&amp;D. O parque conta com uma grande infraestrutura e servi\u00e7os avan\u00e7ados, onde \u00e9 poss\u00edvel encontrar equil\u00edbrio entre multinacionais, universidades e pequenas empresas.<\/p>\n<p style=\"text-align: justify\">Os setores mais presentes no parque s\u00e3o: tecnologia da informa\u00e7\u00e3o (eletr\u00f4nica, inform\u00e1tica e telecomunica\u00e7\u00f5es); engenharia; consultoria e assessoria; que representam 32,27% do total de empresas residentes, gerando 60,14% dos empregos no local e respons\u00e1vel por 48,22% do volume de neg\u00f3cios.<\/p>\n<p style=\"text-align: justify\">Os participantes poder\u00e3o visitar tamb\u00e9m as instala\u00e7\u00f5es do Parque Cient\u00edfico e Tecnol\u00f3gico Bizkaia.\u00a0Situado na cidade de Zamudio, no norte da comunidade aut\u00f3noma do Pa\u00eds Basco, o parque abriga 226 empresas, que faturaram juntas, em 2015, \u20ac 2820 milh\u00f5es.<\/p>\n<p style=\"text-align: justify\">O objetivo do parque \u00e9 contribuir decisivamente para o desenvolvimento tecnol\u00f3gico e inova\u00e7\u00e3o no Estado, de forma sustent\u00e1vel, promovendo a troca de conhecimento e tecnologia entre empresas, agentes de tecnologia e universidades. Al\u00e9m disso, o parque tamb\u00e9m incentiva a cria\u00e7\u00e3o e o crescimento das empresas.<\/p>\n<p style=\"text-align: justify\">J\u00e1 na Turquia, em Istambul, a Miss\u00e3o ir\u00e1 para a 34\u00aa Confer\u00eancia da Associa\u00e7\u00e3o Internacional de Parques Tecnol\u00f3gicos e \u00c1reas de Inova\u00e7\u00e3o (IASP).<\/p>\n<p style=\"text-align: justify\">A programa\u00e7\u00e3o da Miss\u00e3o inclui visitas a parques tecnol\u00f3gicos, universidades, centros de inova\u00e7\u00e3o e neg\u00f3cios, onde ser\u00e3o realizadas reuni\u00f5es, encontros e di\u00e1logos com agentes dos sistemas de inova\u00e7\u00e3o dos pa\u00edses visitados.<\/p>\n<p style=\"text-align: justify\">A Miss\u00e3o \u00e9 destinada aos dirigentes de parques tecnol\u00f3gicos, aceleradoras, coworking, ambientes de neg\u00f3cios de alto impacto social, incubadoras de empresas associadas \u00e0 Anprotec, ag\u00eancias de fomento e minist\u00e9rios, secret\u00e1rios estaduais e municipais de CT&amp;I, Funda\u00e7\u00f5es de Amparo \u00e0 Pesquisa ou institui\u00e7\u00f5es equivalentes, e empreendedores vinculados aos parques tecnol\u00f3gicos e outros ambientes de inova\u00e7\u00e3o.<\/p>\n<p style=\"text-align: justify\">As vagas s\u00e3o limitadas e \u00e9 imprescind\u00edvel ter flu\u00eancia em ingl\u00eas e espanhol.<\/p>\n<p style=\"text-align: justify\"><strong>Inscri\u00e7\u00e3o<\/strong><\/p>\n<p style=\"text-align: justify\">Para participar, \u00e9 necess\u00e1rio preencher a ficha de inscri\u00e7\u00e3o e enviar para Aksara Somchinda, consultora para projetos de coopera\u00e7\u00e3o internacional da Anprotec, pelo e-mail aksara@anprotec.org.br at\u00e9 o dia 04 de agosto de 2017. Os participantes que fizerem inscri\u00e7\u00f5es at\u00e9 04 de julho ter\u00e3o desconto.<\/p>\n<p style=\"text-align: justify\">As regras e valores de inscri\u00e7\u00e3o est\u00e3o especificados no regulamento da Miss\u00e3o.<\/p>\n<p style=\"text-align: justify\">\u2013 <a href=\"https:\/\/anprotec.org.br\/moc\/Regulamento%20-%20Missao%202017_Espanha%20e%20Turquia_26Abril_revisado.pdf\" target=\"_blank\">Regulamento (Condi\u00e7\u00f5es e valores)<\/a><\/p>\n<p style=\"text-align: justify\">\u2013 <a href=\"https:\/\/anprotec.org.br\/moc\/Fomulario%20de%20inscricao%20missao%202017_1.docx\" target=\"_blank\">Formul\u00e1rio de inscri\u00e7\u00e3o<\/a><\/p>\n<p style=\"text-align: justify\">&#8211; <a href=\"http:\/\/www.anprotec.org.br\/moc\/03052017%20opcoesdevoo.pdf\" target=\"_blank\">Op\u00e7\u00f5es de voo.<\/a><\/p>\n<p style=\"text-align: justify\">\n<p>[:]<\/p>\n","protected":false},"excerpt":{"rendered":"<p>[:pt]Encerram-se nesta pr\u00f3xima sexta-feira, dia 4 de agosto, as inscri\u00e7\u00f5es para a Miss\u00e3o T\u00e9cnica Anprotec 2017, com destino a Espanha e Turquia. Inscreva-se![:]<\/p>\n","protected":false},"author":8,"featured_media":18538,"comment_status":"open","ping_status":"open","sticky":false,"template":"","format":"standard","meta":{"footnotes":"","_links_to":"","_links_to_target":""},"categories":[3],"tags":[],"calendar":[],"_links":{"self":[{"href":"https:\/\/anprotec.org.br\/site\/wp-json\/wp\/v2\/posts\/18537"}],"collection":[{"href":"https:\/\/anprotec.org.br\/site\/wp-json\/wp\/v2\/posts"}],"about":[{"href":"https:\/\/anprotec.org.br\/site\/wp-json\/wp\/v2\/types\/post"}],"author":[{"embeddable":true,"href":"https:\/\/anprotec.org.br\/site\/wp-json\/wp\/v2\/users\/8"}],"replies":[{"embeddable":true,"href":"https:\/\/anprotec.org.br\/site\/wp-json\/wp\/v2\/comments?post=18537"}],"version-history":[{"count":20,"href":"https:\/\/anprotec.org.br\/site\/wp-json\/wp\/v2\/posts\/18537\/revisions"}],"predecessor-version":[{"id":19374,"href":"https:\/\/anprotec.org.br\/site\/wp-json\/wp\/v2\/posts\/18537\/revisions\/19374"}],"wp:featuredmedia":[{"embeddable":true,"href":"https:\/\/anprotec.org.br\/site\/wp-json\/wp\/v2\/media\/18538"}],"wp:attachment":[{"href":"https:\/\/anprotec.org.br\/site\/wp-json\/wp\/v2\/media?parent=18537"}],"wp:term":[{"taxonomy":"category","embeddable":true,"href":"https:\/\/anprotec.org.br\/site\/wp-json\/wp\/v2\/categories?post=18537"},{"taxonomy":"post_tag","embeddable":true,"href":"https:\/\/anprotec.org.br\/site\/wp-json\/wp\/v2\/tags?post=18537"},{"taxonomy":"calendar","embeddable":true,"href":"https:\/\/anprotec.org.br\/site\/wp-json\/wp\/v2\/calendar?post=18537"}],"curies":[{"name":"wp","href":"https:\/\/api.w.org\/{rel}","templated":true}]}}