{"id":18269,"date":"2017-03-28T15:06:43","date_gmt":"2017-03-28T18:06:43","guid":{"rendered":"http:\/\/anprotec.org.br\/site\/?p=18269"},"modified":"2017-03-29T15:58:04","modified_gmt":"2017-03-29T18:58:04","slug":"anprotec-e-rede-ms-realizam-workshop-cerne","status":"publish","type":"post","link":"https:\/\/anprotec.org.br\/site\/2017\/03\/anprotec-e-rede-ms-realizam-workshop-cerne\/","title":{"rendered":"[:pt]Anprotec e Rede MS realizam workshop Cerne[:]"},"content":{"rendered":"<p>[:pt]<\/p>\n<p style=\"text-align: justify\"><img decoding=\"async\" loading=\"lazy\" class=\"alignleft wp-image-18272 size-medium\" src=\"https:\/\/anprotec.org.br\/site\/wp-content\/uploads\/2017\/03\/WhatsApp-Image-2017-03-28-at-14.09.34-1-300x225.jpeg\" alt=\"\" width=\"300\" height=\"225\" srcset=\"https:\/\/anprotec.org.br\/site\/wp-content\/uploads\/2017\/03\/WhatsApp-Image-2017-03-28-at-14.09.34-1-300x225.jpeg 300w, https:\/\/anprotec.org.br\/site\/wp-content\/uploads\/2017\/03\/WhatsApp-Image-2017-03-28-at-14.09.34-1-768x576.jpeg 768w, https:\/\/anprotec.org.br\/site\/wp-content\/uploads\/2017\/03\/WhatsApp-Image-2017-03-28-at-14.09.34-1-1024x768.jpeg 1024w, https:\/\/anprotec.org.br\/site\/wp-content\/uploads\/2017\/03\/WhatsApp-Image-2017-03-28-at-14.09.34-1.jpeg 1280w\" sizes=\"(max-width: 300px) 100vw, 300px\" \/>Teve in\u00edcio, nesta segunda-feira (27\/03), o Workshop de Nivelamento Cerne, em Campo Grande, no Mato Grosso do Sul (MS). A iniciativa apresenta o panorama dos ecossistemas de inova\u00e7\u00e3o do Brasil, as perspectivas para o Mato Grosso do Sul e melhores pr\u00e1ticas do Cerne no estado e as formas de consolida\u00e7\u00e3o do ecossistema de inova\u00e7\u00e3o.<\/p>\n<p style=\"text-align: justify\">A atividade \u00e9 destinada a incubadoras que queiram fazer parte do programa Cerne. O workshop acontece na Funda\u00e7\u00e3o Manoel de Barros, com organiza\u00e7\u00e3o da Anprotec em parceria com a\u00a0Rede Sul-Mato Grossense de Inova\u00e7\u00e3o.<\/p>\n<p style=\"text-align: justify\">Em conjunto com o workshop, acontece o curso de Implanta\u00e7\u00e3o Cerne 1 e 2, at\u00e9 o dia 30\/03. O diretor de associados da Anprotec, Jardel Matos, afirma que o objetivo \u00e9 que cada vez mais pessoas se qualifiquem. &#8220;Como j\u00e1 est\u00e1 sendo feito, o objetivo \u00e9 que o Cerne possa ser ampliado para todos os estados brasileiros. Aliado a isso, outro objetivo \u00e9 o de fortalecer o protagonismo das Redes, movimentando os ecossistemas locais e regionais de inova\u00e7\u00e3o do pa\u00eds\u201d, afirma Matos.<\/p>\n<p style=\"text-align: justify\"><strong>O Cerne<\/strong><\/p>\n<p style=\"text-align: justify\"><img decoding=\"async\" loading=\"lazy\" class=\"alignleft size-medium wp-image-18271\" src=\"https:\/\/anprotec.org.br\/site\/wp-content\/uploads\/2017\/03\/WhatsApp-Image-2017-03-28-at-14.09.34-300x225.jpeg\" alt=\"WhatsApp Image 2017-03-28 at 14.09.34\" width=\"300\" height=\"225\" srcset=\"https:\/\/anprotec.org.br\/site\/wp-content\/uploads\/2017\/03\/WhatsApp-Image-2017-03-28-at-14.09.34-300x225.jpeg 300w, https:\/\/anprotec.org.br\/site\/wp-content\/uploads\/2017\/03\/WhatsApp-Image-2017-03-28-at-14.09.34-768x576.jpeg 768w, https:\/\/anprotec.org.br\/site\/wp-content\/uploads\/2017\/03\/WhatsApp-Image-2017-03-28-at-14.09.34-1024x768.jpeg 1024w, https:\/\/anprotec.org.br\/site\/wp-content\/uploads\/2017\/03\/WhatsApp-Image-2017-03-28-at-14.09.34.jpeg 1280w\" sizes=\"(max-width: 300px) 100vw, 300px\" \/>O Centro de Refer\u00eancia para Apoio a Novos Empreendimentos (Cerne) \u00e9 uma plataforma que visa promover a melhoria expressiva nos resultados das incubadoras de diferentes setores de atua\u00e7\u00e3o. Para isso, determina boas pr\u00e1ticas a serem adotadas em diversos processos-chave, que est\u00e3o associados a n\u00edveis de maturidade (Cerne 1, Cerne 2, Cerne 3 e Cerne 4). Cada n\u00edvel de maturidade representa um passo da incubadora em dire\u00e7\u00e3o \u00e0 melhoria cont\u00ednua.<\/p>\n<p style=\"text-align: justify\">O objetivo do Cerne \u00e9 oferecer uma plataforma de solu\u00e7\u00f5es, para ampliar a capacidade da incubadora em gerar empreendimentos inovadores bem sucedidos. O Cerne cria uma base de refer\u00eancia para que as incubadoras de diferentes \u00e1reas e portes possam reduzir o n\u00edvel de variabilidade na obten\u00e7\u00e3o de sucesso das empresas apoiadas.<\/p>\n<p>[:]<\/p>\n","protected":false},"excerpt":{"rendered":"<p>[:pt]Iniciativa apresenta panorama de ecossistemas no Brasil e do Mato Grosso do Sul. O workshop acontece de 27 a 30 de mar\u00e7o, em Campo Grande (MS).[:]<\/p>\n","protected":false},"author":8,"featured_media":18270,"comment_status":"open","ping_status":"open","sticky":false,"template":"","format":"standard","meta":{"footnotes":"","_links_to":"","_links_to_target":""},"categories":[3],"tags":[],"calendar":[],"_links":{"self":[{"href":"https:\/\/anprotec.org.br\/site\/wp-json\/wp\/v2\/posts\/18269"}],"collection":[{"href":"https:\/\/anprotec.org.br\/site\/wp-json\/wp\/v2\/posts"}],"about":[{"href":"https:\/\/anprotec.org.br\/site\/wp-json\/wp\/v2\/types\/post"}],"author":[{"embeddable":true,"href":"https:\/\/anprotec.org.br\/site\/wp-json\/wp\/v2\/users\/8"}],"replies":[{"embeddable":true,"href":"https:\/\/anprotec.org.br\/site\/wp-json\/wp\/v2\/comments?post=18269"}],"version-history":[{"count":4,"href":"https:\/\/anprotec.org.br\/site\/wp-json\/wp\/v2\/posts\/18269\/revisions"}],"predecessor-version":[{"id":18280,"href":"https:\/\/anprotec.org.br\/site\/wp-json\/wp\/v2\/posts\/18269\/revisions\/18280"}],"wp:featuredmedia":[{"embeddable":true,"href":"https:\/\/anprotec.org.br\/site\/wp-json\/wp\/v2\/media\/18270"}],"wp:attachment":[{"href":"https:\/\/anprotec.org.br\/site\/wp-json\/wp\/v2\/media?parent=18269"}],"wp:term":[{"taxonomy":"category","embeddable":true,"href":"https:\/\/anprotec.org.br\/site\/wp-json\/wp\/v2\/categories?post=18269"},{"taxonomy":"post_tag","embeddable":true,"href":"https:\/\/anprotec.org.br\/site\/wp-json\/wp\/v2\/tags?post=18269"},{"taxonomy":"calendar","embeddable":true,"href":"https:\/\/anprotec.org.br\/site\/wp-json\/wp\/v2\/calendar?post=18269"}],"curies":[{"name":"wp","href":"https:\/\/api.w.org\/{rel}","templated":true}]}}