{"id":18132,"date":"2017-03-15T15:30:55","date_gmt":"2017-03-15T18:30:55","guid":{"rendered":"http:\/\/anprotec.org.br\/site\/?p=18132"},"modified":"2017-03-15T15:34:23","modified_gmt":"2017-03-15T18:34:23","slug":"otto-alencar-e-eleito-presidente-da-cct-no-senado","status":"publish","type":"post","link":"https:\/\/anprotec.org.br\/site\/2017\/03\/otto-alencar-e-eleito-presidente-da-cct-no-senado\/","title":{"rendered":"[:pt]Eleito o presidente da CCT no Senado Federal[:]"},"content":{"rendered":"<p>[:pt]<div id=\"attachment_18133\" style=\"width: 310px\" class=\"wp-caption alignleft\"><img aria-describedby=\"caption-attachment-18133\" decoding=\"async\" loading=\"lazy\" class=\"wp-image-18133 size-medium\" src=\"https:\/\/anprotec.org.br\/site\/wp-content\/uploads\/2017\/03\/imagem_materia-300x199.jpg\" alt=\"imagem_materia\" width=\"300\" height=\"199\" srcset=\"https:\/\/anprotec.org.br\/site\/wp-content\/uploads\/2017\/03\/imagem_materia-300x199.jpg 300w, https:\/\/anprotec.org.br\/site\/wp-content\/uploads\/2017\/03\/imagem_materia-768x509.jpg 768w, https:\/\/anprotec.org.br\/site\/wp-content\/uploads\/2017\/03\/imagem_materia.jpg 860w\" sizes=\"(max-width: 300px) 100vw, 300px\" \/><p id=\"caption-attachment-18133\" class=\"wp-caption-text\">Foto: Ag\u00eancia Senado<\/p><\/div>\n<p style=\"text-align: justify\">Garantir que todas as escolas e universidades p\u00fablicas tenham acesso \u00e0 internet banda larga \u00e9 uma das prioridades da Comiss\u00e3o de Ci\u00eancia Tecnologia, Inova\u00e7\u00e3o, Comunica\u00e7\u00e3o e Inform\u00e1tica (CCT) definida pelo novo presidente, senador Otto Alencar (PSD-BA), ap\u00f3s ser eleito por aclama\u00e7\u00e3o nesta quarta-feira (15).<\/p>\n<p style=\"text-align: justify\">Segundo Otto, a CCT tamb\u00e9m buscar\u00e1 parcerias com os governos federal e estaduais para viabilizar a constru\u00e7\u00e3o de centros de tecnologia nos estados nos moldes do Senai Cimatec de Salvador (BA).<\/p>\n<p style=\"text-align: justify\">&#8211; Temos n\u00e3o s\u00f3 que apreciar mat\u00e9rias importante nessa \u00e1rea, mas tamb\u00e9m buscar parcerias que podem colaborar para avan\u00e7ar no sentido de que a pesquisa, a invoca\u00e7\u00e3o e a inform\u00e1tica possam evoluir e chegar a todos os rinc\u00f5es do pais. \u00c9 um momento importante dessa discuss\u00e3o sobre tecnologia pois ainda temos defici\u00eancias muito grandes em v\u00e1rios setores, como na telefonia m\u00f3vel, na internet, na banda larga. No meu estado, quase nenhuma escola p\u00fablica disp\u00f5e de banda larga \u2013 disse o novo presidente da CCT.<\/p>\n<p style=\"text-align: justify\">V\u00e1rios senadores tamb\u00e9m afirmaram que o investimento em inova\u00e7\u00e3o e a expans\u00e3o do acesso \u00e0 banda larga est\u00e3o entre os principais desafios do pa\u00eds.<\/p>\n<p style=\"text-align: justify\">&#8211; Temos discutido muito ao longo das reuni\u00f5es da CCT sobre a necessidade de dar acesso \u00e0 banda larga a todos os brasileiros e, em especial, \u00e0queles que est\u00e3o nas regi\u00f5es mais afastadas e menos desenvolvidas \u2013 acrescentou Flexa Ribeiro (PSDB-PA).<\/p>\n<p style=\"text-align: justify\">Tamb\u00e9m por aclama\u00e7\u00e3o, a CCT elegeu o senador Waldemir Moka (PMDB-MS) como vice-presidente. Flexa Ribeiro (PSDB-PA), Omar Aziz (PSD-AM), H\u00e9lio Jos\u00e9 (PMDB-DF), Cristovam Buarque (PPS-DF), Jo\u00e3o Alberto Souza (PMDB-MA) e Pedro Chaves (PSC-MS) parabenizaram os eleitos e desejaram sucesso ao longo do pr\u00f3ximo bi\u00eanio.<\/p>\n<p style=\"text-align: justify\"><em>*Fonte: Ag\u00eancia Senado<\/em><\/p>\n<p style=\"text-align: justify\">\n<p>[:]<\/p>\n","protected":false},"excerpt":{"rendered":"<p>[:pt]O Senador Otto Alencar foi eleito por aclama\u00e7\u00e3o nesta quarta-feira (15). Ele afirmou que o acesso de escolas \u00e0 banda larga ser\u00e1 a prioridade da Comiss\u00e3o em seu mandato. [:]<\/p>\n","protected":false},"author":8,"featured_media":18133,"comment_status":"open","ping_status":"open","sticky":false,"template":"","format":"standard","meta":{"footnotes":"","_links_to":"","_links_to_target":""},"categories":[3],"tags":[],"calendar":[],"_links":{"self":[{"href":"https:\/\/anprotec.org.br\/site\/wp-json\/wp\/v2\/posts\/18132"}],"collection":[{"href":"https:\/\/anprotec.org.br\/site\/wp-json\/wp\/v2\/posts"}],"about":[{"href":"https:\/\/anprotec.org.br\/site\/wp-json\/wp\/v2\/types\/post"}],"author":[{"embeddable":true,"href":"https:\/\/anprotec.org.br\/site\/wp-json\/wp\/v2\/users\/8"}],"replies":[{"embeddable":true,"href":"https:\/\/anprotec.org.br\/site\/wp-json\/wp\/v2\/comments?post=18132"}],"version-history":[{"count":3,"href":"https:\/\/anprotec.org.br\/site\/wp-json\/wp\/v2\/posts\/18132\/revisions"}],"predecessor-version":[{"id":18136,"href":"https:\/\/anprotec.org.br\/site\/wp-json\/wp\/v2\/posts\/18132\/revisions\/18136"}],"wp:featuredmedia":[{"embeddable":true,"href":"https:\/\/anprotec.org.br\/site\/wp-json\/wp\/v2\/media\/18133"}],"wp:attachment":[{"href":"https:\/\/anprotec.org.br\/site\/wp-json\/wp\/v2\/media?parent=18132"}],"wp:term":[{"taxonomy":"category","embeddable":true,"href":"https:\/\/anprotec.org.br\/site\/wp-json\/wp\/v2\/categories?post=18132"},{"taxonomy":"post_tag","embeddable":true,"href":"https:\/\/anprotec.org.br\/site\/wp-json\/wp\/v2\/tags?post=18132"},{"taxonomy":"calendar","embeddable":true,"href":"https:\/\/anprotec.org.br\/site\/wp-json\/wp\/v2\/calendar?post=18132"}],"curies":[{"name":"wp","href":"https:\/\/api.w.org\/{rel}","templated":true}]}}