{"id":17975,"date":"2017-02-14T13:44:07","date_gmt":"2017-02-14T16:44:07","guid":{"rendered":"http:\/\/anprotec.org.br\/site\/?p=17975"},"modified":"2017-02-14T13:44:07","modified_gmt":"2017-02-14T16:44:07","slug":"aberta-chamada-para-incluir-2017","status":"publish","type":"post","link":"https:\/\/anprotec.org.br\/site\/2017\/02\/aberta-chamada-para-incluir-2017\/","title":{"rendered":"[:pt]Aberta chamada para &#8220;Incluir 2017&#8243;[:]"},"content":{"rendered":"<p>[:pt]<\/p>\n<section id=\"o-que-\u00e9\" class=\"first \">\n<div id=\"attachment_17977\" style=\"width: 310px\" class=\"wp-caption alignleft\"><img aria-describedby=\"caption-attachment-17977\" decoding=\"async\" loading=\"lazy\" class=\"wp-image-17977 size-medium\" src=\"https:\/\/anprotec.org.br\/site\/wp-content\/uploads\/2017\/02\/shutterstock_510983926-300x200.jpg\" alt=\"shutterstock_510983926\" width=\"300\" height=\"200\" srcset=\"https:\/\/anprotec.org.br\/site\/wp-content\/uploads\/2017\/02\/shutterstock_510983926-300x200.jpg 300w, https:\/\/anprotec.org.br\/site\/wp-content\/uploads\/2017\/02\/shutterstock_510983926-768x512.jpg 768w, https:\/\/anprotec.org.br\/site\/wp-content\/uploads\/2017\/02\/shutterstock_510983926-1024x683.jpg 1024w, https:\/\/anprotec.org.br\/site\/wp-content\/uploads\/2017\/02\/shutterstock_510983926.jpg 2048w\" sizes=\"(max-width: 300px) 100vw, 300px\" \/><p id=\"caption-attachment-17977\" class=\"wp-caption-text\">Foto: shutterstock<\/p><\/div>\n<p style=\"text-align: justify\">O Programa das Na\u00e7\u00f5es Unidas para o Desenvolvimento (Pnud)\u00a0e o Sebrae convidam empreendedores e potenciais empreendedores, rurais e urbanos, potenciais empres\u00e1rios, produtores rurais, MEI, micro e pequenas empresas a apresentar suas ideias, casos e boas pr\u00e1ticas em <strong>neg\u00f3cios inclusivos e\/ou sociais<\/strong>.<\/p>\n<p style=\"text-align: justify\">O objetivo da chamada \u00e9 mapear e reconhecer modelos de neg\u00f3cios comprometidos com a gera\u00e7\u00e3o de impacto positivo para a sociedade e com a inclus\u00e3o socioecon\u00f4mica de cidad\u00e3s e cidad\u00e3os de menor renda.<\/p>\n<p style=\"text-align: justify\">A <strong>Iniciativa Incluir<\/strong> reconhece que as empresas podem desenvolver solu\u00e7\u00f5es sustent\u00e1veis, inclusivas e economicamente vi\u00e1veis a favor das comunidades onde atuam e formar uma rede de di\u00e1logo e de troca de conhecimentos para que as empresas, associa\u00e7\u00f5es empresariais e gestores p\u00fablicos conhe\u00e7am experi\u00eancias corporativas de sucesso e articulem sua pr\u00e1tica para estimular e promover neg\u00f3cios inclusivos e sociais.<\/p>\n<p style=\"text-align: justify\">Os casos finalistas ser\u00e3o encaminhados aos programas de apoio a <strong>neg\u00f3cios de impacto social<\/strong> apoiados pelo Governo Federal, bancos de desenvolvimento, investidores, incubadoras e aceleradoras para identifica\u00e7\u00e3o de oportunidades de incentivo, investimento e apoio \u00e0 implementa\u00e7\u00e3o.<\/p>\n<\/section>\n<section id=\"categorias\">\n<h3>Categorias<\/h3>\n<p>Ser\u00e3o contempladas seis categorias:<\/p>\n<ul>\n<li><strong>Ideia inovadora<\/strong>: iniciativas que tenham uma ideia de modelo de neg\u00f3cio inclusivo e\/ou de impacto social e\/ou ambiental em fase de <strong>idea\u00e7\u00e3o e valida\u00e7\u00e3o.<\/strong><\/li>\n<li><strong>Neg\u00f3cio com solu\u00e7\u00f5es de impacto social<\/strong>: micro e pequenos empreendimentos formalizados que desenvolvam solu\u00e7\u00f5es de impacto social em fase de <strong>lan\u00e7amento no mercado e opera\u00e7\u00e3o.<\/strong><\/li>\n<li><strong>Neg\u00f3cio com solu\u00e7\u00f5es de impacto ambiental (positivo)<\/strong>: micro e pequenos empreendimentos formalizados que desenvolvam solu\u00e7\u00f5es de impacto ambiental em fase de <strong>lan\u00e7amento no mercado e opera\u00e7\u00e3o<\/strong>.<\/li>\n<li><strong>Neg\u00f3cio de impacto em escala<\/strong>: micro e pequenos empreendimentos formalizados que desenvolvam solu\u00e7\u00f5es de impacto ambiental em fase de <strong>lan\u00e7amento no mercado e opera\u00e7\u00e3o.<\/strong><\/li>\n<li><strong>Neg\u00f3cio inclusivo em cadeias de valor<\/strong>: micro e pequenos \u00a0empreendimentos formalizados em fase de <strong>lan\u00e7amento no mercado e opera\u00e7\u00e3o<\/strong> ou <strong>expans\u00e3o e escala<\/strong> que envolvam popula\u00e7\u00e3o de menor renda como s\u00f3cio ou parceiro de neg\u00f3cio (fornecedor, distribuidor ou revendedor).<\/li>\n<li><strong>Neg\u00f3cio rural de impacto<\/strong>: micro e pequenos produtores rurais que desenvolvam atividades inclusivas e\/ou de impacto social e ambiental em<strong> est\u00e1gio qualquer de fase de maturidade.<\/strong><\/li>\n<\/ul>\n<p>Al\u00e9m disso, a chamada prev\u00ea um reconhecimento especial \u00e0s iniciativas que se destacarem nas tem\u00e1tica de g\u00eanero, juventude, terceira idade e integra\u00e7\u00e3o dos Objetivos de Desenvolvimento Sustent\u00e1vel no neg\u00f3cio.<\/p>\n<\/section>\n<section id=\"inscri\u00e7\u00f5es\" class=\"last \">\n<h3 style=\"text-align: justify\">Inscri\u00e7\u00f5es<\/h3>\n<p style=\"text-align: justify\">As informa\u00e7\u00f5es completas sobre inscri\u00e7\u00e3o, categorias, elegibilidade, crit\u00e9rios de sele\u00e7\u00e3o, regulamento e premia\u00e7\u00e3o est\u00e3o dispon\u00edveis no <strong><a href=\"http:\/\/www.br.undp.org\/content\/dam\/brazil\/docs\/IniciativaIncluir\/undp-edital-chamada-casos-incluir-2017.pdf\" target=\"_blank\">edital<\/a><\/strong>.<\/p>\n<p style=\"text-align: justify\">As inscri\u00e7\u00f5es ser\u00e3o realizadas por meio do preenchimento <strong><a href=\"https:\/\/docs.google.com\/forms\/d\/e\/1FAIpQLScWfxsMGD7Hkdfw7GDUcVKNHdqBdgvSvF5yYToppsVitxz1Lg\/viewform\" target=\"_blank\">deste formul\u00e1rio<\/a><\/strong>\u00a0at\u00e9 as 23h59 do dia 3 de abril de 2017.<\/p>\n<\/section>\n<p>[:]<\/p>\n","protected":false},"excerpt":{"rendered":"<p>[:pt]O objetivo \u00e9 reconhecer neg\u00f3cios com gera\u00e7\u00e3o de impacto positivo \u00e0 sociedade e inclus\u00e3o socioecon\u00f4mica de popula\u00e7\u00e3o de menor renda. Inscri\u00e7\u00f5es at\u00e9 03 de abril.[:]<\/p>\n","protected":false},"author":8,"featured_media":17977,"comment_status":"open","ping_status":"open","sticky":false,"template":"","format":"standard","meta":{"footnotes":"","_links_to":"","_links_to_target":""},"categories":[3],"tags":[],"calendar":[],"_links":{"self":[{"href":"https:\/\/anprotec.org.br\/site\/wp-json\/wp\/v2\/posts\/17975"}],"collection":[{"href":"https:\/\/anprotec.org.br\/site\/wp-json\/wp\/v2\/posts"}],"about":[{"href":"https:\/\/anprotec.org.br\/site\/wp-json\/wp\/v2\/types\/post"}],"author":[{"embeddable":true,"href":"https:\/\/anprotec.org.br\/site\/wp-json\/wp\/v2\/users\/8"}],"replies":[{"embeddable":true,"href":"https:\/\/anprotec.org.br\/site\/wp-json\/wp\/v2\/comments?post=17975"}],"version-history":[{"count":1,"href":"https:\/\/anprotec.org.br\/site\/wp-json\/wp\/v2\/posts\/17975\/revisions"}],"predecessor-version":[{"id":17978,"href":"https:\/\/anprotec.org.br\/site\/wp-json\/wp\/v2\/posts\/17975\/revisions\/17978"}],"wp:featuredmedia":[{"embeddable":true,"href":"https:\/\/anprotec.org.br\/site\/wp-json\/wp\/v2\/media\/17977"}],"wp:attachment":[{"href":"https:\/\/anprotec.org.br\/site\/wp-json\/wp\/v2\/media?parent=17975"}],"wp:term":[{"taxonomy":"category","embeddable":true,"href":"https:\/\/anprotec.org.br\/site\/wp-json\/wp\/v2\/categories?post=17975"},{"taxonomy":"post_tag","embeddable":true,"href":"https:\/\/anprotec.org.br\/site\/wp-json\/wp\/v2\/tags?post=17975"},{"taxonomy":"calendar","embeddable":true,"href":"https:\/\/anprotec.org.br\/site\/wp-json\/wp\/v2\/calendar?post=17975"}],"curies":[{"name":"wp","href":"https:\/\/api.w.org\/{rel}","templated":true}]}}