{"id":17970,"date":"2017-02-14T10:15:32","date_gmt":"2017-02-14T13:15:32","guid":{"rendered":"http:\/\/anprotec.org.br\/site\/?p=17970"},"modified":"2017-02-14T10:17:08","modified_gmt":"2017-02-14T13:17:08","slug":"brasil-sedia-competicao-get-in-the-ring","status":"publish","type":"post","link":"https:\/\/anprotec.org.br\/site\/2017\/02\/brasil-sedia-competicao-get-in-the-ring\/","title":{"rendered":"[:pt]Brasil sedia competi\u00e7\u00e3o Get in The Ring [:]"},"content":{"rendered":"<p>[:pt]<\/p>\n<p style=\"text-align: justify\"><img decoding=\"async\" loading=\"lazy\" class=\"alignleft size-medium wp-image-17972\" src=\"https:\/\/anprotec.org.br\/site\/wp-content\/uploads\/2017\/02\/getintheringa-300x225.jpg\" alt=\"getintheringa\" width=\"300\" height=\"225\" srcset=\"https:\/\/anprotec.org.br\/site\/wp-content\/uploads\/2017\/02\/getintheringa-300x225.jpg 300w, https:\/\/anprotec.org.br\/site\/wp-content\/uploads\/2017\/02\/getintheringa-768x576.jpg 768w, https:\/\/anprotec.org.br\/site\/wp-content\/uploads\/2017\/02\/getintheringa-1024x768.jpg 1024w, https:\/\/anprotec.org.br\/site\/wp-content\/uploads\/2017\/02\/getintheringa.jpg 1600w\" sizes=\"(max-width: 300px) 100vw, 300px\" \/>J\u00e1 imaginou um evento em que empreendedores s\u00e3o colocados em um ringue de boxe para batalharem por suas ideias de neg\u00f3cio? Esse \u00e9 o Get in The Ring, evento internacional que ter\u00e1 a sua primeira edi\u00e7\u00e3o no Brasil realizada pelo Grupo REDE+ no dia 16 de mar\u00e7o em Salvador (BA).<\/p>\n<p style=\"text-align: justify\">A competi\u00e7\u00e3o, que teve sua primeira edi\u00e7\u00e3o na Holanda em 2012, foi criada pelo Get in the Ring Foundation e surgiu com a miss\u00e3o de reduzir a taxa de insucesso de empres\u00e1rios talentosos e de inova\u00e7\u00f5es com potencial de mudar o mundo. Acredita-se que os principais motivos que ocasionam o fechamento de muitas startups \u00e9 a falta de acesso a financiamentos e falta de ajuste do produto com o mercado. Ao conectar startups com novas oportunidades atrav\u00e9s de um p\u00f3dio global, pretende-se impulsionar o in\u00edcio e moldar o futuro dos seus neg\u00f3cios.<\/p>\n<p style=\"text-align: justify\">Cerca de 80 pa\u00edses e mais de 10.000 startups j\u00e1 participaram da competi\u00e7\u00e3o global que foi criada com o objetivo de fomentar o mercado do empreendedorismo e inova\u00e7\u00e3o conectando startups com projetos de grande potencial a novas oportunidades de crescimento dos seus neg\u00f3cios.<\/p>\n<p style=\"text-align: justify\">A etapa que acontecer\u00e1 em Salvador \u00e9 voltada para promissoras startups de todo o Brasil. Os empreendedores interessados dever\u00e3o se <strong>inscrever at\u00e9 o dia 19 de fevereiro de 2017<\/strong> e as 10 selecionadas ter\u00e3o que apresentar pitch em ingl\u00eas em um ringue de boxe competindo entre si por pr\u00eamios e por um lugar na final em Singapura, representando o Brasil. O vencedor, que ser\u00e1 determinado por ju\u00edzes especialistas, ter\u00e1 todas as despesas pagas para participar da final bem como de um evento mundial de alto n\u00edvel e acesso a investidores.<\/p>\n<p style=\"text-align: justify\">Get in The Ring Salvador<br \/>\nQUANDO: 16\/03\/17 &#8211; Teatro Vila Velha &#8211; 19h<br \/>\nONDE: Salvador, BA<br \/>\nINSCRI\u00c7\u00d5ES: At\u00e9 o dia 19\/02\/17 pelo\u00a0site http:\/\/bit.ly\/GITRSalvador<br \/>\nINFORMA\u00c7\u00d5ES: http:\/\/fb.me\/gruporedemais<\/p>\n<p style=\"text-align: justify\"><em>*Fonte: Grupo Rede+<\/em><\/p>\n<p>[:]<\/p>\n","protected":false},"excerpt":{"rendered":"<p>[:pt]O evento internacional tem sua primeira edi\u00e7\u00e3o no pa\u00eds e acontecer\u00e1 em Salvador (BA). O vencedor participar\u00e1 da final em Singapura, representando o Brasil. Inscri\u00e7\u00f5es at\u00e9 19\/02. [:]<\/p>\n","protected":false},"author":8,"featured_media":17972,"comment_status":"open","ping_status":"open","sticky":false,"template":"","format":"standard","meta":{"footnotes":"","_links_to":"","_links_to_target":""},"categories":[3],"tags":[],"calendar":[],"_links":{"self":[{"href":"https:\/\/anprotec.org.br\/site\/wp-json\/wp\/v2\/posts\/17970"}],"collection":[{"href":"https:\/\/anprotec.org.br\/site\/wp-json\/wp\/v2\/posts"}],"about":[{"href":"https:\/\/anprotec.org.br\/site\/wp-json\/wp\/v2\/types\/post"}],"author":[{"embeddable":true,"href":"https:\/\/anprotec.org.br\/site\/wp-json\/wp\/v2\/users\/8"}],"replies":[{"embeddable":true,"href":"https:\/\/anprotec.org.br\/site\/wp-json\/wp\/v2\/comments?post=17970"}],"version-history":[{"count":2,"href":"https:\/\/anprotec.org.br\/site\/wp-json\/wp\/v2\/posts\/17970\/revisions"}],"predecessor-version":[{"id":17974,"href":"https:\/\/anprotec.org.br\/site\/wp-json\/wp\/v2\/posts\/17970\/revisions\/17974"}],"wp:featuredmedia":[{"embeddable":true,"href":"https:\/\/anprotec.org.br\/site\/wp-json\/wp\/v2\/media\/17972"}],"wp:attachment":[{"href":"https:\/\/anprotec.org.br\/site\/wp-json\/wp\/v2\/media?parent=17970"}],"wp:term":[{"taxonomy":"category","embeddable":true,"href":"https:\/\/anprotec.org.br\/site\/wp-json\/wp\/v2\/categories?post=17970"},{"taxonomy":"post_tag","embeddable":true,"href":"https:\/\/anprotec.org.br\/site\/wp-json\/wp\/v2\/tags?post=17970"},{"taxonomy":"calendar","embeddable":true,"href":"https:\/\/anprotec.org.br\/site\/wp-json\/wp\/v2\/calendar?post=17970"}],"curies":[{"name":"wp","href":"https:\/\/api.w.org\/{rel}","templated":true}]}}