{"id":17966,"date":"2017-02-13T15:59:22","date_gmt":"2017-02-13T18:59:22","guid":{"rendered":"http:\/\/anprotec.org.br\/site\/?p=17966"},"modified":"2017-02-13T15:59:47","modified_gmt":"2017-02-13T18:59:47","slug":"supera-incubadora-seleciona-startups","status":"publish","type":"post","link":"https:\/\/anprotec.org.br\/site\/2017\/02\/supera-incubadora-seleciona-startups\/","title":{"rendered":"[:pt]Supera Incubadora seleciona startups[:]"},"content":{"rendered":"<p>[:pt]<\/p>\n<p style=\"text-align: justify\"><img decoding=\"async\" loading=\"lazy\" class=\"alignleft size-medium wp-image-17967\" src=\"https:\/\/anprotec.org.br\/site\/wp-content\/uploads\/2017\/02\/supera-300x148.png\" alt=\"supera\" width=\"300\" height=\"148\" srcset=\"https:\/\/anprotec.org.br\/site\/wp-content\/uploads\/2017\/02\/supera-300x148.png 300w, https:\/\/anprotec.org.br\/site\/wp-content\/uploads\/2017\/02\/supera-768x378.png 768w, https:\/\/anprotec.org.br\/site\/wp-content\/uploads\/2017\/02\/supera-1024x504.png 1024w, https:\/\/anprotec.org.br\/site\/wp-content\/uploads\/2017\/02\/supera.png 1045w\" sizes=\"(max-width: 300px) 100vw, 300px\" \/>A Supera Incubadora de Empresas de Base Tecnol\u00f3gica, associada \u00e0 Anprotec, lan\u00e7ou um edital para a sele\u00e7\u00e3o de novas startups que receber\u00e3o apoio para o desenvolvimento de seu neg\u00f3cio. As inscri\u00e7\u00f5es v\u00e3o at\u00e9 dia 3 de mar\u00e7o e devem ser feitas, exclusivamente, pelo site <a href=\"http:\/\/www.superaparque.com.br\/empreende\">www.superaparque.com.br\/empreende<\/a>.<\/p>\n<p style=\"text-align: justify\">O edital traz novidades em rela\u00e7\u00e3o aos processos anteriores \u2013 entre elas, a participa\u00e7\u00e3o obrigat\u00f3ria dos candidatos no curso Empreende na Supera. \u201cO curso \u00e9 mais uma etapa do processo seletivo da Incubadora e tem como objetivo capacitar os candidatos que querem iniciar a carreira empreendedora, seguindo as melhores pr\u00e1ticas do mercado\u201d, explica Saulo Rodrigues, gerente da Supera Incubadora de Empresas. A taxa de inscri\u00e7\u00e3o no curso \u00e9 de R$ 180 por pessoa, sendo obrigat\u00f3ria a participa\u00e7\u00e3o de pelo menos um membro de cada projeto.<\/p>\n<p style=\"text-align: justify\">S\u00e3o duas semanas de curso, onde ser\u00e3o abordados conte\u00fados utilizados pelas melhores startups do mundo, ministrados por profissionais experientes que vivem no meio empreendedor. \u201cA ideia \u00e9 que os candidatos ao processo seletivo conhe\u00e7am pr\u00e1ticas que podem evitar trope\u00e7os no meio do caminho e tamb\u00e9m compreendam a necessidade do planejamento nessa jornada\u201d, enfatiza Rodrigues.<\/p>\n<p style=\"text-align: justify\">Depois de conclu\u00edrem o curso, os interessados em fazer parte da Supera Incubadora dever\u00e3o reafirmar o interesse em continuar no processo seletivo, com a submiss\u00e3o de uma proposta preliminar. As inscri\u00e7\u00f5es das propostas custam R$ 240 e devem ser feitas no endere\u00e7o <a href=\"http:\/\/www.fundacity.com\/superaincubadora\">www.fundacity.com\/superaincubadora<\/a> at\u00e9 o dia 20 de mar\u00e7o.<\/p>\n<p style=\"text-align: justify\">\u201cTodas as propostas ser\u00e3o avaliadas levando em considera\u00e7\u00e3o o alinhamento com os objetivos da incubadora, dedica\u00e7\u00e3o da equipe empreendedora e curr\u00edculo dos proponentes\u201d, ressalta o gerente. A avalia\u00e7\u00e3o ser\u00e1 feita pela equipe interna da Supera Incubadora de Empresas, que ir\u00e1 escolher no m\u00e1ximo 15 propostas para as etapas seguintes do processo.<\/p>\n<p style=\"text-align: justify\">Os empreendedores selecionados participar\u00e3o ainda de outras etapas como o Workshop Lean Startup, acompanhamento semanal de evolu\u00e7\u00e3o, entrevistas, mentoria e o Demoday (apresenta\u00e7\u00e3o para banca avaliadora).<\/p>\n<p style=\"text-align: justify\"><strong>Apoio<\/strong><\/p>\n<p style=\"text-align: justify\">A Supera Incubadora \u00e9 uma das \u00e2ncoras do Parque Tecnol\u00f3gico e oferece apoio para a cria\u00e7\u00e3o de novos neg\u00f3cios, disponibilizando infraestrutura, assessoria, capacita\u00e7\u00e3o e networking para os empreendedores. O principal objetivo \u00e9 fornecer as ferramentas e solu\u00e7\u00f5es para a cria\u00e7\u00e3o, desenvolvimento e aprimoramento de empresas no que se refere aos aspectos tecnol\u00f3gicos, gerenciais, mercadol\u00f3gicos e de recursos humanos.<\/p>\n<p style=\"text-align: justify\"><strong>Supera Parque<\/strong><\/p>\n<p style=\"text-align: justify\">O Supera Parque de Inova\u00e7\u00e3o e Tecnologia de Ribeir\u00e3o Preto \u00e9 resultado de uma parceria entre a Fipase, a Universidade de S\u00e3o Paulo (USP), Prefeitura Municipal de Ribeir\u00e3o Preto e Secretaria de Desenvolvimento do Estado de S\u00e3o Paulo. Instalado no Campus da USP local, o Parque abriga a Supera Incubadora de Empresas, o Supera Centro de Tecnologia, a associa\u00e7\u00e3o do Arranjo Produtivo Local (APL) da Sa\u00fade, o Polo Industrial de Software (PISO), al\u00e9m do Supera Centro de Neg\u00f3cios.<\/p>\n<p style=\"text-align: justify\">Ao todo, s\u00e3o 59 empresas instaladas no Parque, sendo: 45 delas na Supera Incubadora de Empresas de Base Tecnol\u00f3gica; 12 empreendimentos no Centro de Neg\u00f3cios e \u00a02 na aceleradora SEVNA Seed.<\/p>\n<p style=\"text-align: justify\"><em>*Fonte:\u00a0Supera Incubadora de Empresas de Base Tecnol\u00f3gica<\/em><\/p>\n<p>[:]<\/p>\n","protected":false},"excerpt":{"rendered":"<p>[:pt]Incubadora de Riber\u00e3o Preto (SP) est\u00e1 com edital aberto para sele\u00e7\u00e3o de novas startups que receber\u00e3o apoio para o desenvolvimento de seu neg\u00f3cio. Inscri\u00e7\u00f5es at\u00e9 03\/03.[:]<\/p>\n","protected":false},"author":8,"featured_media":17967,"comment_status":"open","ping_status":"open","sticky":false,"template":"","format":"standard","meta":{"footnotes":"","_links_to":"","_links_to_target":""},"categories":[3],"tags":[],"calendar":[],"_links":{"self":[{"href":"https:\/\/anprotec.org.br\/site\/wp-json\/wp\/v2\/posts\/17966"}],"collection":[{"href":"https:\/\/anprotec.org.br\/site\/wp-json\/wp\/v2\/posts"}],"about":[{"href":"https:\/\/anprotec.org.br\/site\/wp-json\/wp\/v2\/types\/post"}],"author":[{"embeddable":true,"href":"https:\/\/anprotec.org.br\/site\/wp-json\/wp\/v2\/users\/8"}],"replies":[{"embeddable":true,"href":"https:\/\/anprotec.org.br\/site\/wp-json\/wp\/v2\/comments?post=17966"}],"version-history":[{"count":2,"href":"https:\/\/anprotec.org.br\/site\/wp-json\/wp\/v2\/posts\/17966\/revisions"}],"predecessor-version":[{"id":17969,"href":"https:\/\/anprotec.org.br\/site\/wp-json\/wp\/v2\/posts\/17966\/revisions\/17969"}],"wp:featuredmedia":[{"embeddable":true,"href":"https:\/\/anprotec.org.br\/site\/wp-json\/wp\/v2\/media\/17967"}],"wp:attachment":[{"href":"https:\/\/anprotec.org.br\/site\/wp-json\/wp\/v2\/media?parent=17966"}],"wp:term":[{"taxonomy":"category","embeddable":true,"href":"https:\/\/anprotec.org.br\/site\/wp-json\/wp\/v2\/categories?post=17966"},{"taxonomy":"post_tag","embeddable":true,"href":"https:\/\/anprotec.org.br\/site\/wp-json\/wp\/v2\/tags?post=17966"},{"taxonomy":"calendar","embeddable":true,"href":"https:\/\/anprotec.org.br\/site\/wp-json\/wp\/v2\/calendar?post=17966"}],"curies":[{"name":"wp","href":"https:\/\/api.w.org\/{rel}","templated":true}]}}