{"id":17959,"date":"2017-02-10T08:51:33","date_gmt":"2017-02-10T11:51:33","guid":{"rendered":"http:\/\/anprotec.org.br\/site\/?p=17959"},"modified":"2017-02-10T08:53:23","modified_gmt":"2017-02-10T11:53:23","slug":"paqtcpb-lanca-edital-de-incubacao","status":"publish","type":"post","link":"https:\/\/anprotec.org.br\/site\/2017\/02\/paqtcpb-lanca-edital-de-incubacao\/","title":{"rendered":"[:pt]PaqTcPB lan\u00e7a edital de incuba\u00e7\u00e3o[:]"},"content":{"rendered":"<p>[:pt]&nbsp;<\/p>\n<p style=\"text-align: justify\"><img decoding=\"async\" loading=\"lazy\" class=\"alignleft size-medium wp-image-17960\" src=\"https:\/\/anprotec.org.br\/site\/wp-content\/uploads\/2017\/02\/image002-300x170.jpg\" alt=\"image002\" width=\"300\" height=\"170\" srcset=\"https:\/\/anprotec.org.br\/site\/wp-content\/uploads\/2017\/02\/image002-300x170.jpg 300w, https:\/\/anprotec.org.br\/site\/wp-content\/uploads\/2017\/02\/image002.jpg 562w\" sizes=\"(max-width: 300px) 100vw, 300px\" \/>A Funda\u00e7\u00e3o Parque Tecnol\u00f3gico da Para\u00edba (PaqTcPB), associada \u00e0 Anprotec, por meio\u00a0da Incubadora Tecnol\u00f3gica de Empreendimentos Criativos e Inovadores de Campina Grande &#8211; ITCG, lan\u00e7a\u00a0chamada para incuba\u00e7\u00e3o de\u00a0empresas inovadoras. As inscri\u00e7\u00f5es est\u00e3o abertas at\u00e9 o dia\u00a025 de fevereiro.<\/p>\n<p style=\"text-align: justify\">O objetivo \u00e9 apoiar a\u00e7\u00f5es para o desenvolvimento, crescimento e consolida\u00e7\u00e3o de novos empreendimentos como forma de promover o empreendedorismo inovador alinhado ao desenvolvimento regional sustent\u00e1vel.<\/p>\n<p style=\"text-align: justify\">Para participar \u00e9 preciso possuir ideias inovadoras nas categorias pessoa f\u00edsica, pessoa jur\u00eddica nascente e\/ou Pessoa Jur\u00eddica consolidada no mercado com perfil t\u00e9cnico para desenvolvimento de novos produtos inovadores, que se enquadrem nas seguintes \u00e1reas priorit\u00e1rias:<\/p>\n<p style=\"text-align: justify\">a. Agroind\u00fastria<br \/>\nb. Biotecnologia<br \/>\nc. Economia Criativa<br \/>\nd. Energias Renov\u00e1veis<br \/>\ne. Tecnologias da Informa\u00e7\u00e3o e Comunica\u00e7\u00e3o (TIC)<br \/>\nf. Tecnologias Limpas<br \/>\ng. Tecnologias da Sa\u00fade<\/p>\n<p style=\"text-align: justify\">Acesse <a href=\"http:\/\/www.paqtc.org.br\/portal_novo\/upload_artigo\/6447031486145950931.pdf\" target=\"_blank\">AQUI<\/a> o edital.<\/p>\n<p style=\"text-align: justify\">Inscri\u00e7\u00f5es <a href=\"https:\/\/docs.google.com\/forms\/d\/e\/1FAIpQLSeUtlw2GSA9_h9qOGpz9hareLwu0NEnHJ1O04MDuX93IZPbzw\/viewform?c=0&amp;w=1\" target=\"_blank\">AQUI<\/a>.<\/p>\n<p style=\"text-align: justify\"><em>*Com informa\u00e7\u00f5es do PaqTcPB\u00a0<\/em><\/p>\n<p>[:]<\/p>\n","protected":false},"excerpt":{"rendered":"<p>[:pt]O objetivo \u00e9 apoiar empreendimentos de sete \u00e1reas priorit\u00e1rias como forma de promover o empreendedorismo inovador alinhado ao desenvolvimento regional sustent\u00e1vel. Inscri\u00e7\u00f5es at\u00e9 25\/02. [:]<\/p>\n","protected":false},"author":8,"featured_media":17960,"comment_status":"open","ping_status":"open","sticky":false,"template":"","format":"standard","meta":{"footnotes":"","_links_to":"","_links_to_target":""},"categories":[3],"tags":[],"calendar":[],"_links":{"self":[{"href":"https:\/\/anprotec.org.br\/site\/wp-json\/wp\/v2\/posts\/17959"}],"collection":[{"href":"https:\/\/anprotec.org.br\/site\/wp-json\/wp\/v2\/posts"}],"about":[{"href":"https:\/\/anprotec.org.br\/site\/wp-json\/wp\/v2\/types\/post"}],"author":[{"embeddable":true,"href":"https:\/\/anprotec.org.br\/site\/wp-json\/wp\/v2\/users\/8"}],"replies":[{"embeddable":true,"href":"https:\/\/anprotec.org.br\/site\/wp-json\/wp\/v2\/comments?post=17959"}],"version-history":[{"count":2,"href":"https:\/\/anprotec.org.br\/site\/wp-json\/wp\/v2\/posts\/17959\/revisions"}],"predecessor-version":[{"id":17962,"href":"https:\/\/anprotec.org.br\/site\/wp-json\/wp\/v2\/posts\/17959\/revisions\/17962"}],"wp:featuredmedia":[{"embeddable":true,"href":"https:\/\/anprotec.org.br\/site\/wp-json\/wp\/v2\/media\/17960"}],"wp:attachment":[{"href":"https:\/\/anprotec.org.br\/site\/wp-json\/wp\/v2\/media?parent=17959"}],"wp:term":[{"taxonomy":"category","embeddable":true,"href":"https:\/\/anprotec.org.br\/site\/wp-json\/wp\/v2\/categories?post=17959"},{"taxonomy":"post_tag","embeddable":true,"href":"https:\/\/anprotec.org.br\/site\/wp-json\/wp\/v2\/tags?post=17959"},{"taxonomy":"calendar","embeddable":true,"href":"https:\/\/anprotec.org.br\/site\/wp-json\/wp\/v2\/calendar?post=17959"}],"curies":[{"name":"wp","href":"https:\/\/api.w.org\/{rel}","templated":true}]}}