{"id":17889,"date":"2017-01-31T13:41:19","date_gmt":"2017-01-31T16:41:19","guid":{"rendered":"http:\/\/anprotec.org.br\/site\/?p=17889"},"modified":"2017-01-31T13:50:12","modified_gmt":"2017-01-31T16:50:12","slug":"evento-debate-melhoria-na-gestao-das-incubadoras","status":"publish","type":"post","link":"https:\/\/anprotec.org.br\/site\/2017\/01\/evento-debate-melhoria-na-gestao-das-incubadoras\/","title":{"rendered":"[:pt]Evento debate melhoria na gest\u00e3o das Incubadoras[:]"},"content":{"rendered":"<p>[:pt]<\/p>\n<p style=\"text-align: justify\"><img decoding=\"async\" loading=\"lazy\" class=\"alignleft size-medium wp-image-17890\" src=\"https:\/\/anprotec.org.br\/site\/wp-content\/uploads\/2017\/01\/Workshop_Mar_2017-300x244.jpg\" alt=\"Workshop_Mar_2017\" width=\"300\" height=\"244\" srcset=\"https:\/\/anprotec.org.br\/site\/wp-content\/uploads\/2017\/01\/Workshop_Mar_2017-300x244.jpg 300w, https:\/\/anprotec.org.br\/site\/wp-content\/uploads\/2017\/01\/Workshop_Mar_2017-768x625.jpg 768w, https:\/\/anprotec.org.br\/site\/wp-content\/uploads\/2017\/01\/Workshop_Mar_2017.jpg 900w\" sizes=\"(max-width: 300px) 100vw, 300px\" \/>Promover a intera\u00e7\u00e3o e a troca de experi\u00eancias entre os Gestores das Incubadoras e dos N\u00facleos de Inova\u00e7\u00e3o Tecnol\u00f3gica (NIT\u2019s), esse \u00e9 o objetivo do\u00a0\u00a01\u00b0 Encontro Rede TT -&gt; Inova e XVIII Workshop INTEC, que acontecer\u00e1 em Curitiba (PR) nos dias 16 e 17 de mar\u00e7o.<\/p>\n<p style=\"text-align: justify\">Com o tema &#8220;Melhoria na gest\u00e3o das Incubadoras, voltada aos gestores das Incubadoras da Rede TT-&gt;INOVA e\/ou que sejam vinculados ao modelo de gest\u00e3o Cerne&#8221;, o evento tem como p\u00fablico alvo gestores e administradores de incubadoras e NIT&#8217;s do Brasil, al\u00e9m de institui\u00e7\u00f5es de outros pa\u00edses da rede ibero-americana.\u00a0As inscri\u00e7\u00f5es \u00a0gratuitas e devem ser feitas pelo site, clique <a href=\"http:\/\/inovacaotecpar.wixsite.com\/workshop\" target=\"_blank\">AQUI<\/a>.<\/p>\n<p style=\"text-align: justify\">Al\u00e9m de diversas mesas com debates sobre o tema, o evento contar\u00e1 com a participa\u00e7\u00e3o do coordenador de projetos da Anprotec, Carlos Bizzotto,\u00a0um dos autores do modelo de Incuba\u00e7\u00e3o Cerne. Al\u00e9m disso, no segundo dia, acontecer\u00e3o oficinas de trabalho com troca de experi\u00eancias e discuss\u00e3o de t\u00f3picos relacionados ao modelo de gest\u00e3o Cerne.<\/p>\n<p style=\"text-align: justify\">O evento acontecer\u00e1 na sede do Instituto de Tecnologia do Paran\u00e1 &#8211; Tecpar. <a href=\"http:\/\/inovacaotecpar.wixsite.com\/workshop\" target=\"_blank\">Saiba mais.\u00a0<\/a><\/p>\n<p>[:]<\/p>\n","protected":false},"excerpt":{"rendered":"<p>[:pt]O 1\u00b0 Encontro Rede TT -&gt; Inova e XVIII Workshop INTEC, voltados aos gestores das Incubadoras da Rede INOVA e vinculados ao modelo Cerne, acontecer\u00e3o em Curitiba (PR) nos dias 16 e 17\/03. [:]<\/p>\n","protected":false},"author":8,"featured_media":17893,"comment_status":"open","ping_status":"open","sticky":false,"template":"","format":"standard","meta":{"footnotes":"","_links_to":"","_links_to_target":""},"categories":[3],"tags":[],"calendar":[],"_links":{"self":[{"href":"https:\/\/anprotec.org.br\/site\/wp-json\/wp\/v2\/posts\/17889"}],"collection":[{"href":"https:\/\/anprotec.org.br\/site\/wp-json\/wp\/v2\/posts"}],"about":[{"href":"https:\/\/anprotec.org.br\/site\/wp-json\/wp\/v2\/types\/post"}],"author":[{"embeddable":true,"href":"https:\/\/anprotec.org.br\/site\/wp-json\/wp\/v2\/users\/8"}],"replies":[{"embeddable":true,"href":"https:\/\/anprotec.org.br\/site\/wp-json\/wp\/v2\/comments?post=17889"}],"version-history":[{"count":4,"href":"https:\/\/anprotec.org.br\/site\/wp-json\/wp\/v2\/posts\/17889\/revisions"}],"predecessor-version":[{"id":17897,"href":"https:\/\/anprotec.org.br\/site\/wp-json\/wp\/v2\/posts\/17889\/revisions\/17897"}],"wp:featuredmedia":[{"embeddable":true,"href":"https:\/\/anprotec.org.br\/site\/wp-json\/wp\/v2\/media\/17893"}],"wp:attachment":[{"href":"https:\/\/anprotec.org.br\/site\/wp-json\/wp\/v2\/media?parent=17889"}],"wp:term":[{"taxonomy":"category","embeddable":true,"href":"https:\/\/anprotec.org.br\/site\/wp-json\/wp\/v2\/categories?post=17889"},{"taxonomy":"post_tag","embeddable":true,"href":"https:\/\/anprotec.org.br\/site\/wp-json\/wp\/v2\/tags?post=17889"},{"taxonomy":"calendar","embeddable":true,"href":"https:\/\/anprotec.org.br\/site\/wp-json\/wp\/v2\/calendar?post=17889"}],"curies":[{"name":"wp","href":"https:\/\/api.w.org\/{rel}","templated":true}]}}