{"id":17644,"date":"2016-12-08T12:04:36","date_gmt":"2016-12-08T15:04:36","guid":{"rendered":"http:\/\/anprotec.org.br\/site\/?p=17644"},"modified":"2016-12-14T14:17:18","modified_gmt":"2016-12-14T17:17:18","slug":"anprotec-reune-parceiros-e-associados-em-brasilia-2","status":"publish","type":"post","link":"https:\/\/anprotec.org.br\/site\/2016\/12\/anprotec-reune-parceiros-e-associados-em-brasilia-2\/","title":{"rendered":"[:pt]Anprotec re\u00fane parceiros e associados em Bras\u00edlia[:]"},"content":{"rendered":"<p>[:pt]<\/p>\n<p style=\"text-align: justify\"><img decoding=\"async\" loading=\"lazy\" class=\"alignleft size-medium wp-image-17630\" src=\"https:\/\/anprotec.org.br\/site\/wp-content\/uploads\/2016\/12\/WhatsApp-Image-2016-12-08-at-10.55.05-300x225.jpeg\" alt=\"whatsapp-image-2016-12-08-at-10-55-05\" width=\"300\" height=\"225\" srcset=\"https:\/\/anprotec.org.br\/site\/wp-content\/uploads\/2016\/12\/WhatsApp-Image-2016-12-08-at-10.55.05-300x225.jpeg 300w, https:\/\/anprotec.org.br\/site\/wp-content\/uploads\/2016\/12\/WhatsApp-Image-2016-12-08-at-10.55.05-768x576.jpeg 768w, https:\/\/anprotec.org.br\/site\/wp-content\/uploads\/2016\/12\/WhatsApp-Image-2016-12-08-at-10.55.05-1024x768.jpeg 1024w, https:\/\/anprotec.org.br\/site\/wp-content\/uploads\/2016\/12\/WhatsApp-Image-2016-12-08-at-10.55.05.jpeg 1280w\" sizes=\"(max-width: 300px) 100vw, 300px\" \/>O tradicional caf\u00e9 da Manh\u00e3 Anprotec &amp; Parceiros foi realizado nesta quinta-feira (08\/12) em Bras\u00edlia (DF). O encontro reuniu associados e institui\u00e7\u00f5es parceiras da entidade para apresentar as principais a\u00e7\u00f5es e programas desenvolvidos ao longo de 2016. Al\u00e9m disso, no in\u00edcio do evento, foram anunciados os vencedores da <a href=\"https:\/\/anprotec.org.br\/site\/2016\/12\/confira-os-vencedores-do-premio-nacional-de-2016-2\/\" target=\"_blank\">20\u00aa edi\u00e7\u00e3o do Pr\u00eamio Nacional de Empreendedorismo Inovador<\/a>.<\/p>\n<p style=\"text-align: justify\">O Ministro de Ci\u00eancia e Tecnologia, Gilberto Kassab, ressaltou que a sua presen\u00e7a no evento foi muito mais emblem\u00e1tica do que operacional. \u201cVenho trazer o reconhecimento do Estado brasileiro e ressaltar a import\u00e2ncia do empreendedorismo inovador, ele \u00e9 respons\u00e1vel pelo desenvolvimento de qualquer na\u00e7\u00e3o. Aqui, temos uma das principais c\u00e9lulas do empreendedorismo no nosso pa\u00eds, uma entidade horizontal, atuante e que nos permitiu, em qualquer que fosse o governo, tra\u00e7ar parcerias important\u00edssimas, em especial com o Minist\u00e9rio de Ci\u00eancia, Tecnologia, Inova\u00e7\u00e3o e Comunica\u00e7\u00f5es (MCTIC)\u201d, explicou Kassab. \u201cAfirmo tamb\u00e9m, com convic\u00e7\u00e3o, a continuidade da posi\u00e7\u00e3o do governo em acreditar em cada um de voc\u00eas. Vamos manter com a maior intensidade poss\u00edvel as nossas parcerias. Que voc\u00eas continuem participando das nossas decis\u00f5es com experi\u00eancias fundamentais para o setor\u201d, acrescentou o Ministro.<\/p>\n<p style=\"text-align: justify\"><img decoding=\"async\" loading=\"lazy\" class=\"alignleft size-medium wp-image-17622\" src=\"https:\/\/anprotec.org.br\/site\/wp-content\/uploads\/2016\/12\/WhatsApp-Image-2016-12-08-at-10.59.48-300x225.jpeg\" alt=\"whatsapp-image-2016-12-08-at-10-59-48\" width=\"300\" height=\"225\" srcset=\"https:\/\/anprotec.org.br\/site\/wp-content\/uploads\/2016\/12\/WhatsApp-Image-2016-12-08-at-10.59.48-300x225.jpeg 300w, https:\/\/anprotec.org.br\/site\/wp-content\/uploads\/2016\/12\/WhatsApp-Image-2016-12-08-at-10.59.48-768x576.jpeg 768w, https:\/\/anprotec.org.br\/site\/wp-content\/uploads\/2016\/12\/WhatsApp-Image-2016-12-08-at-10.59.48-1024x768.jpeg 1024w, https:\/\/anprotec.org.br\/site\/wp-content\/uploads\/2016\/12\/WhatsApp-Image-2016-12-08-at-10.59.48.jpeg 1280w\" sizes=\"(max-width: 300px) 100vw, 300px\" \/>Em seguida, o Presidente da Anprotec, Jorge Audy, ressaltou que o evento marca o encerramento do primeiro ano de atividades de sua gest\u00e3o a frente da entidade. Ele convidou todos os membros da diretoria para o palco e agradeceu pelo esfor\u00e7o de cada um. \u201cEssa \u00e9 a equipe que vem estimulando, trabalhando e disseminando as a\u00e7\u00f5es na \u00e1rea de empreendedorismo inovador, acreditando que essa \u00e9 a porta de sa\u00edda para a crise global e nacional\u201d, afirmou.<\/p>\n<p style=\"text-align: justify\"><strong>Parceiros<\/strong><\/p>\n<p style=\"text-align: justify\">A Diretora-t\u00e9cnica do Sebrae, Helo\u00edsa Menezes, cumprimentou os participantes e refor\u00e7ou que o empenho de todos representa o resultado de um esfor\u00e7o coletivo permanente de melhoria das incubadoras e incubadas. \u201cA parceria Sebrae e Anprotec \u00e9 hist\u00f3rica e a cada ano que passa vemos o nosso esfor\u00e7o se materializando\u201d, disse.<\/p>\n<p style=\"text-align: justify\"><img decoding=\"async\" loading=\"lazy\" class=\"alignleft size-medium wp-image-17629\" src=\"https:\/\/anprotec.org.br\/site\/wp-content\/uploads\/2016\/12\/WhatsApp-Image-2016-12-08-at-10.55.05-1-300x225.jpeg\" alt=\"whatsapp-image-2016-12-08-at-10-55-05-1\" width=\"300\" height=\"225\" srcset=\"https:\/\/anprotec.org.br\/site\/wp-content\/uploads\/2016\/12\/WhatsApp-Image-2016-12-08-at-10.55.05-1-300x225.jpeg 300w, https:\/\/anprotec.org.br\/site\/wp-content\/uploads\/2016\/12\/WhatsApp-Image-2016-12-08-at-10.55.05-1-768x576.jpeg 768w, https:\/\/anprotec.org.br\/site\/wp-content\/uploads\/2016\/12\/WhatsApp-Image-2016-12-08-at-10.55.05-1-1024x768.jpeg 1024w, https:\/\/anprotec.org.br\/site\/wp-content\/uploads\/2016\/12\/WhatsApp-Image-2016-12-08-at-10.55.05-1.jpeg 1280w\" sizes=\"(max-width: 300px) 100vw, 300px\" \/>\u201cO ano de 2016 foi dif\u00edcil, sim, mas precisamos olhar pra frente com uma perspectiva positiva. \u00c9 um momento complicado em termos de disponibilidade de recursos, mas h\u00e1 muito o que se fazer no pa\u00eds, independente disso, em termos de investimento em inova\u00e7\u00e3o. Temos muitos desafios, por isso, \u00e9 tempo de continuarmos lutando por mais recursos e iniciativas de apoio. Que possamos aproveitar para nos aprofundarmos no entendimento de outra ordem, como o regulat\u00f3rio, que tem diversas melhorias a serem feitas. Assim, constru\u00edmos um ambiente mais favor\u00e1vel para investir em inova\u00e7\u00e3o no Brasil. A contribui\u00e7\u00e3o de todos que militam nesse movimento \u00e9 fundamental para a constru\u00e7\u00e3o de elementos para superar barreiras\u201d, finalizou Helo\u00edsa.<\/p>\n<p style=\"text-align: justify\"><img decoding=\"async\" loading=\"lazy\" class=\"alignleft size-medium wp-image-17631\" src=\"https:\/\/anprotec.org.br\/site\/wp-content\/uploads\/2016\/12\/WhatsApp-Image-2016-12-08-at-11.13.59-300x225.jpeg\" alt=\"whatsapp-image-2016-12-08-at-11-13-59\" width=\"300\" height=\"225\" srcset=\"https:\/\/anprotec.org.br\/site\/wp-content\/uploads\/2016\/12\/WhatsApp-Image-2016-12-08-at-11.13.59-300x225.jpeg 300w, https:\/\/anprotec.org.br\/site\/wp-content\/uploads\/2016\/12\/WhatsApp-Image-2016-12-08-at-11.13.59-768x576.jpeg 768w, https:\/\/anprotec.org.br\/site\/wp-content\/uploads\/2016\/12\/WhatsApp-Image-2016-12-08-at-11.13.59-1024x768.jpeg 1024w, https:\/\/anprotec.org.br\/site\/wp-content\/uploads\/2016\/12\/WhatsApp-Image-2016-12-08-at-11.13.59.jpeg 1280w\" sizes=\"(max-width: 300px) 100vw, 300px\" \/>Na mesma linha, o Secret\u00e1rio de Educa\u00e7\u00e3o Superior do Minist\u00e9rio da Educa\u00e7\u00e3o (MEC), Paulo Barone, fez uma reflex\u00e3o a respeito 2016. \u201cUm balan\u00e7o claro nos mostra que esse ano termina muito melhor do que come\u00e7ou. Vivemos um per\u00edodo em que \u00e9 poss\u00edvel enxergar horizontes. Esse encontro aqui, com parceiros, mostra um cen\u00e1rio de amplifica\u00e7\u00e3o de iniciativas no campo de empreendedorismo brasileiro. N\u00f3s da Secretaria estamos desenvolvendo a\u00e7\u00f5es no sentido de reatar parcerias com os setores essenciais para n\u00f3s. Temos a convic\u00e7\u00e3o de que precisamos transformar produ\u00e7\u00e3o de conhecimento nos n\u00edveis que alcan\u00e7amos em contribui\u00e7\u00e3o que possam melhorar a vida de todos os brasileiros\u201d, disse Barone.<\/p>\n<p style=\"text-align: justify\"><img decoding=\"async\" loading=\"lazy\" class=\"alignleft size-medium wp-image-17632\" src=\"https:\/\/anprotec.org.br\/site\/wp-content\/uploads\/2016\/12\/WhatsApp-Image-2016-12-08-at-11.17.14-300x225.jpeg\" alt=\"whatsapp-image-2016-12-08-at-11-17-14\" width=\"300\" height=\"225\" srcset=\"https:\/\/anprotec.org.br\/site\/wp-content\/uploads\/2016\/12\/WhatsApp-Image-2016-12-08-at-11.17.14-300x225.jpeg 300w, https:\/\/anprotec.org.br\/site\/wp-content\/uploads\/2016\/12\/WhatsApp-Image-2016-12-08-at-11.17.14-768x576.jpeg 768w, https:\/\/anprotec.org.br\/site\/wp-content\/uploads\/2016\/12\/WhatsApp-Image-2016-12-08-at-11.17.14-1024x768.jpeg 1024w, https:\/\/anprotec.org.br\/site\/wp-content\/uploads\/2016\/12\/WhatsApp-Image-2016-12-08-at-11.17.14.jpeg 1280w\" sizes=\"(max-width: 300px) 100vw, 300px\" \/>Em seguida, o Presidente do Centro de Gest\u00e3o e Estudos Estrat\u00e9gicos (CGEE), Francisco Mariano Laplane, afirmou que foi um privil\u00e9gio estar no evento e assistir os sinais de vitalidade, entusiasmo e energia das entidades vencedoras do Pr\u00eamio Nacional de Empreendedorismo Inovador e demais participantes. \u201cReitero a import\u00e2ncia de que em per\u00edodos de dificuldade or\u00e7amentarias enxerguemos outras dimens\u00f5es do empreendedorismo inovador, como o ambiente regulat\u00f3rio e a capacidade de olhar para frente e antecipar problemas. Eu sempre penso na Anprotec como um exemplo de entidade que \u00e9 capaz de ter clareza de qual \u00e9 o desafio e propor miss\u00f5es para enfrentarmos eles\u201d, ressaltou Laplane.<\/p>\n<p style=\"text-align: justify\"><img decoding=\"async\" loading=\"lazy\" class=\"alignleft size-medium wp-image-17627\" src=\"https:\/\/anprotec.org.br\/site\/wp-content\/uploads\/2016\/12\/WhatsApp-Image-2016-12-08-at-10.55.10-300x225.jpeg\" alt=\"whatsapp-image-2016-12-08-at-10-55-10\" width=\"300\" height=\"225\" srcset=\"https:\/\/anprotec.org.br\/site\/wp-content\/uploads\/2016\/12\/WhatsApp-Image-2016-12-08-at-10.55.10-300x225.jpeg 300w, https:\/\/anprotec.org.br\/site\/wp-content\/uploads\/2016\/12\/WhatsApp-Image-2016-12-08-at-10.55.10-768x576.jpeg 768w, https:\/\/anprotec.org.br\/site\/wp-content\/uploads\/2016\/12\/WhatsApp-Image-2016-12-08-at-10.55.10-1024x768.jpeg 1024w, https:\/\/anprotec.org.br\/site\/wp-content\/uploads\/2016\/12\/WhatsApp-Image-2016-12-08-at-10.55.10.jpeg 1280w\" sizes=\"(max-width: 300px) 100vw, 300px\" \/>J\u00e1 para o Diretor-geral do Servi\u00e7o Nacional de Aprendizagem Industrial (SENAI) e titular do Conselho Nacional de Educa\u00e7\u00e3o (CNE), Rafael Lucchesi, de todas as agendas que o Brasil n\u00e3o fez como sociedade no s\u00e9culo XX e precisa fazer urgentemente, seguramente a que o resultado vir\u00e1 mais rapidamente \u00e9 a de inova\u00e7\u00e3o. \u201c\u00c9 essencial estarmos sempre vocalizando isso pela import\u00e2ncia do que podemos alcan\u00e7ar. Desejo que consigamos fazer da Anprotec um f\u00f3rum importante para a defesa de interesses da agenda de constru\u00e7\u00e3o de um ambiente de inova\u00e7\u00e3o, t\u00e3o importante para enfrentarmos a crise que o Brasil atravessa\u201d, disse Luquesi.<\/p>\n<p style=\"text-align: justify\"><img decoding=\"async\" loading=\"lazy\" class=\"alignleft size-medium wp-image-17626\" src=\"https:\/\/anprotec.org.br\/site\/wp-content\/uploads\/2016\/12\/WhatsApp-Image-2016-12-08-at-10.55.14-300x225.jpeg\" alt=\"whatsapp-image-2016-12-08-at-10-55-14\" width=\"300\" height=\"225\" srcset=\"https:\/\/anprotec.org.br\/site\/wp-content\/uploads\/2016\/12\/WhatsApp-Image-2016-12-08-at-10.55.14-300x225.jpeg 300w, https:\/\/anprotec.org.br\/site\/wp-content\/uploads\/2016\/12\/WhatsApp-Image-2016-12-08-at-10.55.14-768x576.jpeg 768w, https:\/\/anprotec.org.br\/site\/wp-content\/uploads\/2016\/12\/WhatsApp-Image-2016-12-08-at-10.55.14-1024x768.jpeg 1024w, https:\/\/anprotec.org.br\/site\/wp-content\/uploads\/2016\/12\/WhatsApp-Image-2016-12-08-at-10.55.14.jpeg 1280w\" sizes=\"(max-width: 300px) 100vw, 300px\" \/>&#8220;O Brasil vai dar certo&#8221;, foi o in\u00edcio da fala do Secret\u00e1rio-executivo do MCTIC, Alvaro Prata. \u201cVamos dar certo sobretudo por causa dos empreendedores que focam e, apesar dos pesares, seguem seus objetivos de maneira muito determinada. Nosso pa\u00eds est\u00e1 se transformando e o papel dos gestores \u00e9 perceber que h\u00e1 uma revolu\u00e7\u00e3o em tudo isso, precisamos ser parceiros\u201d, afirmou Prata.<\/p>\n<p style=\"text-align: justify\"><strong>Balan\u00e7o de atividades<\/strong><\/p>\n<p style=\"text-align: justify\">J\u00e1 a Superintendente Executiva da Anprotec, Sheila Oliveira Pires, apresentou as principais a\u00e7\u00f5es desenvolvidas ao longo do ano pela Associa\u00e7\u00e3o.<\/p>\n<p style=\"text-align: justify\"><img decoding=\"async\" loading=\"lazy\" class=\"alignleft size-medium wp-image-17625\" src=\"https:\/\/anprotec.org.br\/site\/wp-content\/uploads\/2016\/12\/WhatsApp-Image-2016-12-08-at-10.55.14-1-300x225.jpeg\" alt=\"whatsapp-image-2016-12-08-at-10-55-14-1\" width=\"300\" height=\"225\" srcset=\"https:\/\/anprotec.org.br\/site\/wp-content\/uploads\/2016\/12\/WhatsApp-Image-2016-12-08-at-10.55.14-1-300x225.jpeg 300w, https:\/\/anprotec.org.br\/site\/wp-content\/uploads\/2016\/12\/WhatsApp-Image-2016-12-08-at-10.55.14-1-768x576.jpeg 768w, https:\/\/anprotec.org.br\/site\/wp-content\/uploads\/2016\/12\/WhatsApp-Image-2016-12-08-at-10.55.14-1-1024x768.jpeg 1024w, https:\/\/anprotec.org.br\/site\/wp-content\/uploads\/2016\/12\/WhatsApp-Image-2016-12-08-at-10.55.14-1.jpeg 1280w\" sizes=\"(max-width: 300px) 100vw, 300px\" \/>Dentre todas as atividades, ela destacou sete, que foram essenciais para o movimento. Foram elas: o Cerne; o programa UniAnprotec; a coopera\u00e7\u00e3o com grandes empresas, como O Botic\u00e1rio, Samsung e 3M; o Estudo de Impacto Econ\u00f4mico \u2013 segmento de incubadoras de empresas do Brasil; a Internacionaliza\u00e7\u00e3o de empresas, destacando a parceria com o Sebrae e Apex na promo\u00e7\u00e3o dessas atividades; e o Programa Acelera\u00e7\u00e3o e Incuba\u00e7\u00e3o de Impacto.<\/p>\n<p style=\"text-align: justify\">Finalizando o encontro, Jorge Audy, destacou dois aspectos do ano de 2016 que, para ele, foram os dois movimentos mais importantes do ano para a Anprotec. \u201cO primeiro foi o movimento de aproxima\u00e7\u00e3o da Entidade com a ABRAII, temos a necessidade de unir esfor\u00e7os e atuarmos juntos, estamos nos unindo para atuarmos melhor em prol do desenvolvimento do empreendedorismo inovador do nosso pa\u00eds\u201d, disse Audy. J\u00e1 o segundo aspecto destacado por ele foi a amplia\u00e7\u00e3o da atua\u00e7\u00e3o da Anprotec por meio das redes regionais e estaduais. \u201cA atua\u00e7\u00e3o em conjunto com mecanismos de gera\u00e7\u00e3o de empreendedorismo nos renovam e nos fazem melhores\u201d, destacou.<\/p>\n<p style=\"text-align: justify\"><img decoding=\"async\" loading=\"lazy\" class=\"alignleft size-medium wp-image-17624\" src=\"https:\/\/anprotec.org.br\/site\/wp-content\/uploads\/2016\/12\/WhatsApp-Image-2016-12-08-at-10.55.17-300x225.jpeg\" alt=\"whatsapp-image-2016-12-08-at-10-55-17\" width=\"300\" height=\"225\" srcset=\"https:\/\/anprotec.org.br\/site\/wp-content\/uploads\/2016\/12\/WhatsApp-Image-2016-12-08-at-10.55.17-300x225.jpeg 300w, https:\/\/anprotec.org.br\/site\/wp-content\/uploads\/2016\/12\/WhatsApp-Image-2016-12-08-at-10.55.17-768x576.jpeg 768w, https:\/\/anprotec.org.br\/site\/wp-content\/uploads\/2016\/12\/WhatsApp-Image-2016-12-08-at-10.55.17-1024x768.jpeg 1024w, https:\/\/anprotec.org.br\/site\/wp-content\/uploads\/2016\/12\/WhatsApp-Image-2016-12-08-at-10.55.17.jpeg 1280w\" sizes=\"(max-width: 300px) 100vw, 300px\" \/>\u201cN\u00f3s lidamos certamente com o que de melhor a sociedade pode oferecer para o futuro da nossa gente. Vamos construir um futuro melhor para o Brasil\u201d, concluiu o presidente da Associa\u00e7\u00e3o.<\/p>\n<p style=\"text-align: justify\">Por fim, Mauricio Guedes, fundador e ex-gestor do Parque da Universidade Federal do Rio de Janeiro (UFRJ), apresentou um v\u00eddeo destacando a cidade do Rio de Janeiro (RJ), que sediar\u00e1 a 27\u00aa Confer\u00eancia Anprotec.<\/p>\n<p>[:]<\/p>\n","protected":false},"excerpt":{"rendered":"<p>[:pt]Durante caf\u00e9 da manh\u00e3, foram apresentadas as principais a\u00e7\u00f5es e parcerias da entidade em 2016. O ministro da Ci\u00eancia e Tecnologia, Gilberto Kassab, marcou presen\u00e7a no encontro.[:]<\/p>\n","protected":false},"author":8,"featured_media":17622,"comment_status":"open","ping_status":"open","sticky":false,"template":"","format":"standard","meta":{"footnotes":"","_links_to":"","_links_to_target":""},"categories":[3],"tags":[],"calendar":[],"_links":{"self":[{"href":"https:\/\/anprotec.org.br\/site\/wp-json\/wp\/v2\/posts\/17644"}],"collection":[{"href":"https:\/\/anprotec.org.br\/site\/wp-json\/wp\/v2\/posts"}],"about":[{"href":"https:\/\/anprotec.org.br\/site\/wp-json\/wp\/v2\/types\/post"}],"author":[{"embeddable":true,"href":"https:\/\/anprotec.org.br\/site\/wp-json\/wp\/v2\/users\/8"}],"replies":[{"embeddable":true,"href":"https:\/\/anprotec.org.br\/site\/wp-json\/wp\/v2\/comments?post=17644"}],"version-history":[{"count":4,"href":"https:\/\/anprotec.org.br\/site\/wp-json\/wp\/v2\/posts\/17644\/revisions"}],"predecessor-version":[{"id":17683,"href":"https:\/\/anprotec.org.br\/site\/wp-json\/wp\/v2\/posts\/17644\/revisions\/17683"}],"wp:featuredmedia":[{"embeddable":true,"href":"https:\/\/anprotec.org.br\/site\/wp-json\/wp\/v2\/media\/17622"}],"wp:attachment":[{"href":"https:\/\/anprotec.org.br\/site\/wp-json\/wp\/v2\/media?parent=17644"}],"wp:term":[{"taxonomy":"category","embeddable":true,"href":"https:\/\/anprotec.org.br\/site\/wp-json\/wp\/v2\/categories?post=17644"},{"taxonomy":"post_tag","embeddable":true,"href":"https:\/\/anprotec.org.br\/site\/wp-json\/wp\/v2\/tags?post=17644"},{"taxonomy":"calendar","embeddable":true,"href":"https:\/\/anprotec.org.br\/site\/wp-json\/wp\/v2\/calendar?post=17644"}],"curies":[{"name":"wp","href":"https:\/\/api.w.org\/{rel}","templated":true}]}}