{"id":17640,"date":"2016-12-08T11:51:21","date_gmt":"2016-12-08T14:51:21","guid":{"rendered":"http:\/\/anprotec.org.br\/site\/?p=17640"},"modified":"2018-04-10T20:53:06","modified_gmt":"2018-04-10T23:53:06","slug":"confira-os-vencedores-do-premio-nacional-de-2016-2","status":"publish","type":"post","link":"https:\/\/anprotec.org.br\/site\/2016\/12\/confira-os-vencedores-do-premio-nacional-de-2016-2\/","title":{"rendered":"Confira os vencedores do Pr\u00eamio Nacional de 2016"},"content":{"rendered":"<p style=\"text-align: justify\"><img decoding=\"async\" loading=\"lazy\" class=\"alignleft size-medium wp-image-17638\" src=\"https:\/\/anprotec.org.br\/site\/wp-content\/uploads\/2016\/12\/WhatsApp-Image-2016-12-08-at-12.40.07-300x225.jpeg\" alt=\"whatsapp-image-2016-12-08-at-12-40-07\" width=\"300\" height=\"225\" srcset=\"https:\/\/anprotec.org.br\/site\/wp-content\/uploads\/2016\/12\/WhatsApp-Image-2016-12-08-at-12.40.07-300x225.jpeg 300w, https:\/\/anprotec.org.br\/site\/wp-content\/uploads\/2016\/12\/WhatsApp-Image-2016-12-08-at-12.40.07-768x576.jpeg 768w, https:\/\/anprotec.org.br\/site\/wp-content\/uploads\/2016\/12\/WhatsApp-Image-2016-12-08-at-12.40.07-1024x768.jpeg 1024w, https:\/\/anprotec.org.br\/site\/wp-content\/uploads\/2016\/12\/WhatsApp-Image-2016-12-08-at-12.40.07.jpeg 1280w\" sizes=\"(max-width: 300px) 100vw, 300px\" \/>Os vencedores das seis categorias da 20\u00aa edi\u00e7\u00e3o do Pr\u00eamio Nacional de Empreendedorismo Inovador foram anunciados nesta quinta-feira (08\/12), em Bras\u00edlia (DF), no tradicional caf\u00e9 da manh\u00e3 Anprotec &amp; Associados. Os ganhadores receberam trof\u00e9us e certificados, al\u00e9m de um pr\u00eamio em dinheiro e viagens para estudo e neg\u00f3cios.<\/p>\n<p style=\"text-align: justify\">O Presidente da Anprotec, Jorge Audy, destacou a participa\u00e7\u00e3o de todos no pr\u00eamio e ressaltou a import\u00e2ncia de que o movimento inovador continue evoluindo e se aperfei\u00e7oando para que o Brasil enfrente o momento atual e alcance o lugar que merece no movimento mundial.<\/p>\n<p style=\"text-align: justify\">Al\u00e9m disso, a Diretora-T\u00e9cnica do Sebrae, Helo\u00edsa Menezes, destacou o fato de que entre os seis vencedores desta edi\u00e7\u00e3o, quatro s\u00e3o de Santa Catarina (SC). \u201cO Estado de Santa Catarina recebeu diversos pr\u00eamios n\u00e3o por acaso, eles investiram fortemente no fortalecimento do empreendedorismo inovador no Brasil, os atores todos falam a mesma l\u00edngua e agem em prol do mesmo objetivo. Queremos que esse esp\u00edrito seja extra\u00eddo para todo o Brasil, que tenhamos o ecossistema nacional cada vez mais forte, por meio dele vamos romper barreiras que enfrentamos historicamente em termos de emprego e gera\u00e7\u00e3o de renda\u201d, afirmou Helo\u00edsa.<\/p>\n<p><span style=\"text-decoration: underline\"><strong>Confira a lista completa de vencedores:<\/strong><\/span><\/p>\n<p><strong>Melhor incubadora de empresas orientada para a gera\u00e7\u00e3o e uso intenso de tecnologias (PIT)<\/strong><\/p>\n<p>Celta \u2013 Centro Empresarial para labora\u00e7\u00e3o de tecnologias avan\u00e7adas<\/p>\n<p><strong>Melhor incubadora de empresas orientada para o desenvolvimento local e setorial (DLS)<\/strong><\/p>\n<p>MIDI Tecnol\u00f3gico<\/p>\n<p><strong>Melhor parque cient\u00edfico e tecnol\u00f3gico (PCT)<\/strong><\/p>\n<p>TECNOPUC<\/p>\n<p><strong>Melhor projeto de promo\u00e7\u00e3o da cultura do empreendedorismo inovador (CEI)<\/strong><\/p>\n<p style=\"text-align: justify\">BioStartup Lab<\/p>\n<p><strong>Melhor empresa incubada (EI)<\/strong><\/p>\n<p>1\u00ba Lugar: SENSORWEB Serv de Tecnologia Informa\u00e7\u00e3o LTDA<br \/>\n2\u00ba Lugar: Horus Aeronaves Ltda<br \/>\n3\u00ba Lugar: Exact Desenvolvimento e Programa\u00e7\u00e3o e Software AS<\/p>\n<p><strong>Melhor empresa graduada (EG)<\/strong><\/p>\n<p>1\u00ba Lugar: Nanovetores Tecnologia SA<br \/>\n2\u00ba Lugar: Cliever Ind\u00fastria e Com\u00e9rcio de Produtos Tecnol\u00f3gicos S\/A<br \/>\n3\u00ba Lugar: RD Gest\u00e3o e Sistemas<\/p>\n<p><strong>O Pr\u00eamio<\/strong><\/p>\n<p>Promovido pela Anprotec, em parceria com o Sebrae, o Pr\u00eamio Nacional de Empreendedorismo Inovador reconhece e prestigia projetos, incubadoras de empresas, parques tecnol\u00f3gicos e empresas graduadas e incubadas, que, por meio de suas a\u00e7\u00f5es, servi\u00e7os e produtos, fortalecem o movimento.<\/p>\n<p style=\"text-align: justify\">A cada ano, revelam-se novas hist\u00f3rias de pessoas e institui\u00e7\u00f5es que fazem a diferen\u00e7a nas regi\u00f5es onde atuam, transformando a realidade econ\u00f4mica e social. Essa \u00e9 a principal fun\u00e7\u00e3o do pr\u00eamio: mostrar \u00e0 sociedade o potencial de contribui\u00e7\u00e3o do movimento para o desenvolvimento sustent\u00e1vel do Brasil.<\/p>\n","protected":false},"excerpt":{"rendered":"<p>[:pt]A iniciativa \u00e9 promovida pela Anprotec e Sebrae, os vencedores receberam trof\u00e9us e certificados, al\u00e9m de um pr\u00eamio em dinheiro e viagens para estudo e neg\u00f3cios.[:]<\/p>\n","protected":false},"author":8,"featured_media":17638,"comment_status":"open","ping_status":"open","sticky":false,"template":"","format":"standard","meta":{"footnotes":"","_links_to":"","_links_to_target":""},"categories":[3],"tags":[],"calendar":[],"_links":{"self":[{"href":"https:\/\/anprotec.org.br\/site\/wp-json\/wp\/v2\/posts\/17640"}],"collection":[{"href":"https:\/\/anprotec.org.br\/site\/wp-json\/wp\/v2\/posts"}],"about":[{"href":"https:\/\/anprotec.org.br\/site\/wp-json\/wp\/v2\/types\/post"}],"author":[{"embeddable":true,"href":"https:\/\/anprotec.org.br\/site\/wp-json\/wp\/v2\/users\/8"}],"replies":[{"embeddable":true,"href":"https:\/\/anprotec.org.br\/site\/wp-json\/wp\/v2\/comments?post=17640"}],"version-history":[{"count":2,"href":"https:\/\/anprotec.org.br\/site\/wp-json\/wp\/v2\/posts\/17640\/revisions"}],"predecessor-version":[{"id":24373,"href":"https:\/\/anprotec.org.br\/site\/wp-json\/wp\/v2\/posts\/17640\/revisions\/24373"}],"wp:featuredmedia":[{"embeddable":true,"href":"https:\/\/anprotec.org.br\/site\/wp-json\/wp\/v2\/media\/17638"}],"wp:attachment":[{"href":"https:\/\/anprotec.org.br\/site\/wp-json\/wp\/v2\/media?parent=17640"}],"wp:term":[{"taxonomy":"category","embeddable":true,"href":"https:\/\/anprotec.org.br\/site\/wp-json\/wp\/v2\/categories?post=17640"},{"taxonomy":"post_tag","embeddable":true,"href":"https:\/\/anprotec.org.br\/site\/wp-json\/wp\/v2\/tags?post=17640"},{"taxonomy":"calendar","embeddable":true,"href":"https:\/\/anprotec.org.br\/site\/wp-json\/wp\/v2\/calendar?post=17640"}],"curies":[{"name":"wp","href":"https:\/\/api.w.org\/{rel}","templated":true}]}}