{"id":17541,"date":"2016-11-29T15:18:05","date_gmt":"2016-11-29T18:18:05","guid":{"rendered":"http:\/\/anprotec.org.br\/site\/?p=17541"},"modified":"2016-11-29T15:21:14","modified_gmt":"2016-11-29T18:21:14","slug":"negocios-de-impacto-social-e-debatido-em-seminario","status":"publish","type":"post","link":"https:\/\/anprotec.org.br\/site\/2016\/11\/negocios-de-impacto-social-e-debatido-em-seminario\/","title":{"rendered":"[:pt]Neg\u00f3cios de impacto social \u00e9 debatido em semin\u00e1rio[:]"},"content":{"rendered":"<p>[:pt]<\/p>\n<div style=\"text-align: justify\" align=\"justify\"><img decoding=\"async\" loading=\"lazy\" class=\"alignleft size-medium wp-image-17542\" src=\"https:\/\/anprotec.org.br\/site\/wp-content\/uploads\/2016\/11\/seminario-1-300x178.jpg\" alt=\"seminario\" width=\"300\" height=\"178\" srcset=\"https:\/\/anprotec.org.br\/site\/wp-content\/uploads\/2016\/11\/seminario-1-300x178.jpg 300w, https:\/\/anprotec.org.br\/site\/wp-content\/uploads\/2016\/11\/seminario-1-270x160.jpg 270w, https:\/\/anprotec.org.br\/site\/wp-content\/uploads\/2016\/11\/seminario-1.jpg 517w\" sizes=\"(max-width: 300px) 100vw, 300px\" \/>Como parte das a\u00e7\u00f5es decorrentes do Programa de Acelera\u00e7\u00e3o e Incuba\u00e7\u00e3o de Impacto em que a Incubadora de Empresas de Base Tecnol\u00f3gica (IEBT\/CenTev) foi uma das vencedoras, foi realizado ontem (28), no Audit\u00f3rio da Engenharia Florestal da Universidade Federal de Vi\u00e7osa (UFV), um Semin\u00e1rio sobre Neg\u00f3cios de Impacto Social.<\/div>\n<div style=\"text-align: justify\" align=\"justify\"><\/div>\n<div style=\"text-align: justify\" align=\"justify\">Os neg\u00f3cios de impacto assumem, em um pa\u00eds como o Brasil &#8211; que ainda \u00e9 prec\u00e1rio em \u00e1reas como sa\u00fade, educa\u00e7\u00e3o, habita\u00e7\u00e3o e servi\u00e7os financeiros -, um papel relevante no caminho para a transforma\u00e7\u00e3o social. Esses empreendimentos t\u00eam a miss\u00e3o expl\u00edcita de gerar benef\u00edcios sociais e\/ou ambientais, ao mesmo tempo em que proveem resultado financeiro positivo e de forma sustent\u00e1vel.<\/div>\n<div style=\"text-align: justify\" align=\"justify\"><\/div>\n<div style=\"text-align: justify\" align=\"justify\"><a href=\"http:\/\/ice.org.br\/negocios-de-impacto\/\" target=\"_blank\"><b><span style=\"color: windowtext\">Programa de Acelera\u00e7\u00e3o e Incuba\u00e7\u00e3o de Impacto<\/span><\/b><\/a><\/div>\n<div style=\"text-align: justify\" align=\"justify\">O Programa de Incuba\u00e7\u00e3o e Acelera\u00e7\u00e3o de Impacto \u00e9 uma parceria entre o Instituto de Cidadania Empresarial (ICE), Anprotec e Sebrae com o objetivo de mobilizar aceleradoras e incubadoras a desenharem estrat\u00e9gias para atrair, selecionar e acompanhar a estrutura\u00e7\u00e3o de Neg\u00f3cios de Impacto Social no seu portf\u00f3lio.<\/div>\n<p>[:]<\/p>\n","protected":false},"excerpt":{"rendered":"<p>[:pt]A Incubadora de Empresas de Base Tecnol\u00f3gica do CenTev promoveu ontem (28) um semin\u00e1rio sobre os neg\u00f3cios de impacto, que assumem papel relevante no caminho para a transforma\u00e7\u00e3o social.[:]<\/p>\n","protected":false},"author":8,"featured_media":17542,"comment_status":"open","ping_status":"open","sticky":false,"template":"","format":"standard","meta":{"footnotes":"","_links_to":"","_links_to_target":""},"categories":[3],"tags":[],"calendar":[],"_links":{"self":[{"href":"https:\/\/anprotec.org.br\/site\/wp-json\/wp\/v2\/posts\/17541"}],"collection":[{"href":"https:\/\/anprotec.org.br\/site\/wp-json\/wp\/v2\/posts"}],"about":[{"href":"https:\/\/anprotec.org.br\/site\/wp-json\/wp\/v2\/types\/post"}],"author":[{"embeddable":true,"href":"https:\/\/anprotec.org.br\/site\/wp-json\/wp\/v2\/users\/8"}],"replies":[{"embeddable":true,"href":"https:\/\/anprotec.org.br\/site\/wp-json\/wp\/v2\/comments?post=17541"}],"version-history":[{"count":2,"href":"https:\/\/anprotec.org.br\/site\/wp-json\/wp\/v2\/posts\/17541\/revisions"}],"predecessor-version":[{"id":17544,"href":"https:\/\/anprotec.org.br\/site\/wp-json\/wp\/v2\/posts\/17541\/revisions\/17544"}],"wp:featuredmedia":[{"embeddable":true,"href":"https:\/\/anprotec.org.br\/site\/wp-json\/wp\/v2\/media\/17542"}],"wp:attachment":[{"href":"https:\/\/anprotec.org.br\/site\/wp-json\/wp\/v2\/media?parent=17541"}],"wp:term":[{"taxonomy":"category","embeddable":true,"href":"https:\/\/anprotec.org.br\/site\/wp-json\/wp\/v2\/categories?post=17541"},{"taxonomy":"post_tag","embeddable":true,"href":"https:\/\/anprotec.org.br\/site\/wp-json\/wp\/v2\/tags?post=17541"},{"taxonomy":"calendar","embeddable":true,"href":"https:\/\/anprotec.org.br\/site\/wp-json\/wp\/v2\/calendar?post=17541"}],"curies":[{"name":"wp","href":"https:\/\/api.w.org\/{rel}","templated":true}]}}