{"id":17529,"date":"2016-11-29T11:52:34","date_gmt":"2016-11-29T14:52:34","guid":{"rendered":"http:\/\/anprotec.org.br\/site\/?p=17529"},"modified":"2016-11-29T15:42:23","modified_gmt":"2016-11-29T18:42:23","slug":"anprotec-conta-experiencias-em-workshop","status":"publish","type":"post","link":"https:\/\/anprotec.org.br\/site\/2016\/11\/anprotec-conta-experiencias-em-workshop\/","title":{"rendered":"[:pt]Anprotec conta experi\u00eancias em workshop[:]"},"content":{"rendered":"<p>[:pt]<\/p>\n<p style=\"text-align: justify\"><img decoding=\"async\" loading=\"lazy\" class=\"alignleft size-medium wp-image-17530\" src=\"https:\/\/anprotec.org.br\/site\/wp-content\/uploads\/2016\/11\/work-300x235.jpg\" alt=\"work\" width=\"300\" height=\"235\" srcset=\"https:\/\/anprotec.org.br\/site\/wp-content\/uploads\/2016\/11\/work-300x235.jpg 300w, https:\/\/anprotec.org.br\/site\/wp-content\/uploads\/2016\/11\/work.jpg 329w\" sizes=\"(max-width: 300px) 100vw, 300px\" \/>Com o objetivo de debater e explorar as oportunidades e desafios do contexto regional da Amaz\u00f4nia Ocidental, a Samsung realiza na tarde de hoje (29), no audit\u00f3rio da Ocean Hall, na Amaz\u00f4nia, o \u201cWorkshop para os Agentes de Inova\u00e7\u00e3o Tecnol\u00f3gica do Amazonas\u201d. O evento busca identificar os desafios t\u00e9cnicos e legais, al\u00e9m de discutir oportunidades de sinergia e parcerias com agentes de inova\u00e7\u00e3o, incubadoras e startups da regi\u00e3o, levando em conta o futuro da lei da inform\u00e1tica.<\/p>\n<p style=\"text-align: justify\">A Superintendente Executiva da Anprotec, Sheila Pires, participa do evento para discutir oportunidades e desafios com os participantes. A representante da Associa\u00e7\u00e3o vai dividir as experi\u00eancias da institui\u00e7\u00e3o na \u00e1rea de inova\u00e7\u00e3o e empreendedorismo, a fim de estimular iniciativas e programas para o ecossistema da Amaz\u00f4nia. Segundo o representante da Samsung, Ant\u00f4nio Marcon, a expectativa \u00e9 que a participa\u00e7\u00e3o da Anprotec aprofunde os la\u00e7os de parceria j\u00e1 estabelecidos entre as duas institui\u00e7\u00f5es, al\u00e9m de ampliar as redes de colabora\u00e7\u00e3o dadas as particularidades legais, t\u00e9cnicas e regionais do contexto Amaz\u00f4nico.<\/p>\n<p style=\"text-align: justify\">Tamb\u00e9m participam dessa troca de experi\u00eancias as organiza\u00e7\u00f5es: Superintend\u00eancia da Zona Franca de Manaus (Suframa); a Funda\u00e7\u00e3o de Amparo \u00e0 Pesquisa do Estado do Amazonas (Fapeam); Rede Amaz\u00f4nica de Institui\u00e7\u00f5es em Prol do Empreendedorismo e Inova\u00e7\u00e3o (Rami); a Federa\u00e7\u00e3o das Ind\u00fastrias do Amazonas (Fieam); o Centro da Ind\u00fastria do Estado do Amazonas (Cieam); o Servi\u00e7o Brasileiro de Apoio \u00e0s Micro e Pequenas Empresas (Sebrae); o Servi\u00e7o Social da Ind\u00fastria (Sesi); e o Servi\u00e7o Nacional de Aprendizagem Industrial (Senai).<\/p>\n<p>[:]<\/p>\n","protected":false},"excerpt":{"rendered":"<p>[:pt]Convidada pela Samsung, a Superintendente Sheila Pires vai dividir as experi\u00eancias na \u00e1rea de inova\u00e7\u00e3o e empreendedorismo com agentes inovadores.[:]<\/p>\n","protected":false},"author":8,"featured_media":17530,"comment_status":"open","ping_status":"open","sticky":false,"template":"","format":"standard","meta":{"footnotes":"","_links_to":"","_links_to_target":""},"categories":[3],"tags":[],"calendar":[],"_links":{"self":[{"href":"https:\/\/anprotec.org.br\/site\/wp-json\/wp\/v2\/posts\/17529"}],"collection":[{"href":"https:\/\/anprotec.org.br\/site\/wp-json\/wp\/v2\/posts"}],"about":[{"href":"https:\/\/anprotec.org.br\/site\/wp-json\/wp\/v2\/types\/post"}],"author":[{"embeddable":true,"href":"https:\/\/anprotec.org.br\/site\/wp-json\/wp\/v2\/users\/8"}],"replies":[{"embeddable":true,"href":"https:\/\/anprotec.org.br\/site\/wp-json\/wp\/v2\/comments?post=17529"}],"version-history":[{"count":6,"href":"https:\/\/anprotec.org.br\/site\/wp-json\/wp\/v2\/posts\/17529\/revisions"}],"predecessor-version":[{"id":17545,"href":"https:\/\/anprotec.org.br\/site\/wp-json\/wp\/v2\/posts\/17529\/revisions\/17545"}],"wp:featuredmedia":[{"embeddable":true,"href":"https:\/\/anprotec.org.br\/site\/wp-json\/wp\/v2\/media\/17530"}],"wp:attachment":[{"href":"https:\/\/anprotec.org.br\/site\/wp-json\/wp\/v2\/media?parent=17529"}],"wp:term":[{"taxonomy":"category","embeddable":true,"href":"https:\/\/anprotec.org.br\/site\/wp-json\/wp\/v2\/categories?post=17529"},{"taxonomy":"post_tag","embeddable":true,"href":"https:\/\/anprotec.org.br\/site\/wp-json\/wp\/v2\/tags?post=17529"},{"taxonomy":"calendar","embeddable":true,"href":"https:\/\/anprotec.org.br\/site\/wp-json\/wp\/v2\/calendar?post=17529"}],"curies":[{"name":"wp","href":"https:\/\/api.w.org\/{rel}","templated":true}]}}