{"id":174,"date":"2012-08-22T12:19:37","date_gmt":"2012-08-22T15:19:37","guid":{"rendered":"http:\/\/douglasdasilva.com.br\/clients\/anprotec\/?p=174"},"modified":"2012-10-18T16:39:59","modified_gmt":"2012-10-18T19:39:59","slug":"fumsoft-seleciona-projetos-para-programa-de-aceleracao-ate-31-de-agosto","status":"publish","type":"post","link":"https:\/\/anprotec.org.br\/site\/2012\/08\/fumsoft-seleciona-projetos-para-programa-de-aceleracao-ate-31-de-agosto\/","title":{"rendered":"Fumsoft seleciona projetos para programa de acelera\u00e7\u00e3o at\u00e9 31 de agosto"},"content":{"rendered":"<p style=\"text-align: justify;\">Empresas startups na \u00e1rea de TI geralmente se desenvolvem com uma velocidade diferente de outros setores. Pensando nessa particularidade, a Fumsoft desenvolveu um programa de apoio que traz para a incubadora os melhores servi\u00e7os e pr\u00e1ticas das aceleradoras. O Edital 01\/2012 j\u00e1 est\u00e1 com inscri\u00e7\u00f5es abertas e selecionar\u00e1 14 empreendimentos que participar\u00e3o do Programa de Acelera\u00e7\u00e3o de Startups da institui\u00e7\u00e3o.<\/p>\n<p style=\"text-align: justify;\">A coordenadora de Empreendedorismo da Fumsoft, Daisy Melo, explica que o novo edital \u00e9 produto de uma reformula\u00e7\u00e3o nos programas de apoio \u00e0s empresas nascentes da entidade. \u201cAdotamos uma metodologia mais din\u00e2mica para trabalhar com as startups, que t\u00eam composi\u00e7\u00e3o mais enxuta e se caracterizam pelo r\u00e1pido crescimento\u201d, esclarece.<\/p>\n<p style=\"text-align: justify;\">Os participantes do programa ter\u00e3o consultorias para otimiza\u00e7\u00e3o do modelo de neg\u00f3cios e estrat\u00e9gia de opera\u00e7\u00e3o, assessoria sobre inova\u00e7\u00e3o de produtos e servi\u00e7os e melhoria na gest\u00e3o do empreendimento, al\u00e9m de orienta\u00e7\u00e3o para o desenvolvimento pessoal do empreendedor. As empresas selecionadas tamb\u00e9m receber\u00e3o qualifica\u00e7\u00e3o em finan\u00e7as, marketing, comercializa\u00e7\u00e3o e acesso a capital, aux\u00edlio na elabora\u00e7\u00e3o de projetos para capta\u00e7\u00e3o de recursos, coaching para elabora\u00e7\u00e3o do pitch e facilidade de acesso a investidores.<\/p>\n<p style=\"text-align: justify;\">O programa oferece quatro vagas para empresas na modalidade residente, que ter\u00e3o sala individual dentro da institui\u00e7\u00e3o e podem usufruir de espa\u00e7os para reuni\u00e3o, conex\u00e3o banda larga \u00e0 internet, recepcionista, sistema de seguran\u00e7a, entre outros. Para participar dessa categoria, as empresas j\u00e1 devem ser formalmente constitu\u00eddas, gerar receita ou ter perspectivas claras de comercializa\u00e7\u00e3o imediata.<\/p>\n<p style=\"text-align: justify;\">J\u00e1 para a modalidade n\u00e3o residente, a Fumsoft selecionar\u00e1 dez empreendimentos, que n\u00e3o precisam estar formalmente registrados. O objetivo \u00e9 ajudar os empreendedores a montar a empresa e desenvolver seu plano de neg\u00f3cios, utilizando metodologias como o Business Model Canvas, Lean Startup e Scrum.<\/p>\n<p style=\"text-align: justify;\">As inscri\u00e7\u00f5es para o programa encerram no dia 31 de agosto. Para mais informa\u00e7\u00f5es, leia o edital completo no site <a href=\"http:\/\/www.fumsoft.org.br\/\">www.fumsoft.org.br<\/a> ou entre em contato com o setor de Empreendedorismo, pelo telefone (31) 3281-1148 ou pelo e-mail empreendedorismo@fumsoft.org.br.<\/p>\n<p>&nbsp;<\/p>\n<p style=\"text-align: right;\"><em>Fonte: Assessoria de Imprensa da Fumsoft\u00a0<\/em><\/p>\n","protected":false},"excerpt":{"rendered":"<p>Edital selecionar\u00e1 14 empreendimentos. Os participantes do programa ter\u00e3o acesso a consultorias para otimiza\u00e7\u00e3o do modelo de neg\u00f3cios e estrat\u00e9gia de opera\u00e7\u00e3o, dentre outros benef\u00edcios.<\/p>\n","protected":false},"author":8,"featured_media":0,"comment_status":"open","ping_status":"open","sticky":false,"template":"","format":"standard","meta":{"footnotes":"","_links_to":"","_links_to_target":""},"categories":[3],"tags":[9],"calendar":[],"_links":{"self":[{"href":"https:\/\/anprotec.org.br\/site\/wp-json\/wp\/v2\/posts\/174"}],"collection":[{"href":"https:\/\/anprotec.org.br\/site\/wp-json\/wp\/v2\/posts"}],"about":[{"href":"https:\/\/anprotec.org.br\/site\/wp-json\/wp\/v2\/types\/post"}],"author":[{"embeddable":true,"href":"https:\/\/anprotec.org.br\/site\/wp-json\/wp\/v2\/users\/8"}],"replies":[{"embeddable":true,"href":"https:\/\/anprotec.org.br\/site\/wp-json\/wp\/v2\/comments?post=174"}],"version-history":[{"count":6,"href":"https:\/\/anprotec.org.br\/site\/wp-json\/wp\/v2\/posts\/174\/revisions"}],"predecessor-version":[{"id":228,"href":"https:\/\/anprotec.org.br\/site\/wp-json\/wp\/v2\/posts\/174\/revisions\/228"}],"wp:attachment":[{"href":"https:\/\/anprotec.org.br\/site\/wp-json\/wp\/v2\/media?parent=174"}],"wp:term":[{"taxonomy":"category","embeddable":true,"href":"https:\/\/anprotec.org.br\/site\/wp-json\/wp\/v2\/categories?post=174"},{"taxonomy":"post_tag","embeddable":true,"href":"https:\/\/anprotec.org.br\/site\/wp-json\/wp\/v2\/tags?post=174"},{"taxonomy":"calendar","embeddable":true,"href":"https:\/\/anprotec.org.br\/site\/wp-json\/wp\/v2\/calendar?post=174"}],"curies":[{"name":"wp","href":"https:\/\/api.w.org\/{rel}","templated":true}]}}