{"id":17350,"date":"2016-11-16T14:05:05","date_gmt":"2016-11-16T17:05:05","guid":{"rendered":"http:\/\/anprotec.org.br\/site\/?p=17350"},"modified":"2016-12-01T16:15:13","modified_gmt":"2016-12-01T19:15:13","slug":"fiemg-abre-inscricoes-para-jornada-de-aceleracao","status":"publish","type":"post","link":"https:\/\/anprotec.org.br\/site\/2016\/11\/fiemg-abre-inscricoes-para-jornada-de-aceleracao\/","title":{"rendered":"[:pt]FIEMG abre inscri\u00e7\u00f5es para jornada de acelera\u00e7\u00e3o[:]"},"content":{"rendered":"<p>[:pt]<div id=\"attachment_17352\" style=\"width: 310px\" class=\"wp-caption alignleft\"><img aria-describedby=\"caption-attachment-17352\" decoding=\"async\" loading=\"lazy\" class=\"size-medium wp-image-17352\" src=\"https:\/\/anprotec.org.br\/site\/wp-content\/uploads\/2016\/11\/e-300x83.png\" alt=\"Texto: FIEMG Lab\" width=\"300\" height=\"83\" srcset=\"https:\/\/anprotec.org.br\/site\/wp-content\/uploads\/2016\/11\/e-300x83.png 300w, https:\/\/anprotec.org.br\/site\/wp-content\/uploads\/2016\/11\/e.png 321w\" sizes=\"(max-width: 300px) 100vw, 300px\" \/><p id=\"caption-attachment-17352\" class=\"wp-caption-text\">Foto: FIEMG Lab<\/p><\/div>\n<p style=\"text-align: justify\">O\u00a0Programa de Acelera\u00e7\u00e3o FIEMG LAB Novos Neg\u00f3cios\u00a0\u00e9 um programa da Federa\u00e7\u00e3o das Ind\u00fastrias do Estado de Minas Gerais \u2013 FIEMG, que surge como um elo entre as ind\u00fastrias do Estado, projetos de base tecnol\u00f3gicas, spin-offs corporativas e startups.<\/p>\n<p style=\"text-align: justify\">O FIEMG Lab est\u00e1 com\u00a0inscri\u00e7\u00f5es abertas at\u00e9 4 de dezembro para selecionar 100 projetos at\u00e9 janeiro de 2017. Durante 18\u00a0meses, os empreededores passar\u00e3o por 4 fases de acelera\u00e7\u00e3o e novas sele\u00e7\u00f5es para que, no final, 5 neg\u00f3cios inovadores tenham o suporte para a expans\u00e3o acelerada e internacionaliza\u00e7\u00e3o.<\/p>\n<p style=\"text-align: justify\">Para mais informa\u00e7\u00f5es e inscri\u00e7\u00e3o, acesse o <a href=\"http:\/\/www.fiemglab.com.br\/\" target=\"_blank\">site<\/a> da\u00a0FIEMG LAB.<br \/>\nD\u00favidas podem ser enviadas no email:\u00a0<a href=\"mailto:falecom@fiemglab.com.br\" target=\"_blank\">falecom@fiemglab.com.br<\/a><\/p>\n<p>[:]<\/p>\n","protected":false},"excerpt":{"rendered":"<p>[:pt]Empreendedores interessados ter\u00e3o at\u00e9 4\/12 para inscreverem seus times no primeiro programa de acelera\u00e7\u00e3o da Federa\u00e7\u00e3o das Ind\u00fastrias do Estado de Minas Gerais.<br \/>\n [:]<\/p>\n","protected":false},"author":8,"featured_media":17351,"comment_status":"open","ping_status":"open","sticky":false,"template":"","format":"standard","meta":{"footnotes":"","_links_to":"","_links_to_target":""},"categories":[3],"tags":[],"calendar":[],"_links":{"self":[{"href":"https:\/\/anprotec.org.br\/site\/wp-json\/wp\/v2\/posts\/17350"}],"collection":[{"href":"https:\/\/anprotec.org.br\/site\/wp-json\/wp\/v2\/posts"}],"about":[{"href":"https:\/\/anprotec.org.br\/site\/wp-json\/wp\/v2\/types\/post"}],"author":[{"embeddable":true,"href":"https:\/\/anprotec.org.br\/site\/wp-json\/wp\/v2\/users\/8"}],"replies":[{"embeddable":true,"href":"https:\/\/anprotec.org.br\/site\/wp-json\/wp\/v2\/comments?post=17350"}],"version-history":[{"count":2,"href":"https:\/\/anprotec.org.br\/site\/wp-json\/wp\/v2\/posts\/17350\/revisions"}],"predecessor-version":[{"id":17574,"href":"https:\/\/anprotec.org.br\/site\/wp-json\/wp\/v2\/posts\/17350\/revisions\/17574"}],"wp:featuredmedia":[{"embeddable":true,"href":"https:\/\/anprotec.org.br\/site\/wp-json\/wp\/v2\/media\/17351"}],"wp:attachment":[{"href":"https:\/\/anprotec.org.br\/site\/wp-json\/wp\/v2\/media?parent=17350"}],"wp:term":[{"taxonomy":"category","embeddable":true,"href":"https:\/\/anprotec.org.br\/site\/wp-json\/wp\/v2\/categories?post=17350"},{"taxonomy":"post_tag","embeddable":true,"href":"https:\/\/anprotec.org.br\/site\/wp-json\/wp\/v2\/tags?post=17350"},{"taxonomy":"calendar","embeddable":true,"href":"https:\/\/anprotec.org.br\/site\/wp-json\/wp\/v2\/calendar?post=17350"}],"curies":[{"name":"wp","href":"https:\/\/api.w.org\/{rel}","templated":true}]}}