{"id":17268,"date":"2016-11-08T17:32:22","date_gmt":"2016-11-08T20:32:22","guid":{"rendered":"http:\/\/anprotec.org.br\/site\/?p=17268"},"modified":"2016-12-08T11:38:58","modified_gmt":"2016-12-08T14:38:58","slug":"anprotec-convida-para-assembleias-gerais","status":"publish","type":"post","link":"https:\/\/anprotec.org.br\/site\/2016\/11\/anprotec-convida-para-assembleias-gerais\/","title":{"rendered":"[:pt]Anprotec convida para Assembleias Gerais[:]"},"content":{"rendered":"<p>[:pt]<\/p>\n<div align=\"justify\">\n<div id=\"attachment_17269\" style=\"width: 310px\" class=\"wp-caption alignleft\"><img aria-describedby=\"caption-attachment-17269\" decoding=\"async\" loading=\"lazy\" class=\"wp-image-17269 size-medium\" src=\"https:\/\/anprotec.org.br\/site\/wp-content\/uploads\/2016\/11\/shutterstock_377365252-300x200.jpg\" alt=\"shutterstock_377365252\" width=\"300\" height=\"200\" srcset=\"https:\/\/anprotec.org.br\/site\/wp-content\/uploads\/2016\/11\/shutterstock_377365252-300x200.jpg 300w, https:\/\/anprotec.org.br\/site\/wp-content\/uploads\/2016\/11\/shutterstock_377365252-768x512.jpg 768w, https:\/\/anprotec.org.br\/site\/wp-content\/uploads\/2016\/11\/shutterstock_377365252.jpg 1000w\" sizes=\"(max-width: 300px) 100vw, 300px\" \/><p id=\"caption-attachment-17269\" class=\"wp-caption-text\">Foto: shutterstock<\/p><\/div>\n<p>A Anprotec convoca todos os seus associados a participarem de suas 11\u00aa e 12\u00aa Assembleia Geral Extraordin\u00e1ria, que ser\u00e3o realizadas em Bras\u00edlia (DF), no dia 8 de dezembro.<\/p>\n<p>A 11\u00aa Assembleia ser\u00e1 \u00e0s 10h, em primeira convoca\u00e7\u00e3o e \u00e0s 10h30, em segunda e \u00faltima convoca\u00e7\u00e3o, com a seguinte pauta:<\/p>\n<p>&#8211; An\u00e1lise e aprova\u00e7\u00e3o das propostas de altera\u00e7\u00e3o do Estatuto da Associa\u00e7\u00e3o.<\/p>\n<p>J\u00e1 a 12\u00aa Assembleia ser\u00e1 \u00e0s 11h, em primeira convoca\u00e7\u00e3o e \u00e0s 11h30, em segunda e \u00faltima convoca\u00e7\u00e3o, com as seguintes pautas:<\/p>\n<p>&#8211; Movimenta\u00e7\u00e3o de associados.<\/p>\n<p>&#8211; Apresenta\u00e7\u00e3o dos resultados das a\u00e7\u00f5es e projetos de 2016.<\/p>\n<p>&#8211; Apresenta\u00e7\u00e3o da presta\u00e7\u00e3o de contas de 2015.<\/p>\n<p>&#8211; Aprova\u00e7\u00e3o do or\u00e7amento para 2017.<\/p>\n<p>&#8211; Aprova\u00e7\u00e3o do reajuste da anuidade para 2017.<\/p>\n<p>&#8211; \u00a0Delibera\u00e7\u00f5es sobre as disposi\u00e7\u00f5es transit\u00f3rias do novo Estatuto, se aprovado; e outros assuntos.<\/p>\n<p>As Assembleias ser\u00e3o realizadas no Hotel Mercure Bras\u00edlia Eixo Monumental, localizado no SHN, Quadra 5, Bloco G, em Bras\u00edlia (DF). Podem participar, com direito a voto, os associados titulares em dia com a anuidade, devidamente representados na forma de seus estatutos ou por procuradores (baixe <a href=\"http:\/\/www.anprotec.org.br\/moc\/Modelo_Procuracao.doc\">aqui<\/a> o modelo de procura\u00e7\u00e3o).<\/p>\n<p>Confira a Convoca\u00e7\u00e3o Oficial da <a href=\"http:\/\/www.anprotec.org.br\/moc\/Convocacao%2011%C2%AA_Assembleia%20Extraordin%C3%A1ria.pdf\" target=\"_blank\">11\u00aa<\/a> e <a href=\"http:\/\/www.anprotec.org.br\/moc\/Convocacao%2012%C2%AA_Assembleia%20Extraordin%C3%A1ria.pdf\" target=\"_blank\">12\u00aa<\/a> Assembleia.<\/p>\n<p>&nbsp;<\/p>\n<\/div>\n<p>[:]<\/p>\n","protected":false},"excerpt":{"rendered":"<p>[:pt] A Anprotec convoca todos os seus associados a participarem<span class=\"excerpt-hellip\"> [\u2026]<\/span><\/p>\n","protected":false},"author":8,"featured_media":17270,"comment_status":"open","ping_status":"open","sticky":false,"template":"","format":"standard","meta":{"footnotes":"","_links_to":"","_links_to_target":""},"categories":[3],"tags":[],"calendar":[],"_links":{"self":[{"href":"https:\/\/anprotec.org.br\/site\/wp-json\/wp\/v2\/posts\/17268"}],"collection":[{"href":"https:\/\/anprotec.org.br\/site\/wp-json\/wp\/v2\/posts"}],"about":[{"href":"https:\/\/anprotec.org.br\/site\/wp-json\/wp\/v2\/types\/post"}],"author":[{"embeddable":true,"href":"https:\/\/anprotec.org.br\/site\/wp-json\/wp\/v2\/users\/8"}],"replies":[{"embeddable":true,"href":"https:\/\/anprotec.org.br\/site\/wp-json\/wp\/v2\/comments?post=17268"}],"version-history":[{"count":3,"href":"https:\/\/anprotec.org.br\/site\/wp-json\/wp\/v2\/posts\/17268\/revisions"}],"predecessor-version":[{"id":17298,"href":"https:\/\/anprotec.org.br\/site\/wp-json\/wp\/v2\/posts\/17268\/revisions\/17298"}],"wp:featuredmedia":[{"embeddable":true,"href":"https:\/\/anprotec.org.br\/site\/wp-json\/wp\/v2\/media\/17270"}],"wp:attachment":[{"href":"https:\/\/anprotec.org.br\/site\/wp-json\/wp\/v2\/media?parent=17268"}],"wp:term":[{"taxonomy":"category","embeddable":true,"href":"https:\/\/anprotec.org.br\/site\/wp-json\/wp\/v2\/categories?post=17268"},{"taxonomy":"post_tag","embeddable":true,"href":"https:\/\/anprotec.org.br\/site\/wp-json\/wp\/v2\/tags?post=17268"},{"taxonomy":"calendar","embeddable":true,"href":"https:\/\/anprotec.org.br\/site\/wp-json\/wp\/v2\/calendar?post=17268"}],"curies":[{"name":"wp","href":"https:\/\/api.w.org\/{rel}","templated":true}]}}