{"id":17259,"date":"2016-11-08T15:21:53","date_gmt":"2016-11-08T18:21:53","guid":{"rendered":"http:\/\/anprotec.org.br\/site\/?p=17259"},"modified":"2016-11-08T15:40:25","modified_gmt":"2016-11-08T18:40:25","slug":"incobra-promove-terceira-webinar","status":"publish","type":"post","link":"https:\/\/anprotec.org.br\/site\/2016\/11\/incobra-promove-terceira-webinar\/","title":{"rendered":"[:pt]Incobra promove terceira webinar[:]"},"content":{"rendered":"<p>[:pt]<\/p>\n<p style=\"text-align: justify\"><img decoding=\"async\" loading=\"lazy\" class=\"alignleft size-medium wp-image-17261\" src=\"https:\/\/anprotec.org.br\/site\/wp-content\/uploads\/2016\/11\/incobra_logo-300x156.png\" alt=\"incobra_logo\" width=\"300\" height=\"156\" srcset=\"https:\/\/anprotec.org.br\/site\/wp-content\/uploads\/2016\/11\/incobra_logo-300x156.png 300w, https:\/\/anprotec.org.br\/site\/wp-content\/uploads\/2016\/11\/incobra_logo-768x399.png 768w, https:\/\/anprotec.org.br\/site\/wp-content\/uploads\/2016\/11\/incobra_logo.png 800w\" sizes=\"(max-width: 300px) 100vw, 300px\" \/>O cons\u00f3rcio internacional Incobra (Increasing International Science, Technology and Innovation Cooperation between Brazil and the European Union) promove nesta quarta-feira (9) o webinar (semin\u00e1rio via web) &#8220;Pr\u00f3ximas oportunidades de coopera\u00e7\u00e3o em Ci\u00eancia, Tecnologia e Inova\u00e7\u00e3o entre UE-BR no \u00e2mbito H2020 e do mecanismo de co-financiamento do Brasil&#8221;.<br \/>\nO semin\u00e1rio online ser\u00e1 \u00e0s 12h (hor\u00e1rio de Bras\u00edlia) e ter\u00e1 foco na pr\u00f3xima chamada H2020 \u201cProte\u00e7\u00e3o de todos os usu\u00e1rios de estrada em acidentes&#8221;. O semin\u00e1rio ter\u00e1 dura\u00e7\u00e3o de uma hora e ser\u00e1 ministrado em ingl\u00eas. As inscri\u00e7\u00f5es podem ser feitas <a href=\"https:\/\/attendee.gotowebinar.com\/register\/4282406853359152387\" target=\"_blank\">aqui<\/a>.<\/p>\n<p style=\"text-align: justify\">Na oportunidade, ser\u00e1 apresentado o mecanismo de co-financiamento das FAP&#8217;s, que abre a possibilidade de participar de todos os convites H2020 aos atores brasileiros de pesquisa e inova\u00e7\u00e3o. As FAP\u2019s brasileiras ser\u00e3o ouvidas em rela\u00e7\u00e3o a oportunidades dispon\u00edveis e dicas pr\u00e1ticas sobre como ascess\u00e1-las.<\/p>\n<p style=\"text-align: justify\">Para mais informa\u00e7\u00f5es, acesse o site da <a href=\"https:\/\/www.incobra.eu\/en\/object\/event\/168\" target=\"_blank\">Incobra<\/a>.<\/p>\n<p><strong>Incobra<\/strong><br \/>\nO Cons\u00f3rcio Internacional \u00e9 formado por 14 institui\u00e7\u00f5es &#8211; sete europeias e outras sete do Brasil &#8211; e tem como meta criar bases para ampliar, melhorar e intensificar coopera\u00e7\u00f5es entre entes do velho continente e do Brasil. O projeto \u00e9 financiado pela Uni\u00e3o Europeia por meio do programa Horizonte 20-20 com dura\u00e7\u00e3o de 36 meses. Ele priorizar\u00e1 quatro \u00e1reas de pesquisa e inova\u00e7\u00e3o: agroalimentar; tecnologias da informa\u00e7\u00e3o e comunica\u00e7\u00e3o (TICs); energia; e nanotecnologia. Estas \u00e1reas foram escolhidas por serem os setores que a pr\u00f3pria Uni\u00e3o Europeia considera como priorit\u00e1rias para coopera\u00e7\u00e3o com o Brasil em pesquisa e inova\u00e7\u00e3o.[:]<\/p>\n","protected":false},"excerpt":{"rendered":"<p>[:pt]O semin\u00e1rio online \u201cPr\u00f3ximas oportunidades de coopera\u00e7\u00e3o em CT&amp;I entre UE-BR no \u00e2mbito H2020 e do mecanismo de co-financiamento do Brasil&#8221; ser\u00e1 nesta quarta-feira (9).[:]<\/p>\n","protected":false},"author":8,"featured_media":17262,"comment_status":"open","ping_status":"open","sticky":false,"template":"","format":"standard","meta":{"footnotes":"","_links_to":"","_links_to_target":""},"categories":[3],"tags":[],"calendar":[],"_links":{"self":[{"href":"https:\/\/anprotec.org.br\/site\/wp-json\/wp\/v2\/posts\/17259"}],"collection":[{"href":"https:\/\/anprotec.org.br\/site\/wp-json\/wp\/v2\/posts"}],"about":[{"href":"https:\/\/anprotec.org.br\/site\/wp-json\/wp\/v2\/types\/post"}],"author":[{"embeddable":true,"href":"https:\/\/anprotec.org.br\/site\/wp-json\/wp\/v2\/users\/8"}],"replies":[{"embeddable":true,"href":"https:\/\/anprotec.org.br\/site\/wp-json\/wp\/v2\/comments?post=17259"}],"version-history":[{"count":3,"href":"https:\/\/anprotec.org.br\/site\/wp-json\/wp\/v2\/posts\/17259\/revisions"}],"predecessor-version":[{"id":17266,"href":"https:\/\/anprotec.org.br\/site\/wp-json\/wp\/v2\/posts\/17259\/revisions\/17266"}],"wp:featuredmedia":[{"embeddable":true,"href":"https:\/\/anprotec.org.br\/site\/wp-json\/wp\/v2\/media\/17262"}],"wp:attachment":[{"href":"https:\/\/anprotec.org.br\/site\/wp-json\/wp\/v2\/media?parent=17259"}],"wp:term":[{"taxonomy":"category","embeddable":true,"href":"https:\/\/anprotec.org.br\/site\/wp-json\/wp\/v2\/categories?post=17259"},{"taxonomy":"post_tag","embeddable":true,"href":"https:\/\/anprotec.org.br\/site\/wp-json\/wp\/v2\/tags?post=17259"},{"taxonomy":"calendar","embeddable":true,"href":"https:\/\/anprotec.org.br\/site\/wp-json\/wp\/v2\/calendar?post=17259"}],"curies":[{"name":"wp","href":"https:\/\/api.w.org\/{rel}","templated":true}]}}