{"id":167,"date":"2012-08-22T12:14:13","date_gmt":"2012-08-22T15:14:13","guid":{"rendered":"http:\/\/douglasdasilva.com.br\/clients\/anprotec\/?p=167"},"modified":"2012-10-18T16:47:23","modified_gmt":"2012-10-18T19:47:23","slug":"nucleo-do-parque-tecnologico-de-piracicaba-e-inaugurado","status":"publish","type":"post","link":"https:\/\/anprotec.org.br\/site\/2012\/08\/nucleo-do-parque-tecnologico-de-piracicaba-e-inaugurado\/","title":{"rendered":"N\u00facleo do Parque Tecnol\u00f3gico de Piracicaba \u00e9 inaugurado"},"content":{"rendered":"<p style=\"text-align: justify;\">O pr\u00e9dio do N\u00facleo do Parque Tecnol\u00f3gico \u201cEmilio Bruno Germek\u201d, localizado em Piracicaba (SP), foi lan\u00e7ado na \u00faltima ter\u00e7a-feira, 21 de agosto, pelo Governo de S\u00e3o Paulo e pela Prefeitura do Munic\u00edpio. O objetivo do parque, que possui \u00e1rea de cerca de 700 mil m\u00b2, \u00e9 promover a coopera\u00e7\u00e3o entre centros de pesquisa, universidades e empresas, al\u00e9m de oferecer suporte para atividades empresariais do setor de Energia. No Parque j\u00e1 est\u00e3o instalados os pr\u00e9dios da Faculdade de Tecnologia de Piracicaba (Fatec), do Instituto Federal de Educa\u00e7\u00e3o, Ci\u00eancia e Tecnologia (IFSP) e da Ra\u00edzen.<\/p>\n<p style=\"text-align: justify;\">O n\u00facleo, que funcionar\u00e1 como incubadora e centro administrativo do parque, disponibilizar\u00e1 espa\u00e7os para abrigar empresas de base tecnol\u00f3gica. O pr\u00e9dio conta com 27 m\u00f3dulos, al\u00e9m de secretaria, audit\u00f3rio e laborat\u00f3rios Existem 12 empresas interessadas em ocupar espa\u00e7os no local, sendo que oito delas j\u00e1 passaram pela an\u00e1lise do Arranjo Produtivo Local do \u00c1lcool (Apla), que, al\u00e9m de avaliar o pedido das empresas, administra o Parque.<\/p>\n<p style=\"text-align: justify;\">Os programas de inova\u00e7\u00e3o tecnol\u00f3gica, servi\u00e7os associados e empreendimentos que ser\u00e3o desenvolvidos no Parque Tecnol\u00f3gico de Piracicaba ter\u00e3o como foco tecnologias para a convers\u00e3o de diversas fontes de biomassa em combust\u00edveis renov\u00e1veis. At\u00e9 agora, foram investidos cerca de R$ 80 milh\u00f5es no parque.<\/p>\n<p style=\"text-align: justify;\">O parque \u00e9 uma a\u00e7\u00e3o da Prefeitura de Piracicaba e Governo de S\u00e3o Paulo. A gest\u00e3o do ambiente \u00e9 realizada pelo Apla.<\/p>\n","protected":false},"excerpt":{"rendered":"<p>O n\u00facleo, que funcionar\u00e1 como incubadora e centro administrativo, disponibilizar\u00e1 27 m\u00f3dulos para abrigar empresas de base tecnol\u00f3gica. Parque pretende incentivar pesquisas sobre biocombust\u00edveis.<\/p>\n","protected":false},"author":8,"featured_media":0,"comment_status":"open","ping_status":"open","sticky":false,"template":"","format":"standard","meta":{"footnotes":"","_links_to":"","_links_to_target":""},"categories":[3],"tags":[9],"calendar":[],"_links":{"self":[{"href":"https:\/\/anprotec.org.br\/site\/wp-json\/wp\/v2\/posts\/167"}],"collection":[{"href":"https:\/\/anprotec.org.br\/site\/wp-json\/wp\/v2\/posts"}],"about":[{"href":"https:\/\/anprotec.org.br\/site\/wp-json\/wp\/v2\/types\/post"}],"author":[{"embeddable":true,"href":"https:\/\/anprotec.org.br\/site\/wp-json\/wp\/v2\/users\/8"}],"replies":[{"embeddable":true,"href":"https:\/\/anprotec.org.br\/site\/wp-json\/wp\/v2\/comments?post=167"}],"version-history":[{"count":4,"href":"https:\/\/anprotec.org.br\/site\/wp-json\/wp\/v2\/posts\/167\/revisions"}],"predecessor-version":[{"id":442,"href":"https:\/\/anprotec.org.br\/site\/wp-json\/wp\/v2\/posts\/167\/revisions\/442"}],"wp:attachment":[{"href":"https:\/\/anprotec.org.br\/site\/wp-json\/wp\/v2\/media?parent=167"}],"wp:term":[{"taxonomy":"category","embeddable":true,"href":"https:\/\/anprotec.org.br\/site\/wp-json\/wp\/v2\/categories?post=167"},{"taxonomy":"post_tag","embeddable":true,"href":"https:\/\/anprotec.org.br\/site\/wp-json\/wp\/v2\/tags?post=167"},{"taxonomy":"calendar","embeddable":true,"href":"https:\/\/anprotec.org.br\/site\/wp-json\/wp\/v2\/calendar?post=167"}],"curies":[{"name":"wp","href":"https:\/\/api.w.org\/{rel}","templated":true}]}}